{"id":161349,"date":"2016-08-18T22:16:29","date_gmt":"2016-08-18T19:16:29","guid":{"rendered":"https:\/\/analyse.optim.biz\/?p=161349"},"modified":"2016-08-18T22:16:29","modified_gmt":"2016-08-18T19:16:29","slug":"traian-basescu-o-da-in-judecata-pe-fost-nora-a-lui-virgil-magureanu","status":"publish","type":"post","link":"https:\/\/analyse.optim.biz\/?p=161349","title":{"rendered":"Traian B\u0103sescu o d\u0103 \u00een judecat\u0103 pe fost nor\u0103 a lui Virgil M\u0103gureanu"},"content":{"rendered":"<div class=\"entry data-app-meta data-app-meta-article\" data-embed-base-url-canonical=\"https:\/\/www.digi24.ro\/embed\/stiri\/actualitate\/justitie\/traian-basescu-o-da-in-judecata-pe-fost-nora-a-lui-virgil-magureanu-551211\">\n<p data-index=\"1\">Fostul pre\u015fedinte Traian Basescu a dat-o \u00een judecat\u0103 pe Alina Petre, fosta nor\u0103 a lui Virgil M\u0103gureanu. Ac\u0163iunea a fost \u00eenregistrat\u0103 pe rolul Judecatoriei Sector 1, motivul fiind c\u0103 Alina Petre ar fi dezinformat opinia public\u0103.<\/p>\n<p data-index=\"2\"><span lang=\"ro-RO\">Traian Basescu se refer\u0103 la afirma\u0163ia c\u0103 ar fi avut cuno\u015ftint\u0103 despre dispari\u0163ia lui Codru\u0163 Marta, fost consilier al lui Sorin Blejnar, \u00een perioada \u00een care acesta conducea Fiscul. <\/span><\/p>\n<p data-index=\"3\"><span lang=\"ro-RO\">Fostul pre\u015fedinte \u00eel cheam\u0103 \u00een instan\u0163\u0103 \u015fi pe Florin Ghiulbenghian, cel care a \u00eenso\u0163it-o pe Alina Petre at\u00e2t la sediul central al DNA, c\u00e2t \u015fi la structura de la Ploie\u0219ti, pentru a depune diverse denun\u0163uri \u00eempotriva unor persoane cu func\u0163ii \u00eenalte \u00een stat.<\/span><\/p>\n<\/div>\n<p> Source URL: https:\/\/www.digi24.ro\/stiri\/actualitate\/justitie\/traian-basescu-o-da-in-judecata-pe-fost-nora-a-lui-virgil-magureanu-551211<\/p>\n","protected":false},"excerpt":{"rendered":"<p>Fostul pre\u015fedinte Traian Basescu a dat-o \u00een judecat\u0103 pe Alina Petre, fosta nor\u0103 a lui Virgil M\u0103gureanu. Ac\u0163iunea a fost \u00eenregistrat\u0103 pe rolul Judecatoriei Sector 1, motivul fiind c\u0103 Alina Petre ar fi dezinformat opinia public\u0103. Traian Basescu se refer\u0103 la afirma\u0163ia c\u0103 ar fi avut cuno\u015ftint\u0103 despre dispari\u0163ia lui Codru\u0163 Marta, fost consilier al [&hellip;]<\/p>\n","protected":false},"author":1,"featured_media":161350,"comment_status":"open","ping_status":"","sticky":false,"template":"","format":"standard","meta":{"footnotes":""},"categories":[2],"tags":[11],"class_list":["post-161349","post","type-post","status-publish","format-standard","has-post-thumbnail","hentry","category-politics","tag-digi24"],"_links":{"self":[{"href":"https:\/\/analyse.optim.biz\/index.php?rest_route=\/wp\/v2\/posts\/161349","targetHints":{"allow":["GET"]}}],"collection":[{"href":"https:\/\/analyse.optim.biz\/index.php?rest_route=\/wp\/v2\/posts"}],"about":[{"href":"https:\/\/analyse.optim.biz\/index.php?rest_route=\/wp\/v2\/types\/post"}],"author":[{"embeddable":true,"href":"https:\/\/analyse.optim.biz\/index.php?rest_route=\/wp\/v2\/users\/1"}],"replies":[{"embeddable":true,"href":"https:\/\/analyse.optim.biz\/index.php?rest_route=%2Fwp%2Fv2%2Fcomments&post=161349"}],"version-history":[{"count":0,"href":"https:\/\/analyse.optim.biz\/index.php?rest_route=\/wp\/v2\/posts\/161349\/revisions"}],"wp:featuredmedia":[{"embeddable":true,"href":"https:\/\/analyse.optim.biz\/index.php?rest_route=\/wp\/v2\/media\/161350"}],"wp:attachment":[{"href":"https:\/\/analyse.optim.biz\/index.php?rest_route=%2Fwp%2Fv2%2Fmedia&parent=161349"}],"wp:term":[{"taxonomy":"category","embeddable":true,"href":"https:\/\/analyse.optim.biz\/index.php?rest_route=%2Fwp%2Fv2%2Fcategories&post=161349"},{"taxonomy":"post_tag","embeddable":true,"href":"https:\/\/analyse.optim.biz\/index.php?rest_route=%2Fwp%2Fv2%2Ftags&post=161349"}],"curies":[{"name":"wp","href":"https:\/\/api.w.org\/{rel}","templated":true}]}}