{"id":161335,"date":"2016-08-19T12:56:33","date_gmt":"2016-08-19T09:56:33","guid":{"rendered":"https:\/\/analyse.optim.biz\/?p=161335"},"modified":"2016-08-19T12:56:33","modified_gmt":"2016-08-19T09:56:33","slug":"dacian-ciolos-atac-la-guvernul-ponta-pe-tema-absorbtiei-fondurilor-europene","status":"publish","type":"post","link":"https:\/\/analyse.optim.biz\/?p=161335","title":{"rendered":"Dacian Ciolo\u0219, atac la Guvernul Ponta pe tema absorb\u021biei fondurilor europene"},"content":{"rendered":"<div class=\"entry data-app-meta data-app-meta-article\" data-embed-base-url-canonical=\"https:\/\/www.digi24.ro\/embed\/stiri\/actualitate\/politica\/dacian-ciolos-atac-la-guvernul-ponta-pe-tema-absorbtiei-fondurilor-europene-551321\">\n<p data-index=\"1\"><span lang=\"ro-RO\">Premierul Dacian Ciolo\u0219 a criticat guvernul Ponta, \u00een leg\u0103tur\u0103 cu absorb\u0163ia fondurilor europene. Premierul a declarat pentru\u00a0<\/span><span lang=\"ro-RO\">Hotnews\u00a0c\u0103 fosta guvernare nu a f\u0103cut mai nimic pentru preg\u0103tirea programului 2014-2020 \u015fi c\u0103 orice atac la adresa actualului cabinet este deplasat.<\/span><\/p>\n<p data-index=\"2\"><em>\u201e<\/em><span lang=\"ro-RO\"><em>Absorb\u021bia efectiv\u0103 pentru 2014 &#8211; 2020 a \u00eenceput \u00een mai 2016, la aproape doi ani \u0219i jum\u0103tate de la \u00eenceperea exerci\u021biului bugetar, dup\u0103 ce am des\u0163elenit buruieni\u0219ul l\u0103sat de cei care acum strig\u0103 de pe margine.\u00a0<\/em><\/span><em>\u00centre timp, am lansat ghiduri \u0219i proiecte pentru 13 miliarde de euro, dintre care unele pentru autostr\u0103zi, termoficare sau reducerea abandonului \u0219colar. \u00cen paralel, se lucreaz\u0103 la pachetul de acreditare. Cel mai probabil, odat\u0103 ce Autorit\u0103\u021bile de Management vor fi acreditate, \u00een anul 2017 Rom\u00e2nia va beneficia de ramburs\u0103ri \u00een valoare de aproape 4 miliarde de euro&#8221;<\/em>, a declarat Dacian Ciolo\u015f pentru <a href=\"http:\/\/www.hotnews.ro\/stiri-esential-21235848-dacian-ciolos-despre-absorbtia-fondurilor-destelenit-buruienisul-lasat-cei-care-acum-striga-margine-noiembrie-anul-trecut-marile-proiecte-investitii-erau-blocate.htm\" target=\"_blank\" data-skip-linkfix=\"1\" rel=\"noopener\">HotNews.ro<\/a>.<\/p>\n<p data-index=\"3\">\u00centrebat despre cum merge absorb\u0163ia fondurilor europene pe noul program, \u015feful Executivului a spus c\u0103 rata de absorb\u0163ie este undeva la 1%, dar c\u0103 sunt multe state membre care nu au ajuns nici m\u0103car acolo. \u00cen prezent, media european\u0103 de absorb\u0163ie este de 1,5 la sut\u0103.<\/p>\n<p data-index=\"4\"><em>\u201eDac\u0103 vorbim de absorb\u021bia pentru perioada 2014-2020, din c\u00e2te \u0219tiu, este ceva sub media media european\u0103, care e la nivelul de 1,5%. Da, 1,5% media la nivel european, \u00een vreme ce noi suntem pe la 1% \u0219i sunt \u00eenc\u0103 multe state membre care nu au nici m\u0103car at\u00e2t. De ce nu e mai mult nici la nivel european? E foarte simplu.\u00a0<\/em><em>In primul r\u00e2nd, &#8211; \u0219i lucrurile sunt cunoscute foarte bine, inclusiv de liderii politici pe care i-a\u021bi mentionat, absorb\u021bia fondurilor europene nu este liniar\u0103. \u00cen primii ani ai exerci\u021biului bugetar, \u00een cazul nostru 2014-2020, absorb\u021bia este mic\u0103 &#8211; se fac acredit\u0103rile institu\u021biilor, se lanseaz\u0103 programele, ghidurile, licita\u021biile \u0219i apoi demareaz\u0103 proiectele. Absorb\u021bia propriu-zis\u0103 a fondurilor \u00eencepe s\u0103 creasc\u0103 semnificativ \u00een a doua jum\u0103tate a perioadei financiare\u201d<\/em>, a explicat Dacian Ciolo\u0219.\u00a0<\/p>\n<div id=\"zc_site_640x160_adtext\" class=\"zc_640x160_adtext zc_640x160_adtext_empty zc_empty zc_site_640x160_adtext_empty \">\u00a0<\/div>\n<h5>Citi\u021bi \u0219i:<\/h5>\n<h5><a href=\"https:\/\/www.digi24.ro\/Stiri\/Digi24\/Actualitate\/Politica\/Politicieni+sau+tehnocrati\" target=\"_blank\" data-skip-linkfix=\"1\" rel=\"noopener\"><span lang=\"ro-RO\">Politicieni \u00een conflict cu tehnocra\u021bii<\/span><\/a><\/h5>\n<h5><a href=\"https:\/\/www.digi24.ro\/Stiri\/Digi24\/Actualitate\/Politica\/Traian+Basescu+Nu+veti+mai+gasi+un+alt+Emil+Boc+Ciolos+slefuit+i\" target=\"_blank\" data-skip-linkfix=\"1\" rel=\"noopener\"><span lang=\"ro-RO\">Tr\u0103ian B\u0103sescu: Nu ve\u0163i mai g\u0103si un alt Emil Boc! Ciolo\u015f, \u015flefuit \u00een cabinetele de la Bruxelles, i-a p\u0103c\u0103lit pe rom\u00e2ni cu \u015ftaif<\/span><\/a><\/h5>\n<\/div>\n<p> Source URL: https:\/\/www.digi24.ro\/stiri\/actualitate\/politica\/dacian-ciolos-atac-la-guvernul-ponta-pe-tema-absorbtiei-fondurilor-europene-551321<\/p>\n","protected":false},"excerpt":{"rendered":"<p>Premierul Dacian Ciolo\u0219 a criticat guvernul Ponta, \u00een leg\u0103tur\u0103 cu absorb\u0163ia fondurilor europene. Premierul a declarat pentru\u00a0Hotnews\u00a0c\u0103 fosta guvernare nu a f\u0103cut mai nimic pentru preg\u0103tirea programului 2014-2020 \u015fi c\u0103 orice atac la adresa actualului cabinet este deplasat. \u201eAbsorb\u021bia efectiv\u0103 pentru 2014 &#8211; 2020 a \u00eenceput \u00een mai 2016, la aproape doi ani \u0219i jum\u0103tate [&hellip;]<\/p>\n","protected":false},"author":1,"featured_media":161336,"comment_status":"open","ping_status":"","sticky":false,"template":"","format":"standard","meta":{"footnotes":""},"categories":[2],"tags":[11],"class_list":["post-161335","post","type-post","status-publish","format-standard","has-post-thumbnail","hentry","category-politics","tag-digi24"],"_links":{"self":[{"href":"https:\/\/analyse.optim.biz\/index.php?rest_route=\/wp\/v2\/posts\/161335","targetHints":{"allow":["GET"]}}],"collection":[{"href":"https:\/\/analyse.optim.biz\/index.php?rest_route=\/wp\/v2\/posts"}],"about":[{"href":"https:\/\/analyse.optim.biz\/index.php?rest_route=\/wp\/v2\/types\/post"}],"author":[{"embeddable":true,"href":"https:\/\/analyse.optim.biz\/index.php?rest_route=\/wp\/v2\/users\/1"}],"replies":[{"embeddable":true,"href":"https:\/\/analyse.optim.biz\/index.php?rest_route=%2Fwp%2Fv2%2Fcomments&post=161335"}],"version-history":[{"count":0,"href":"https:\/\/analyse.optim.biz\/index.php?rest_route=\/wp\/v2\/posts\/161335\/revisions"}],"wp:featuredmedia":[{"embeddable":true,"href":"https:\/\/analyse.optim.biz\/index.php?rest_route=\/wp\/v2\/media\/161336"}],"wp:attachment":[{"href":"https:\/\/analyse.optim.biz\/index.php?rest_route=%2Fwp%2Fv2%2Fmedia&parent=161335"}],"wp:term":[{"taxonomy":"category","embeddable":true,"href":"https:\/\/analyse.optim.biz\/index.php?rest_route=%2Fwp%2Fv2%2Fcategories&post=161335"},{"taxonomy":"post_tag","embeddable":true,"href":"https:\/\/analyse.optim.biz\/index.php?rest_route=%2Fwp%2Fv2%2Ftags&post=161335"}],"curies":[{"name":"wp","href":"https:\/\/api.w.org\/{rel}","templated":true}]}}