{"id":161332,"date":"2016-08-19T13:43:42","date_gmt":"2016-08-19T10:43:42","guid":{"rendered":"https:\/\/analyse.optim.biz\/?p=161332"},"modified":"2016-08-19T13:43:42","modified_gmt":"2016-08-19T10:43:42","slug":"deputatul-diana-tusa-a-demisionat-din-pnl-partidul-nu-mai-are-nevoie-de-oameni-cu-idei-noi-trebuie-sa-facem-doar-opozitia","status":"publish","type":"post","link":"https:\/\/analyse.optim.biz\/?p=161332","title":{"rendered":"Deputatul Diana Tu\u0219a a demisionat din PNL: Partidul nu mai are nevoie de oameni cu idei, noi trebuie s\u0103 facem doar opozi\u021bia"},"content":{"rendered":"<div class=\"entry data-app-meta data-app-meta-article\" data-embed-base-url-canonical=\"https:\/\/www.digi24.ro\/embed\/stiri\/actualitate\/politica\/deputatul-diana-tusa-a-demisionat-din-pnl-partidul-nu-mai-are-nevoie-de-oameni-cu-idei-noi-trebuie-sa-facem-doar-opozitia-551357\">\n<p class=\"articleLead mceAutoSelect\" data-index=\"1\">Deputatul PNL Diana Tu\u015fa a demisionat, joi, din partid, \u00een cadrul Adun\u0103rii generale de alegeri a PNL Sector 1, relateaz\u0103\u00a0<a href=\"http:\/\/www.news.ro\/\" target=\"_blank\" data-skip-linkfix=\"1\" rel=\"noopener\">News.ro<\/a>. Ea a denun\u021bat ipocrizia din partid \u0219i modul arbitrar prin care sunt luate deciziile \u00een cadrul PNL.\u00a0<\/p>\n<p class=\"articleLead mceAutoSelect\" data-index=\"2\"><img loading=\"lazy\" decoding=\"async\" class=\"alignnone size-full wp-image-551358\" src=\"https:\/\/analyse.optim.biz\/wp-content\/uploads\/2024\/09\/njjkm2m5mgvjnddkndhlm2i4yzljnzmxmzu-thumb_-1.jpg\" alt=\"diana tusa fb\" width=\"553\" height=\"553\" data-skip-htmlfix=\"1\" title=\"njjkm2m5mgvjnddkndhlm2i4yzljnzmxmzu-thumb_-1\"><\/p>\n<p data-index=\"3\">Foto: Facebook<\/p>\n<p data-index=\"4\">De asemenea, Diana Tu\u0219a a spus c\u0103 \u00een PNL nu se pune accent pe proiecte pentru cet\u0103\u021beni ci scopul este s\u0103 fac\u0103 opozi\u021bie.<\/p>\n<p data-index=\"5\"><em>\u201eNu a\u015f fi vrut s\u0103 vorbesc \u00een seara asta. M-am s\u0103turat de at\u00e2ta ipocrizie. M-am s\u0103turat s\u0103 ne facem c\u0103 schimb\u0103m, dar nu schimb\u0103m nimic, s\u0103 ascundem gunoiul sub pre\u015f \u015fi nu spunem lucrurilor pe nume. At\u00e2ta vreme c\u00e2t noi cei tineri nu vom \u00een\u0163elege atunci c\u00e2nd sunt stabilite ni\u015fte reguli c\u0103 trebuie s\u0103 fie respectate inclusiv de c\u0103tre noi, at\u00e2ta vreme c\u00e2t deciziile vin de undeva arbitrar f\u0103r\u0103 niciun fel de criteriu logic vom avea astfel de rezultate (n.r. ca cel de la locale). Crede\u0163i c\u0103 se vor c\u00e2\u015ftiga alegerile din iarn\u0103 a\u015fa? Am ascultat vorbindu-se de opozi\u0163ia care trebuie f\u0103cut\u0103, dar oamenii din sector vor proiecte. Din p\u0103cate PNL nu mai are nevoie de oameni cu idei, de oameni cu proiecte pentru cet\u0103\u0163eni, noi trebuie s\u0103 facem doar opozi\u0163ia. Con\u015ftientiz\u00e2nd c\u0103 PNL \u00een forma din 2016 nu are nevoie de oameni ca mine, nici de idei, nici de proiecte v\u0103 anun\u0163 c\u0103 eu ast\u0103zi \u00eemi dau demisia din PNL\u201d<\/em>, a spus Tu\u015fa de la tribuna \u015fedin\u0163ei.<\/p>\n<p data-index=\"6\">Diana Tu\u015fa a subliniat c\u0103 de-a lungul timpului Organiza\u0163ia PNL Sector 1 a avut rezultate bune, dar c\u0103 situa\u0163ia s-a schimbat \u00een momentul \u00een care conducerea de la centru a \u00eenceput s\u0103 ia decizii \u00een cadrul filialei.<\/p>\n<p data-index=\"7\"><em>\u201eCu tot respectul fa\u0163\u0103 de colegul meu, Alex Nazare nu avea cum s\u0103 c\u00e2\u015ftige (n.r. alegerile locale), \u00eens\u0103 \u015ftia de c\u00e2nd s-a luat decizia c\u0103 este mult \u00een spate \u00een sondaje, putea s\u0103 fac\u0103 orice, la fel \u015fi dl Mi\u015fu Voicu putea s\u0103 fac\u0103 orice, decizia nu i-a apar\u0163inut, a trebuit s\u0103 o preia. Mi se pare impropriu s\u0103 vorbim ast\u0103zi despre schimbare, dar s\u0103 ne \u00eentoarcem la Caragiale: &#8216;Dar s\u0103 nu se modifice nimic'&#8221;<\/em>, a afirmat Tu\u015fa.<\/p>\n<p data-index=\"8\">Pre\u015fedintele PNL Bucure\u015fti, Cristian Bu\u015foi, a spus c\u0103 a luat act de demisia Dianei Tu\u015fa.<\/p>\n<p data-index=\"9\">Diana Tu\u015fa este membru PNL din 1998 \u015fi parlamentar al partidului \u00een mandatul 2008-2012 . La alegerile din 2012 c\u00e2\u015ftigat un al doilea mandat. \u00cen 2013 a fost exclus\u0103 din partid, al\u0103turi de Andrei Chiliman. Ea s-a al\u0103turat funda\u0163iei lui Andrei Chiliman \u015fi Vlad Moisescu, urm\u00e2ndu-l pe acesta din urm\u0103 \u00een PN\u0162CD. \u00cen iunie 2014 a p\u0103r\u0103sit PN\u0162CD pentru PDL, ca apoi s\u0103 redevin\u0103 parlamentar PNL, prin fuziunea celor dou\u0103 partide.<\/p>\n<\/div>\n<p> Source URL: https:\/\/www.digi24.ro\/stiri\/actualitate\/politica\/deputatul-diana-tusa-a-demisionat-din-pnl-partidul-nu-mai-are-nevoie-de-oameni-cu-idei-noi-trebuie-sa-facem-doar-opozitia-551357<\/p>\n","protected":false},"excerpt":{"rendered":"<p>Deputatul PNL Diana Tu\u015fa a demisionat, joi, din partid, \u00een cadrul Adun\u0103rii generale de alegeri a PNL Sector 1, relateaz\u0103\u00a0News.ro. Ea a denun\u021bat ipocrizia din partid \u0219i modul arbitrar prin care sunt luate deciziile \u00een cadrul PNL.\u00a0 Foto: Facebook De asemenea, Diana Tu\u0219a a spus c\u0103 \u00een PNL nu se pune accent pe proiecte pentru [&hellip;]<\/p>\n","protected":false},"author":1,"featured_media":161333,"comment_status":"open","ping_status":"","sticky":false,"template":"","format":"standard","meta":{"footnotes":""},"categories":[2],"tags":[11],"class_list":["post-161332","post","type-post","status-publish","format-standard","has-post-thumbnail","hentry","category-politics","tag-digi24"],"_links":{"self":[{"href":"https:\/\/analyse.optim.biz\/index.php?rest_route=\/wp\/v2\/posts\/161332","targetHints":{"allow":["GET"]}}],"collection":[{"href":"https:\/\/analyse.optim.biz\/index.php?rest_route=\/wp\/v2\/posts"}],"about":[{"href":"https:\/\/analyse.optim.biz\/index.php?rest_route=\/wp\/v2\/types\/post"}],"author":[{"embeddable":true,"href":"https:\/\/analyse.optim.biz\/index.php?rest_route=\/wp\/v2\/users\/1"}],"replies":[{"embeddable":true,"href":"https:\/\/analyse.optim.biz\/index.php?rest_route=%2Fwp%2Fv2%2Fcomments&post=161332"}],"version-history":[{"count":0,"href":"https:\/\/analyse.optim.biz\/index.php?rest_route=\/wp\/v2\/posts\/161332\/revisions"}],"wp:featuredmedia":[{"embeddable":true,"href":"https:\/\/analyse.optim.biz\/index.php?rest_route=\/wp\/v2\/media\/161333"}],"wp:attachment":[{"href":"https:\/\/analyse.optim.biz\/index.php?rest_route=%2Fwp%2Fv2%2Fmedia&parent=161332"}],"wp:term":[{"taxonomy":"category","embeddable":true,"href":"https:\/\/analyse.optim.biz\/index.php?rest_route=%2Fwp%2Fv2%2Fcategories&post=161332"},{"taxonomy":"post_tag","embeddable":true,"href":"https:\/\/analyse.optim.biz\/index.php?rest_route=%2Fwp%2Fv2%2Ftags&post=161332"}],"curies":[{"name":"wp","href":"https:\/\/api.w.org\/{rel}","templated":true}]}}