{"id":161321,"date":"2016-08-19T18:02:01","date_gmt":"2016-08-19T15:02:01","guid":{"rendered":"https:\/\/analyse.optim.biz\/?p=161321"},"modified":"2016-08-19T18:02:01","modified_gmt":"2016-08-19T15:02:01","slug":"calin-popescu-tariceanu-ar-putea-fi-audiat-in-dosarul-lui-bogdan-olteanu","status":"publish","type":"post","link":"https:\/\/analyse.optim.biz\/?p=161321","title":{"rendered":"C\u0103lin Popescu T\u0103riceanu ar putea fi audiat \u00een dosarul lui Bogdan Olteanu"},"content":{"rendered":"<div class=\"entry data-app-meta data-app-meta-article\" data-embed-base-url-canonical=\"https:\/\/www.digi24.ro\/embed\/stiri\/actualitate\/justitie\/calin-popescu-tariceanu-ar-putea-fi-audiat-in-dosarul-lui-bogdan-olteanu-551452\">\n<p data-index=\"1\">C\u0103lin Popescu T\u0103riceanu ar putea fi audiat \u00een dosarul \u00een care fostul viceguvernator al BNR este arestat preventiv pentru trafic de influen\u0163\u0103. Ap\u0103r\u0103torii lui Bogdan Olteanu le-au cerut procurorilor DNA s\u0103 \u00eel citeze pe \u015feful Senatului \u00een calitate de martor. Avocatul ap\u0103r\u0103rii a cerut \u015fi ob\u0163inut r\u0103gaz p\u00e2n\u0103 luni pentru judecarea cererii de prelungire a mandatului de arestare.<\/p>\n<p data-index=\"2\">Bogdan Olteanu a a fost adus \u00een fa\u0163a magistra\u0163ilor Cur\u0163ii Supreme pu\u0163in dup\u0103 ora 9.00. Procurorii ceruser\u0103 prelungirea st\u0103rii de arest. Avocatul s\u0103u a pledat \u00eens\u0103 pentru o am\u00e2nare a acestei decizii.<\/p>\n<p data-index=\"3\">\u00cen fa\u0163a acuza\u0163iior procurorilor, avoca\u0163ii trebuie s\u0103 aduc\u0103 argumente pentru eliberarea din arest a fostului viceguvernator al BNR.<\/p>\n<p data-index=\"4\">Un martor cheie \u00een acest dosar poate fi chiar pre\u015fedintele Senatului, C\u0103lin Popescu T\u0103riceanu.<\/p>\n<p data-index=\"5\">Reporter: A\u021bi preg\u0103tit o list\u0103 pentru martori care s\u0103 vin\u0103 \u00een ap\u0103rarea clientului dumneavoastr\u0103?<\/p>\n<p data-index=\"6\">Constantin Durgheu, avocatul lui Bogdan Olteanu: Acum dou\u0103 zile am vazut pe mai multe posturi de televiziune c\u0103 avocatul ap\u0103r\u0103rii lucreaza la o list\u0103 cu politicieni. V\u0103 dezam\u0103gesc profund. Nu lucrez la nicio list\u0103.<\/p>\n<p data-index=\"7\">Reporter: C\u0103lin Popescu T\u0103riceanu ar putea da declara\u0163ii \u00een favoarea clientului dumneavoastr\u0103?<\/p>\n<p data-index=\"8\">Constantin Durgheu: Persoana nominalizat\u0103, \u00een eventualitatea \u00een care va fi audiat\u0103 de c\u0103tre procurori, evident c\u0103 poate da o declara\u021bie \u00een favoarea sus\u021binerii acuza\u021biei sau sus\u021binerii ap\u0103r\u0103rii.<\/p>\n<p data-index=\"9\">Reporter: Dumneavoastr\u0103 ve\u0163i propune?<\/p>\n<p data-index=\"10\">Constantin Durgheu: Nu pot spune. Ce propun eu ca probe nu am cum s\u0103 devoalez.<\/p>\n<p data-index=\"11\">\u00cen perioada din care dateaz\u0103 \u015fi acuza\u0163iile pe numele lui Bogdan Olteanu, C\u0103lin Popescu T\u0103riceanu era \u015fef de partid \u015fi premier al Rom\u00e2niei. \u015ei-ar fi dat girul pentru numirea lui Liviu Mihaiu \u00een func\u0163ia de guvernator al Deltei Dunarii.<\/p>\n<p data-index=\"12\">Bogdan Olteanu: \u201eZilele p\u00e2n\u0103 la finalizarea acestui dosar vor fi ap\u0103s\u0103toare \u0219i grele. Eu \u00eemi pledez nevinov\u0103\u021bia \u0219i \u00eemi voi aduce argumente pentru toate \u00eentreb\u0103rile care vor fi puse\u201d.<\/p>\n<p data-index=\"13\">Bogdan Olteanu este acuzat c\u0103 ar fi primit un milion de euro de la omul de afaceri Sorin Ovidiu V\u00eentu ca s\u0103-l sus\u0163in\u0103 pe Liviu Mihaiu \u00een func\u0163ia de guvernator al Deltei Dun\u0103rii. \u00cen plus, spun procurorii fostul viceguvernator BNR nu poate justifica o parte din avere, inclusiv o cas\u0103 aflat\u0103 \u00een Cernica.<\/p>\n<p data-index=\"14\">Bogdan Olteanu a spus \u00eens\u0103 anchetatorilor c\u0103 diferen\u0163a ap\u0103rut\u0103 \u00eentre declara\u0163ia de avere \u015fi realitatea din conturi este o mo\u015ftenire primit\u0103 de la bunica lui.<\/p>\n<\/div>\n<p> Source URL: https:\/\/www.digi24.ro\/stiri\/actualitate\/justitie\/calin-popescu-tariceanu-ar-putea-fi-audiat-in-dosarul-lui-bogdan-olteanu-551452<\/p>\n","protected":false},"excerpt":{"rendered":"<p>C\u0103lin Popescu T\u0103riceanu ar putea fi audiat \u00een dosarul \u00een care fostul viceguvernator al BNR este arestat preventiv pentru trafic de influen\u0163\u0103. Ap\u0103r\u0103torii lui Bogdan Olteanu le-au cerut procurorilor DNA s\u0103 \u00eel citeze pe \u015feful Senatului \u00een calitate de martor. Avocatul ap\u0103r\u0103rii a cerut \u015fi ob\u0163inut r\u0103gaz p\u00e2n\u0103 luni pentru judecarea cererii de prelungire a [&hellip;]<\/p>\n","protected":false},"author":1,"featured_media":161322,"comment_status":"open","ping_status":"","sticky":false,"template":"","format":"standard","meta":{"footnotes":""},"categories":[2],"tags":[11],"class_list":["post-161321","post","type-post","status-publish","format-standard","has-post-thumbnail","hentry","category-politics","tag-digi24"],"_links":{"self":[{"href":"https:\/\/analyse.optim.biz\/index.php?rest_route=\/wp\/v2\/posts\/161321","targetHints":{"allow":["GET"]}}],"collection":[{"href":"https:\/\/analyse.optim.biz\/index.php?rest_route=\/wp\/v2\/posts"}],"about":[{"href":"https:\/\/analyse.optim.biz\/index.php?rest_route=\/wp\/v2\/types\/post"}],"author":[{"embeddable":true,"href":"https:\/\/analyse.optim.biz\/index.php?rest_route=\/wp\/v2\/users\/1"}],"replies":[{"embeddable":true,"href":"https:\/\/analyse.optim.biz\/index.php?rest_route=%2Fwp%2Fv2%2Fcomments&post=161321"}],"version-history":[{"count":0,"href":"https:\/\/analyse.optim.biz\/index.php?rest_route=\/wp\/v2\/posts\/161321\/revisions"}],"wp:featuredmedia":[{"embeddable":true,"href":"https:\/\/analyse.optim.biz\/index.php?rest_route=\/wp\/v2\/media\/161322"}],"wp:attachment":[{"href":"https:\/\/analyse.optim.biz\/index.php?rest_route=%2Fwp%2Fv2%2Fmedia&parent=161321"}],"wp:term":[{"taxonomy":"category","embeddable":true,"href":"https:\/\/analyse.optim.biz\/index.php?rest_route=%2Fwp%2Fv2%2Fcategories&post=161321"},{"taxonomy":"post_tag","embeddable":true,"href":"https:\/\/analyse.optim.biz\/index.php?rest_route=%2Fwp%2Fv2%2Ftags&post=161321"}],"curies":[{"name":"wp","href":"https:\/\/api.w.org\/{rel}","templated":true}]}}