{"id":161310,"date":"2016-08-19T19:23:54","date_gmt":"2016-08-19T16:23:54","guid":{"rendered":"https:\/\/analyse.optim.biz\/?p=161310"},"modified":"2016-08-19T19:23:54","modified_gmt":"2016-08-19T16:23:54","slug":"conditii-pentru-candidatii-la-parlamentare","status":"publish","type":"post","link":"https:\/\/analyse.optim.biz\/?p=161310","title":{"rendered":"Condi\u0163ii pentru candida\u0163ii la parlamentare"},"content":{"rendered":"<div class=\"entry data-app-meta data-app-meta-article\" data-embed-base-url-canonical=\"https:\/\/www.digi24.ro\/embed\/stiri\/actualitate\/politica\/conditii-pentru-candidatii-la-parlamentare-551518\">\n<p data-index=\"1\"><strong>Liderii partidelor pun condi\u0163ii pentru cei care \u00ee\u015fi doresc s\u0103 fie pe listele pentru parlamentare. Purt\u0103torul de cuv\u00e2nt al PNL ar vrea s\u0103-i pun\u0103 pe candida\u0163i s\u0103 scrie un ,,eseu\u201d despre motivele pentru care vor s\u0103 ajung\u0103 senatori sau deputa\u0163i. Traian B\u0103sescu le cere celor care vor s\u0103 intre pe listele PMP s\u0103 fi practicat o meserie din care s\u0103 c\u00e2\u015ftige bani cinsti\u0163i. Iar Liviu Dragnea s-a uitat la experien\u0163a ultimilor ani \u015fi a pus condi\u0163ii ceva mai modeste, dar realiste: viitorii parlamentari s\u0103 vin\u0103 la munc\u0103 m\u0103car dou\u0103 zile \u015fi jum\u0103tate pe s\u0103pt\u0103m\u00e2n\u0103.<\/strong><\/p>\n<p data-index=\"2\">Adriana S\u0103ftoiu a scris pe Facebook despre criteriul de selec\u0163ie pe care \u015fi l-ar dori.<\/p>\n<p data-index=\"3\">,,M\u0103 g\u00e2ndesc cum ar fi s\u0103 am posibilitatea s\u0103 le cer tuturor celor care vor s\u0103 candideze s\u0103 scrie un eseu despre motivul pentru care vor s\u0103 candideze \u00eenc\u0103 o dat\u0103 sau prima dat\u0103. F\u0103r\u0103 sa fie ajuta\u0163i de un consilier, de un prieten, de &#8216;goagal&#8217;. S\u0103 scrie ei, simplu, care cred ca le este misiunea. Cu gramatica din dotare, f\u0103r\u0103 s\u0103 fie obliga\u021bi s\u0103 gloseze pe teme filosofice de moral\u0103 politic\u0103\u201d, a scris Adriana S\u0103ftoiu.<\/p>\n<p data-index=\"4\">Reac\u0163ia colegilor a fost dur\u0103. \u201eNu suntem agrama\u0163i\u201d&#8217;, a scris Diana Tu\u015fa, care \u00eentre timp \u015fi-a dat \u015fi demisia din partid.<\/p>\n<p data-index=\"5\">\u201eNu \u00een\u021beleg de ce s\u0103 \u00eei supui unor umilin\u021be publice \u00een condi\u021biile \u00een care, \u0219tim cu to\u021bii, listele sunt deja b\u0103tute \u00een cuie, e drept! criteriile de desemnare \u00eenc\u0103 nu&#8230;Colegii mei NU sunt agrama\u021bi, redu\u0219i mintal sau asista\u021bi sociali, cum sugereaz\u0103 doamna S\u0103ftoiu\u201d, a scris ea.<\/p>\n<p data-index=\"6\">Alte partide, alte condi\u0163ii.<\/p>\n<p data-index=\"7\">\u201eS\u0103 fie politicieni liberi. Cei care au o meserie vor face politic\u0103 relaxa\u0163i. Am avut \u015fi medici care nu au practicat \u015fi au ajuns mini\u015ftri ai S\u0103n\u0103t\u0103\u0163ii \u015fi ginecologi mini\u015ftri ai Agriculturii. Am avut tot felul de specimene\u201d, a spus Traian B\u0103sescu, \u0219eful partidului Mi\u0219carea Popular\u0103.<\/p>\n<p data-index=\"8\">\u201e<span lang=\"ro-RO\">\u00cen primul r\u00e2nd, s\u0103 fie responsabil \u0219i con\u0219tient c\u0103 trebuie s\u0103 vin\u0103 la serviciu. Sunt doar dou\u0103 zile pe s\u0103pt\u0103m\u00e2n\u0103 \u00een care trebuie s\u0103 fie prezent acolo, \u00eencep\u00e2nd de luni dup\u0103-amiaza p\u00e2n\u0103 miercuri dup\u0103-amiaza obligatoriu. Cred c\u0103 nu este un efort foarte mare\u201d, a spus Liviu Dragnea, pre\u0219edintele PSD.<\/span><\/p>\n<p data-index=\"9\">Lupta pentru accesul pe liste este doar o prim\u0103 etap\u0103 a confrunt\u0103rii de la finalul anului. Dup\u0103 alegerea parlamentarilor, urmeaz\u0103 desemnarea premierului. P\u00e2n\u0103 acum, dou\u0103 nume au fost rostite public.<\/p>\n<p data-index=\"10\">\u201e<span lang=\"ro-RO\">Dragnea are experien\u0163a necesar\u0103, poate s\u0103 \u00ee\u015fi asume aceast\u0103 func\u0163ie. Nu am discutat acest lucru cu el. \u015ei mie \u015fi lui ni se pare prematur\u201d, spunea C\u0103lin Popescu T\u0103riceanu, \u0219eful ALDE.<\/span><\/p>\n<p data-index=\"11\">\u201e<span lang=\"ro-RO\">Eu personal mi-a\u0219 dori cel mai mult s\u0103-l v\u0103d pe dl Ciolo\u0219 candidat al PNL la parlamentare \u0219i evident pentru func\u021bia de prim-ministru. Am fi mai mult dec\u00e2t onora\u021bi dac\u0103 ar fi pe lista de Bucure\u0219ti\u201d, a spus liberalul Cristian Bu\u0219oi.<\/span><\/p>\n<p data-index=\"12\">\u00cen privin\u0163a datei alegerilor parlamentare, disputele continu\u0103. PSD ar vrea s\u0103 fie \u00een noiembrie, liberalii spun c\u0103 nu se pot organiza p\u00e2n\u0103 pe 4 sau 11 decembrie.<\/p>\n<\/div>\n<p> Source URL: https:\/\/www.digi24.ro\/stiri\/actualitate\/politica\/conditii-pentru-candidatii-la-parlamentare-551518<\/p>\n","protected":false},"excerpt":{"rendered":"<p>Liderii partidelor pun condi\u0163ii pentru cei care \u00ee\u015fi doresc s\u0103 fie pe listele pentru parlamentare. Purt\u0103torul de cuv\u00e2nt al PNL ar vrea s\u0103-i pun\u0103 pe candida\u0163i s\u0103 scrie un ,,eseu\u201d despre motivele pentru care vor s\u0103 ajung\u0103 senatori sau deputa\u0163i. Traian B\u0103sescu le cere celor care vor s\u0103 intre pe listele PMP s\u0103 fi practicat [&hellip;]<\/p>\n","protected":false},"author":1,"featured_media":161311,"comment_status":"open","ping_status":"","sticky":false,"template":"","format":"standard","meta":{"footnotes":""},"categories":[2],"tags":[11],"class_list":["post-161310","post","type-post","status-publish","format-standard","has-post-thumbnail","hentry","category-politics","tag-digi24"],"_links":{"self":[{"href":"https:\/\/analyse.optim.biz\/index.php?rest_route=\/wp\/v2\/posts\/161310","targetHints":{"allow":["GET"]}}],"collection":[{"href":"https:\/\/analyse.optim.biz\/index.php?rest_route=\/wp\/v2\/posts"}],"about":[{"href":"https:\/\/analyse.optim.biz\/index.php?rest_route=\/wp\/v2\/types\/post"}],"author":[{"embeddable":true,"href":"https:\/\/analyse.optim.biz\/index.php?rest_route=\/wp\/v2\/users\/1"}],"replies":[{"embeddable":true,"href":"https:\/\/analyse.optim.biz\/index.php?rest_route=%2Fwp%2Fv2%2Fcomments&post=161310"}],"version-history":[{"count":0,"href":"https:\/\/analyse.optim.biz\/index.php?rest_route=\/wp\/v2\/posts\/161310\/revisions"}],"wp:featuredmedia":[{"embeddable":true,"href":"https:\/\/analyse.optim.biz\/index.php?rest_route=\/wp\/v2\/media\/161311"}],"wp:attachment":[{"href":"https:\/\/analyse.optim.biz\/index.php?rest_route=%2Fwp%2Fv2%2Fmedia&parent=161310"}],"wp:term":[{"taxonomy":"category","embeddable":true,"href":"https:\/\/analyse.optim.biz\/index.php?rest_route=%2Fwp%2Fv2%2Fcategories&post=161310"},{"taxonomy":"post_tag","embeddable":true,"href":"https:\/\/analyse.optim.biz\/index.php?rest_route=%2Fwp%2Fv2%2Ftags&post=161310"}],"curies":[{"name":"wp","href":"https:\/\/api.w.org\/{rel}","templated":true}]}}