{"id":161299,"date":"2016-08-19T22:57:20","date_gmt":"2016-08-19T19:57:20","guid":{"rendered":"https:\/\/analyse.optim.biz\/?p=161299"},"modified":"2016-08-19T22:57:20","modified_gmt":"2016-08-19T19:57:20","slug":"banii-europeni-motiv-de-disputa-intre-guvernari","status":"publish","type":"post","link":"https:\/\/analyse.optim.biz\/?p=161299","title":{"rendered":"Banii europeni, motiv de disput\u0103 \u00eentre guvern\u0103ri"},"content":{"rendered":"<div class=\"entry data-app-meta data-app-meta-article\" data-embed-base-url-canonical=\"https:\/\/www.digi24.ro\/embed\/stiri\/actualitate\/politica\/banii-europeni-motiv-de-disputa-intre-guvernari-551551\">\n<p data-index=\"1\"><span lang=\"ro-RO\">Sf\u00e2r\u015fitul de s\u0103pt\u0103m\u00e2n\u0103 nu las\u0103 loc de relaxare \u00een mediul public. Guvernul devine din ce \u00een ce mai vocal \u015fI r\u0103spunde dur politicienilor care arat\u0103 cu degetul \u00eenspre activitatea executivului. Cea mai acid\u0103 voce a devenit chiar cea a premierului Dacian Ciolo\u015f. Replicile, argumentele \u015fi explica\u0163iile dau \u00een vileag activitatea sau chiar ineficien\u0163a guvernului condus de Victor Ponta, \u00een leg\u0103tur\u0103 cu absorb\u0163ia fondurilor europene. Fosta guvernare nu a f\u0103cut mai nimic pentru preg\u0103tirea programului 2014-2020, a declarat premierul Ciolo\u015f pentru<\/span><span lang=\"ro-RO\">Hotnews.ro.\u00a0Investi\u0163iile \u00een infrastructur\u0103, \u015fi acestea mult \u00eent\u00e2rziate, sunt un alt subiect atins de \u015feful Executivului.<\/span><\/p>\n<p data-index=\"2\"><span lang=\"ro-RO\">Pentru combaterea \u0219omajului aveam la dipozi\u021bie 470 de milioane de euro. Ar fi trebuit s\u0103 \u00eentocmim o baz\u0103 de date cu tinerii care au nevoie de ajutor \u0219i s\u0103 identific\u0103m nevoile fiec\u0103rei persoane \u00een parte. Ministrul Cristian Ghinea sus\u021bine c\u0103 ne-am \u00eempotmolit \u00eenainte s\u0103 \u00eencepem.<\/span><\/p>\n<p data-index=\"3\">\u201e,\u00cen februarie 2014, Ministerul Muncii a lansat doua proiecte pilot finan\u021bate prin POSDRU care preced schema &#8220;Garan\u021bia pentru tineri&#8221;. Astazi, Centrele de Garan\u021bii \u00eenfiin\u021bate prin cele dou\u0103 proiecte nu sunt func\u021bionale. \u00cen loc sa \u00eenregistr\u0103m tinerii la ANOFM, au preferat s\u0103 dezvolte infrastructura paralel\u0103, care dispare odat\u0103 cu proiectele \u00eencheiate. La finalul acestor proiecte avem baze de date nefunc\u021bionale \u0219i neintegrate cu bazele de date primare ale ANOFM\u201d, sus\u021bine Ghinea.<\/p>\n<p data-index=\"4\">\u00cen 2015, ministrul Muncii de atunci, Rovana Plumb, anun\u021ba lansarea programului \u201eGaran\u021bia pentru Tineret\u201d.<\/p>\n<p data-index=\"5\"><span lang=\"ro-RO\">Rovana Plumb, pe 8 aprilie 2015: \u201eProgramul\u00a0Garan\u021bia pentru Tineret\u00a0este un program istoric, cel mai amplu \u0219i coerent program pentru tineri din ultimii 25 de ani. Gra\u021bie acestui demers, 441.000 de tineri cu v\u00e2rste \u00eentre 16 \u0219i 24 de ani vor fi sprijini\u021bi pentru g\u0103sirea unui loc de munc\u0103\u201d.<\/span><\/p>\n<p data-index=\"6\">\u00centre timp s-a schimbat guvernul, dar niciun t\u00e2nar nu a fost angajat. Pentru c\u0103 autorit\u0103\u021bile nu \u0219tiau de unde s\u0103-i ia pe cei care aveau nevoie de un job, \u00een lipsa unei baze de date \u0219i a \u0219icanelor dintre Ministerul Muncii \u0219i Agen\u021bia pentru Ocuparea For\u021bei de Munc\u0103, sus\u021bine actualul ministru. Acesta explic\u0103 \u0219i ce solu\u021bie a propus fostul secretar de stat de la PSD, Adrian Dobre.<\/p>\n<p data-index=\"7\">Cristian Ghinea: ,,Domnul secretar de stat Adrian Marius Dobre ne explic\u0103 \u00eens\u0103 ca e totul ok, trebuie s\u0103 facem ni\u0219te caravane prin \u021bar\u0103 ca s\u0103 g\u0103sim tineri. Domnul Dobre ne prezint\u0103 o schem\u0103 pentru tineri. 46 de milioane de euro ca s\u0103 facem\u2026 o alta baz\u0103 de date. \u0218ti\u021bi cum rezolv\u0103 domnul Dobre problema cu \u0219omajul tinerilor? Din cele 46 milioane de euro, d\u0103dea 12 milioane pentru benzin\u0103. Alte c\u00e2teva milioane pentru \u00eenchiriat ma\u0219ini. D\u0103dea 1,6 milioane de euro pe memory stick-uri, la pre\u021b supraevaluat. D\u0103dea (tinerilor, cred) 400.000 de \u0219epci \u0219i 977.000 de ceasuri\u201d.<\/p>\n<p data-index=\"8\">Adrian Dobre a declarat c\u0103 nu vrea s\u0103 comenteze acuza\u021biile p\u00e2na lunea viitoare, c\u00e2nd preg\u0103te\u0219te o replic\u0103 pe larg. Fostul ministru al Muncii, Rovana Plumb, nu a raspuns la telefon. \u00cen schimb, un consilier \u0219i-a notat toate acuza\u021biile.<\/p>\n<p data-index=\"9\">Singura care a vrut s\u0103 comenteze este \u0219efa Comisiei parlamentare care supravegheaz\u0103 utilizarea fondurilor venite de la UE, Ana Birchall.<\/p>\n<p data-index=\"10\">Ana Birchall: \u201e\u00cenc\u0103 din data de 23 mai 2016, Rom\u00e2nia a pierdut suma de aproximativ 30 de milioane de euro, reprezent\u00e2nd prefinan\u0163area necheltuit\u0103 aferent\u0103 programului Garan\u0163ia pentru tineret. Iar dac\u0103, pe viitor, se mai dore\u015fte desf\u0103\u015furarea, promovarea acestui proiect, aceast\u0103 sum\u0103 trebuie s\u0103 fie avansat\u0103 \u015fi sus\u0163inut\u0103 de la bugetul de stat\u201d.<\/p>\n<p data-index=\"11\">Ana Birchall este membru PSD \u015fi sus\u0163ine c\u0103 banii nu au fost pierdu\u0163i \u00een guvernarea Ponta, ci anul acesta, \u00een timpul guvernului tehnocrat.<\/p>\n<p data-index=\"12\">Fostul premier, Victor Ponta, a reac\u0163ionat \u00eentr-un interviu pentru o televiziune de \u015ftiri: \u201eEu am v\u0103zut ce a zis domnul Ciolo\u015f \u015fi v\u0103 spun a\u015fa, foarte diplomatic \u015fi politicos, minte! Minte, prelu\u00e2nd cu copy-paste ni\u015fte minciuni pe care le-a auzit pe la ministrul lui de la fonduri europene. De ce? Dintr-un motiv foarte simplu. Probabil c\u0103 este a\u015fa, \u00eentr-o campanie electoral\u0103 mascat\u0103 \u015fi \u00een campanie po\u0163i s\u0103 \u015fi min\u0163i\u201d.<\/p>\n<\/div>\n<p> Source URL: https:\/\/www.digi24.ro\/stiri\/actualitate\/politica\/banii-europeni-motiv-de-disputa-intre-guvernari-551551<\/p>\n","protected":false},"excerpt":{"rendered":"<p>Sf\u00e2r\u015fitul de s\u0103pt\u0103m\u00e2n\u0103 nu las\u0103 loc de relaxare \u00een mediul public. Guvernul devine din ce \u00een ce mai vocal \u015fI r\u0103spunde dur politicienilor care arat\u0103 cu degetul \u00eenspre activitatea executivului. Cea mai acid\u0103 voce a devenit chiar cea a premierului Dacian Ciolo\u015f. Replicile, argumentele \u015fi explica\u0163iile dau \u00een vileag activitatea sau chiar ineficien\u0163a guvernului condus [&hellip;]<\/p>\n","protected":false},"author":1,"featured_media":161300,"comment_status":"open","ping_status":"","sticky":false,"template":"","format":"standard","meta":{"footnotes":""},"categories":[2],"tags":[11],"class_list":["post-161299","post","type-post","status-publish","format-standard","has-post-thumbnail","hentry","category-politics","tag-digi24"],"_links":{"self":[{"href":"https:\/\/analyse.optim.biz\/index.php?rest_route=\/wp\/v2\/posts\/161299","targetHints":{"allow":["GET"]}}],"collection":[{"href":"https:\/\/analyse.optim.biz\/index.php?rest_route=\/wp\/v2\/posts"}],"about":[{"href":"https:\/\/analyse.optim.biz\/index.php?rest_route=\/wp\/v2\/types\/post"}],"author":[{"embeddable":true,"href":"https:\/\/analyse.optim.biz\/index.php?rest_route=\/wp\/v2\/users\/1"}],"replies":[{"embeddable":true,"href":"https:\/\/analyse.optim.biz\/index.php?rest_route=%2Fwp%2Fv2%2Fcomments&post=161299"}],"version-history":[{"count":0,"href":"https:\/\/analyse.optim.biz\/index.php?rest_route=\/wp\/v2\/posts\/161299\/revisions"}],"wp:featuredmedia":[{"embeddable":true,"href":"https:\/\/analyse.optim.biz\/index.php?rest_route=\/wp\/v2\/media\/161300"}],"wp:attachment":[{"href":"https:\/\/analyse.optim.biz\/index.php?rest_route=%2Fwp%2Fv2%2Fmedia&parent=161299"}],"wp:term":[{"taxonomy":"category","embeddable":true,"href":"https:\/\/analyse.optim.biz\/index.php?rest_route=%2Fwp%2Fv2%2Fcategories&post=161299"},{"taxonomy":"post_tag","embeddable":true,"href":"https:\/\/analyse.optim.biz\/index.php?rest_route=%2Fwp%2Fv2%2Ftags&post=161299"}],"curies":[{"name":"wp","href":"https:\/\/api.w.org\/{rel}","templated":true}]}}