{"id":161288,"date":"2016-08-20T18:56:08","date_gmt":"2016-08-20T15:56:08","guid":{"rendered":"https:\/\/analyse.optim.biz\/?p=161288"},"modified":"2016-08-20T18:56:08","modified_gmt":"2016-08-20T15:56:08","slug":"romanii-din-diaspora-ar-putea-sa-se-inscrie-in-registrul-electoral-si-prin-email","status":"publish","type":"post","link":"https:\/\/analyse.optim.biz\/?p=161288","title":{"rendered":"Rom\u00e2nii din Diaspora ar putea s\u0103 se \u00eenscrie \u00een Registrul Electoral \u015fi prin email"},"content":{"rendered":"<div class=\"entry data-app-meta data-app-meta-article\" data-embed-base-url-canonical=\"https:\/\/www.digi24.ro\/embed\/stiri\/actualitate\/politica\/romanii-din-diaspora-ar-putea-sa-se-inscrie-in-registrul-electoral-si-prin-email-551673\">\n<p class=\"articleLead mceAutoSelect\" data-index=\"1\">Rom\u00e2nii care locuiesc \u00een str\u0103in\u0103tate ar putea s\u0103 se \u00eenscrie \u00een Registrul Electoral \u015fi prin email. Asta prevede proiectul de Ordonan\u0163\u0103 de Urgen\u0163\u0103 pus \u00een dezbatere public\u0103 de Guvern. \u00cen plus, actul normativ d\u0103 posibilitatea Ministerului de Externe s\u0103 cear\u0103 \u00eenfiin\u0163area unor noi sec\u0163ii de votare \u00een str\u0103in\u0103tate, \u00een func\u0163ie de necesit\u0103\u0163i.<\/p>\n<p data-index=\"2\">Concret, ordonan\u0163a spune c\u0103 pot fi organizate sec\u0163ii de votare \u015fi \u00een alte localit\u0103\u0163i dec\u00e2t cele \u00een care \u00ee\u015fi au sediul misiunile diplomatice sau oficiile consulare. Mai mult, \u00eenfiin\u0163area acestora poate fi f\u0103cut\u0103 la propunerea Ministerului de Externe, \u201e\u00een termen de 15 zile de la aducerea la cuno\u015ftin\u0163\u0103 public\u0103 a datei alegerilor.&#8221;<\/p>\n<p data-index=\"3\">Guvernul simplific\u0103 \u015fi procedurile de \u00eenscriere \u00een Registrul Electoral. Cei care vor s\u0103 voteze prin coresponden\u0163\u0103 la alegerile generale vor putea trimite actele necesare pentru \u00eenscriere \u015fi prin email, nu doar prin po\u015ft\u0103 sau personal.<\/p>\n<p data-index=\"4\">Pa\u015fii sunt destul de simpli. Nu trebuie dec\u00e2t s\u0103 fie completat\u0103 o cerere cu numele, prenumele \u015fi codul numeric personal al aleg\u0103torului. \u00cen plus, acesta trebuie s\u0103 ata\u015feze \u015fi o copie a actului de identitate \u015fi una a documentului care dovede\u015fte re\u015fedin\u0163a sau a pa\u015faportului, cu men\u0163ionarea statului de domiciliu.<\/p>\n<p data-index=\"5\">P\u00e2n\u0103 acum, peste 6.000 de rom\u00e2ni care locuiesc peste hotare s-au \u00eenscris \u00een Registrul Electoral, dintre care aproape 4.800 au optat pentru votul prin coresponden\u0163\u0103.<\/p>\n<p data-index=\"6\">Proiectul de Ordonan\u0163\u0103 de Urgen\u0163\u0103 elimin\u0103 \u015fi o serie de articole care \u00eempiedicau votul pe liste suplimentare \u00een cazul aleg\u0103torilor cu domiciliul \u00een \u0163ar\u0103 \u015fi cu re\u015fedin\u0163a \u00een str\u0103in\u0103tate. Actul normativ va fi discutat cel mai probabil \u00een septembrie, \u00een prima \u015fedin\u0163\u0103 de Guvern de dup\u0103 revenirea Parlamentului din vacan\u0163\u0103. \u00a0<\/p>\n<h5>Citi\u021bi \u0219i:\u00a0<\/h5>\n<h5><a href=\"https:\/\/www.digi24.ro\/Stiri\/Digi24\/Opinii\/Va+reusi+Guvernul+sa+dreaga+votul+in+strainatate\" target=\"_blank\" data-skip-linkfix=\"1\" rel=\"noopener\"><span lang=\"ro-RO\">Va reu\u0219i Guvernul s\u0103 dreag\u0103 votul \u00een str\u0103in\u0103tate?<\/span><\/a><\/h5>\n<h5><a href=\"https:\/\/www.digi24.ro\/Stiri\/Digi24\/24+Minute\/24+de+minute+Ministrul+delegat+pentru+Relatia+cu+Romanii+de+Pret\" target=\"_blank\" data-skip-linkfix=\"1\" rel=\"noopener\"><span lang=\"ro-RO\">Ministru: Risc\u0103m s\u0103 avem mai pu\u021bine sec\u021bii de votare \u00een diaspora dec\u00e2t \u00een 2014<\/span><\/a><\/h5>\n<\/div>\n<p> Source URL: https:\/\/www.digi24.ro\/stiri\/actualitate\/politica\/romanii-din-diaspora-ar-putea-sa-se-inscrie-in-registrul-electoral-si-prin-email-551673<\/p>\n","protected":false},"excerpt":{"rendered":"<p>Rom\u00e2nii care locuiesc \u00een str\u0103in\u0103tate ar putea s\u0103 se \u00eenscrie \u00een Registrul Electoral \u015fi prin email. Asta prevede proiectul de Ordonan\u0163\u0103 de Urgen\u0163\u0103 pus \u00een dezbatere public\u0103 de Guvern. \u00cen plus, actul normativ d\u0103 posibilitatea Ministerului de Externe s\u0103 cear\u0103 \u00eenfiin\u0163area unor noi sec\u0163ii de votare \u00een str\u0103in\u0103tate, \u00een func\u0163ie de necesit\u0103\u0163i. Concret, ordonan\u0163a spune [&hellip;]<\/p>\n","protected":false},"author":1,"featured_media":161289,"comment_status":"open","ping_status":"","sticky":false,"template":"","format":"standard","meta":{"footnotes":""},"categories":[2],"tags":[11],"class_list":["post-161288","post","type-post","status-publish","format-standard","has-post-thumbnail","hentry","category-politics","tag-digi24"],"_links":{"self":[{"href":"https:\/\/analyse.optim.biz\/index.php?rest_route=\/wp\/v2\/posts\/161288","targetHints":{"allow":["GET"]}}],"collection":[{"href":"https:\/\/analyse.optim.biz\/index.php?rest_route=\/wp\/v2\/posts"}],"about":[{"href":"https:\/\/analyse.optim.biz\/index.php?rest_route=\/wp\/v2\/types\/post"}],"author":[{"embeddable":true,"href":"https:\/\/analyse.optim.biz\/index.php?rest_route=\/wp\/v2\/users\/1"}],"replies":[{"embeddable":true,"href":"https:\/\/analyse.optim.biz\/index.php?rest_route=%2Fwp%2Fv2%2Fcomments&post=161288"}],"version-history":[{"count":0,"href":"https:\/\/analyse.optim.biz\/index.php?rest_route=\/wp\/v2\/posts\/161288\/revisions"}],"wp:featuredmedia":[{"embeddable":true,"href":"https:\/\/analyse.optim.biz\/index.php?rest_route=\/wp\/v2\/media\/161289"}],"wp:attachment":[{"href":"https:\/\/analyse.optim.biz\/index.php?rest_route=%2Fwp%2Fv2%2Fmedia&parent=161288"}],"wp:term":[{"taxonomy":"category","embeddable":true,"href":"https:\/\/analyse.optim.biz\/index.php?rest_route=%2Fwp%2Fv2%2Fcategories&post=161288"},{"taxonomy":"post_tag","embeddable":true,"href":"https:\/\/analyse.optim.biz\/index.php?rest_route=%2Fwp%2Fv2%2Ftags&post=161288"}],"curies":[{"name":"wp","href":"https:\/\/api.w.org\/{rel}","templated":true}]}}