{"id":161179,"date":"2016-08-23T22:44:32","date_gmt":"2016-08-23T19:44:32","guid":{"rendered":"https:\/\/analyse.optim.biz\/?p=161179"},"modified":"2016-08-23T22:44:32","modified_gmt":"2016-08-23T19:44:32","slug":"tariceanu-despre-reinnoirea-permisului-n-am-vazut-nici-nu-cred-ca-ar-fi-de-dorit-sa-vedem-ministri-stand-la-cozi","status":"publish","type":"post","link":"https:\/\/analyse.optim.biz\/?p=161179","title":{"rendered":"T\u0103riceanu despre re\u00eennoirea permisului: N-am v\u0103zut, nici nu cred c\u0103 ar fi de dorit s\u0103 vedem mini\u015ftri st\u00e2nd la cozi"},"content":{"rendered":"<div class=\"entry data-app-meta data-app-meta-article\" data-embed-base-url-canonical=\"https:\/\/www.digi24.ro\/embed\/stiri\/actualitate\/tariceanu-despre-reinnoirea-permisului-n-am-vazut-nici-nu-cred-ca-ar-fi-de-dorit-sa-vedem-ministri-stand-la-cozi-552649\">\n<p data-index=\"1\"><strong>Pre\u015fedintele Senatului, C\u0103lin Popescu T\u0103riceanu, a reluat, mar\u0163i sear\u0103, explica\u0163iile date dup\u0103 ce a fost filmat de News.ro c\u00e2nd intra prin spatele cl\u0103dirii DRPCIV, ocolind coada, pentru a-\u015fi re\u00eennoi permisul de conducere, el sus\u0163in\u00e2nd, la\u00a0<span lang=\"ro-RO\">un post de televiziune<\/span>, c\u0103 nu a v\u0103zut \u015fi nu crede c\u0103 &#8220;ar fi de dorit s\u0103 vedem prim-mini\u015ftri, mini\u015ftri, pre\u015fedintele \u0163\u0103rii \u00een trecut sau \u00een viitor f\u0103c\u00e2nd acest tip de exerci\u0163iu&#8221; &#8211; statul la coad\u0103. El a mai spus c\u0103 &#8220;cei de la SPP&#8221; i-au transmis ora la care trebuie s\u0103 se prezinte diminea\u0163a pentru a depune dosarul,\u00a0<span lang=\"ro-RO\">informeaz\u0103 <a href=\"http:\/\/www.news.ro\/flux\/\" target=\"_blank\" data-skip-linkfix=\"1\" rel=\"noopener\">News.ro<\/a>.<\/span><\/strong><\/p>\n<p data-index=\"2\"><img loading=\"lazy\" decoding=\"async\" class=\"alignnone size-full wp-image-552660\" src=\"https:\/\/analyse.optim.biz\/wp-content\/uploads\/2024\/09\/ad05ytyyoty1ytnjnmexzdm1nzazogy0mthiyjhlyzcwoq-thumb_.jpg\" alt=\"tariceanu permis news\" width=\"600\" height=\"400\" data-skip-htmlfix=\"1\" title=\"ad05ytyyoty1ytnjnmexzdm1nzazogy0mthiyjhlyzcwoq-thumb_\"><\/p>\n<p data-index=\"3\">C\u0103lin Popescu T\u0103riceanu a spus c\u0103 aglomera\u0163ia de la Direc\u0163ia Regim Permise de Conducere \u015fi \u00cenmatricularea Vehiculelor este din cauza deficitului de personal, iar debirocratizarea la care s-a angajat Guvernul &#8220;este, mai degrab\u0103, un slogan&#8221;.<\/p>\n<p data-index=\"4\">&#8220;Nici eu n-am v\u0103zut, nici nu cred c\u0103 ar fi de dorit s\u0103 vedem prim-mini\u015ftri, mini\u015ftri, pre\u015fedintele \u0163\u0103rii \u00een trecut sau \u00een viitor f\u0103c\u00e2nd acest tip de exerci\u0163iu. (n.r. &#8211; statul la coad\u0103) (\u2026) Am avut aceast\u0103 ocazie s\u0103 vorbesc cu \u015feful institu\u0163iei \u015fi care mi-a spus:&lt;&lt;\u00cen momentul de fa\u0163\u0103 se elibereaz\u0103 \u00eentre 200 \u015fi 400 de permise pe zi&gt;&gt;, deci nu 1.000, cum a fost f\u0103cut\u0103 v\u00e2lva. Am v\u0103zut c\u0103 \u015ftirea a fost preluat\u0103 nemestecat c\u0103 au stat 1.000 la coad\u0103. \u00centre 200 \u015fi 400 de permise pe zi pentru c\u0103 s-a concentrat \u00een acela\u015fi loc \u015fi Bucure\u015ftiul \u015fi Ilfovul \u015fi au un deficit de personal. Sigur c\u0103 ar fi problema Executivului pentru c\u0103 Executivul s-a angajat la debirocratizare. Debirocratizarea vedem c\u0103 este, mai degrab\u0103, un slogan. (\u2026) Am fost deci ca s\u0103-mi preschimb permisul. Pentru asta trebuie s\u0103 depui un dosar, s\u0103 pl\u0103te\u015fti o tax\u0103. Am pl\u0103tit taxa \u00eenainte pentru c\u0103 am aflat c\u0103 este aglomera\u0163ie acolo \u015fi ca s\u0103 nu stau s\u0103 pierd mult\u0103 vreme. Am pl\u0103tit la o agen\u0163ie CEC. Am fost \u015fi am depus dosarul \u015fi dup\u0103 aceea am fost chemat la 4.30 ca s\u0103-mi ridic permisul. (\u2026) Mi-au transmis cei de la SPP: &lt;&lt;Trebuie s\u0103 ne prezent\u0103m la 8 f\u0103r\u0103 20 s\u0103 depunem dosarul&gt;&gt;. Acum, ce vre\u0163i s\u0103 povestesc, dac\u0103 vre\u0163i s\u0103 v\u0103 povestesc ceva. Pe baza informa\u0163iilor care au ap\u0103rut \u00een pres\u0103, probabil cineva din interiorul institu\u0163iei a anun\u0163at. Nu \u00eencepuse \u00eenc\u0103 programul de lucru, oficial, cu publicul. Am venit dup\u0103 aceea, seara, s\u0103 ridic permisul. Erau c\u00e2teva persoane la r\u00e2nd. Marele moment istoric?&#8221;, a declarat T\u0103riceanu, mar\u0163i sear\u0103, la <span lang=\"ro-RO\">un <a href=\"http:\/\/www.b1.ro\/\" target=\"_blank\" data-skip-linkfix=\"1\" rel=\"noopener\">post de televiziune<\/a><\/span>.<\/p>\n<p data-index=\"5\">El a mai spus \u015fi c\u0103 &#8220;s-a f\u0103cut o \u00eentreag\u0103 campanie&#8221;, iar &#8220;subiectul a fost umflat \u015fi rostogolit \u00een fel \u015fi chip&#8221;.<\/p>\n<p data-index=\"6\">&#8220;\u015ei campania asta, pentru mine, nu e deloc surprinz\u0103toare&#8221;, a afirmat T\u0103riceanu.<\/p>\n<p data-index=\"7\">Pre\u015fedintele Senatului a mai spus c\u0103 cineva din interiorul institu\u0163iei a anun\u0163at c\u0103 urma s\u0103 \u00ee\u015fi preschimbe permisul de conducere, pentru c\u0103 cel care l-a filmat era &#8220;bine documentat&#8221;. &#8220;Cineva din interiorul institu\u0163iei a anun\u0163at un cet\u0103\u0163ean care nu \u015ftiu dac\u0103 este ziarist&#8221;, a spus T\u0103riceanu, ar\u0103t\u00e2nd c\u0103 nu \u015ftie pentru c\u0103 nu i-a cerut s\u0103 se legitimeze.<\/p>\n<p data-index=\"8\">C\u0103lin Popescu T\u0103riceanu a fost filmat de News.ro c\u00e2nd intra prin spatele cl\u0103dirii DRPCIV, ocolind coada. La sediul serviciului de permise, el a fost a\u015fteptat de reprezentan\u0163i ai institu\u0163iei, care l-au condus \u00een cl\u0103dire \u015fi i-au f\u0103cut procedurile pentru eliberarea documentului. \u00cen tot acest timp, \u00een care T\u0103riceanu a completat documentele \u015fi a f\u0103cut fotografia pentru noul permis, publicul nu a avut permisiunea s\u0103 intre \u00een cl\u0103dire chiar dac\u0103, oficial, era ora deschiderii.<\/p>\n<p data-index=\"9\">El a dat primele explica\u0163ii pe acest subiect \u00een urm\u0103 cu o s\u0103pt\u0103m\u00e2n\u0103, sus\u0163in\u00e2nd \u015fi atunci c\u0103 oamenii cu func\u0163ii importante trebuie d\u0103 se dedice problemelor societ\u0103\u0163ii, nu statului la coad\u0103.<\/p>\n<p data-index=\"10\">&#8220;Exist\u0103, \u00een orice stat, c\u00e2teva func\u0163ii importante unde oamenii au fost ale\u015fi ca s\u0103 reprezinte, \u00eentr-un fel statul \u015fi s\u0103 se dedice, \u00een principal problemelor societ\u0103\u0163ii comunit\u0103\u0163ii. Da? Asta ar trebui s\u0103 fie preocuparea lor principal\u0103. Nu statul la coad\u0103. Sigur c\u0103 exist\u0103 \u015fi posibilitate s\u0103 st\u0103m la coad\u0103 la permise, la cump\u0103rat flori, la alte ac\u0163iuni. Din acest motiv, \u00een toate \u0163\u0103rile, cei care ocup\u0103 anumite pozi\u0163ii \u00eenalte se g\u0103sesc, din punct de vedere legal anumite modalit\u0103\u0163i, anumite p\u00e2rghii prin care li se permite s\u0103-\u015fi dedice majoritatea timpului \u00een interesul \u0163\u0103rii \u015fi al societ\u0103\u0163ii \u015fi nu s\u0103 stai. Sigur, p\u00e2n\u0103 la urm\u0103 nu e nimic \u00eenjositor. Dar e o problem\u0103 de gestiune a timpului\u201d, a explicat C\u0103lin Popescu T\u0103riceanu <a href=\"http:\/\/www.antena3.ro\/\" target=\"_blank\" data-skip-linkfix=\"1\" rel=\"noopener\">la o emisiune <span lang=\"ro-RO\">tv<\/span><\/a>.<\/p>\n<p data-index=\"11\">Mai multe anchete au fost declan\u015fate dup\u0103 ce C\u0103lin Popescu T\u0103riceanu a beneficiat e tratament special pentru preschimbarea permisului de conducere. Au loc verific\u0103ri la Direc\u0163ia Regim Permise de Conducere \u015fi \u00cenmatricularea Vehiculelor, conducerea institu\u0163iei autosesiz\u00e2ndu-se. \u015ei Institu\u0163ia Prefectului a anun\u0163at c\u0103 inten\u0163ioneaz\u0103 s\u0103 fac\u0103 un control.<\/p>\n<\/div>\n<p> Source URL: https:\/\/www.digi24.ro\/stiri\/actualitate\/tariceanu-despre-reinnoirea-permisului-n-am-vazut-nici-nu-cred-ca-ar-fi-de-dorit-sa-vedem-ministri-stand-la-cozi-552649<\/p>\n","protected":false},"excerpt":{"rendered":"<p>Pre\u015fedintele Senatului, C\u0103lin Popescu T\u0103riceanu, a reluat, mar\u0163i sear\u0103, explica\u0163iile date dup\u0103 ce a fost filmat de News.ro c\u00e2nd intra prin spatele cl\u0103dirii DRPCIV, ocolind coada, pentru a-\u015fi re\u00eennoi permisul de conducere, el sus\u0163in\u00e2nd, la\u00a0un post de televiziune, c\u0103 nu a v\u0103zut \u015fi nu crede c\u0103 &#8220;ar fi de dorit s\u0103 vedem prim-mini\u015ftri, mini\u015ftri, pre\u015fedintele [&hellip;]<\/p>\n","protected":false},"author":1,"featured_media":161180,"comment_status":"open","ping_status":"","sticky":false,"template":"","format":"standard","meta":{"footnotes":""},"categories":[2],"tags":[11],"class_list":["post-161179","post","type-post","status-publish","format-standard","has-post-thumbnail","hentry","category-politics","tag-digi24"],"_links":{"self":[{"href":"https:\/\/analyse.optim.biz\/index.php?rest_route=\/wp\/v2\/posts\/161179","targetHints":{"allow":["GET"]}}],"collection":[{"href":"https:\/\/analyse.optim.biz\/index.php?rest_route=\/wp\/v2\/posts"}],"about":[{"href":"https:\/\/analyse.optim.biz\/index.php?rest_route=\/wp\/v2\/types\/post"}],"author":[{"embeddable":true,"href":"https:\/\/analyse.optim.biz\/index.php?rest_route=\/wp\/v2\/users\/1"}],"replies":[{"embeddable":true,"href":"https:\/\/analyse.optim.biz\/index.php?rest_route=%2Fwp%2Fv2%2Fcomments&post=161179"}],"version-history":[{"count":0,"href":"https:\/\/analyse.optim.biz\/index.php?rest_route=\/wp\/v2\/posts\/161179\/revisions"}],"wp:featuredmedia":[{"embeddable":true,"href":"https:\/\/analyse.optim.biz\/index.php?rest_route=\/wp\/v2\/media\/161180"}],"wp:attachment":[{"href":"https:\/\/analyse.optim.biz\/index.php?rest_route=%2Fwp%2Fv2%2Fmedia&parent=161179"}],"wp:term":[{"taxonomy":"category","embeddable":true,"href":"https:\/\/analyse.optim.biz\/index.php?rest_route=%2Fwp%2Fv2%2Fcategories&post=161179"},{"taxonomy":"post_tag","embeddable":true,"href":"https:\/\/analyse.optim.biz\/index.php?rest_route=%2Fwp%2Fv2%2Ftags&post=161179"}],"curies":[{"name":"wp","href":"https:\/\/api.w.org\/{rel}","templated":true}]}}