{"id":161176,"date":"2016-08-24T11:56:32","date_gmt":"2016-08-24T08:56:32","guid":{"rendered":"https:\/\/analyse.optim.biz\/?p=161176"},"modified":"2016-08-24T11:56:32","modified_gmt":"2016-08-24T08:56:32","slug":"ciolos-negociaza-cu-dragnea-data-alegerilor-parlamentare","status":"publish","type":"post","link":"https:\/\/analyse.optim.biz\/?p=161176","title":{"rendered":"Ciolo\u0219 negociaz\u0103 cu Dragnea data alegerilor parlamentare"},"content":{"rendered":"<div class=\"entry data-app-meta data-app-meta-article\" data-embed-base-url-canonical=\"https:\/\/www.digi24.ro\/embed\/stiri\/actualitate\/politica\/ciolos-negociaza-cu-dragnea-data-alegerilor-parlamentare-552842\">\n<p data-index=\"1\">Premierul Dacian Ciolo\u015f urmeaz\u0103 s\u0103 aib\u0103 o discu\u0163ie cu liderul PSD Liviu Dragnea pe tema datei la care vor fi organizate alegerile parlamentare, au declarat, pentru News.ro, surse social-democrate, potrivit c\u0103rora PSD ar dori ca scrutinul s\u0103 aib\u0103 loc pe 4 decembrie sau pe 27 noiembrie, mai devreme dec\u00e2t propusese Guvernul.<\/p>\n<p data-index=\"2\"><img loading=\"lazy\" decoding=\"async\" class=\"alignnone size-full wp-image-552845\" src=\"https:\/\/analyse.optim.biz\/wp-content\/uploads\/2024\/09\/zdrjngqxztg5zjjlmdk5mdq3ymq4mtg5zwewmdm0oda-thumb_.jpg\" alt=\"ciolos tuns - gov.ro\" width=\"1600\" height=\"1067\" data-skip-htmlfix=\"1\" title=\"zdrjngqxztg5zjjlmdk5mdq3ymq4mtg5zwewmdm0oda-thumb_\"><\/p>\n<p data-index=\"3\">\u00a0 \u00a0 \u00a0 \u00a0 \u00a0 \u00a0 \u00a0 \u00a0 \u00a0 \u00a0 \u00a0 \u00a0 \u00a0 \u00a0 \u00a0 \u00a0 \u00a0 \u00a0 \u00a0 \u00a0 \u00a0 \u00a0 \u00a0 \u00a0 \u00a0 \u00a0 \u00a0 \u00a0 \u00a0 \u00a0 \u00a0 \u00a0 \u00a0 \u00a0 \u00a0 \u00a0 \u00a0 \u00a0 \u00a0 \u00a0 \u00a0 \u00a0 \u00a0 \u00a0 \u00a0 \u00a0 \u00a0 \u00a0 \u00a0 \u00a0 \u00a0 FOTO: gov.ro<\/p>\n<p data-index=\"4\">Social-democra\u0163ii ar vrea ca alegerile s\u0103 aib\u0103 loc pe 4 decembrie, o alt\u0103 variant\u0103 avansat\u0103 informal de Guvern fiind 11 decembrie.<\/p>\n<p data-index=\"5\">\u201dDac\u0103 sunt organizate alegerile parlamentare pe 11 decembrie ne \u00eentindem foarte mult cu calendarul. Asta \u00eenseamn\u0103 c\u0103 vom avea noul guvern dup\u0103 Anul nou. Facem sesiune extraordinar\u0103 pentru Guvern, apoi \u00eenc\u0103 o sesiune extraordinar\u0103 pentru buget. Am ajunge s\u0103 facem bugetul \u00een februarie anul viitor\u201d, spun surse din PSD.<\/p>\n<p data-index=\"6\">O alt\u0103 variant\u0103 luat\u0103 \u00een calcul de PSD, pe care ar dori s\u0103 o prezinte premierului Ciolo\u015f, este organizarea alegerilor mai devreme, pe 27 noiembrie, \u00eenainte de expirarea mandatului actualului Legislativ.<\/p>\n<p data-index=\"7\">\u201dDac\u0103 ar fi organizate alegerile \u00een 27 noiemembrie \u00eenseamn\u0103 c\u0103 prin 17 decembrie am avea noul parlament. \u015ei actualii deputa\u0163i \u015fi senatori \u00ee\u015fi \u00eencheie mandatul pe 19 decembrie. Deci ar fi dou\u0103 zile \u00een care se suprapun. Nu spunem c\u0103 nu e imposibil, dar trebuie s\u0103 vedem cum se poate interpreta legea\u201d, au mai spus surse social-democrate.<\/p>\n<p data-index=\"8\">P\u00e2n\u0103 \u00een acest moment, reprezentan\u0163i ai Guvernului au mai discutat \u015fi cu al\u0163i lideri de partide, printre care \u015fi PMP, care \u00eens\u0103 s-a opus datei de 4 decembrie, pe motiv c\u0103 s-ar suprapune minivacan\u0163ei de 1 Decembrie.<\/p>\n<p data-index=\"9\">&#8220;Pozi\u0163ia noastr\u0103 este ferm\u0103 c\u0103 nu consider\u0103m oportun ca data de 4 decembrie s\u0103 fie data pentru organizarea alegerilor. Credem c\u0103 cel mai corect este s\u0103 se g\u0103seasc\u0103 o alt\u0103 dat\u0103, \u00eentruc\u00e2t \u00een acea s\u0103pt\u0103m\u00e2n\u0103 sunt mai multe zile libere \u015fi, \u00een mod clar, electoratul, care, de obicei, este extrem de activ, profit\u0103 de aceste zile \u00een detrimentul exercit\u0103rii votului la vot&#8221;, a explicat pre\u015fedintele executiv al PMP, Eugen Tomac.<\/p>\n<\/div>\n<p> Source URL: https:\/\/www.digi24.ro\/stiri\/actualitate\/politica\/ciolos-negociaza-cu-dragnea-data-alegerilor-parlamentare-552842<\/p>\n","protected":false},"excerpt":{"rendered":"<p>Premierul Dacian Ciolo\u015f urmeaz\u0103 s\u0103 aib\u0103 o discu\u0163ie cu liderul PSD Liviu Dragnea pe tema datei la care vor fi organizate alegerile parlamentare, au declarat, pentru News.ro, surse social-democrate, potrivit c\u0103rora PSD ar dori ca scrutinul s\u0103 aib\u0103 loc pe 4 decembrie sau pe 27 noiembrie, mai devreme dec\u00e2t propusese Guvernul. \u00a0 \u00a0 \u00a0 \u00a0 [&hellip;]<\/p>\n","protected":false},"author":1,"featured_media":161177,"comment_status":"open","ping_status":"","sticky":false,"template":"","format":"standard","meta":{"footnotes":""},"categories":[2],"tags":[11],"class_list":["post-161176","post","type-post","status-publish","format-standard","has-post-thumbnail","hentry","category-politics","tag-digi24"],"_links":{"self":[{"href":"https:\/\/analyse.optim.biz\/index.php?rest_route=\/wp\/v2\/posts\/161176","targetHints":{"allow":["GET"]}}],"collection":[{"href":"https:\/\/analyse.optim.biz\/index.php?rest_route=\/wp\/v2\/posts"}],"about":[{"href":"https:\/\/analyse.optim.biz\/index.php?rest_route=\/wp\/v2\/types\/post"}],"author":[{"embeddable":true,"href":"https:\/\/analyse.optim.biz\/index.php?rest_route=\/wp\/v2\/users\/1"}],"replies":[{"embeddable":true,"href":"https:\/\/analyse.optim.biz\/index.php?rest_route=%2Fwp%2Fv2%2Fcomments&post=161176"}],"version-history":[{"count":0,"href":"https:\/\/analyse.optim.biz\/index.php?rest_route=\/wp\/v2\/posts\/161176\/revisions"}],"wp:featuredmedia":[{"embeddable":true,"href":"https:\/\/analyse.optim.biz\/index.php?rest_route=\/wp\/v2\/media\/161177"}],"wp:attachment":[{"href":"https:\/\/analyse.optim.biz\/index.php?rest_route=%2Fwp%2Fv2%2Fmedia&parent=161176"}],"wp:term":[{"taxonomy":"category","embeddable":true,"href":"https:\/\/analyse.optim.biz\/index.php?rest_route=%2Fwp%2Fv2%2Fcategories&post=161176"},{"taxonomy":"post_tag","embeddable":true,"href":"https:\/\/analyse.optim.biz\/index.php?rest_route=%2Fwp%2Fv2%2Ftags&post=161176"}],"curies":[{"name":"wp","href":"https:\/\/api.w.org\/{rel}","templated":true}]}}