{"id":161173,"date":"2016-08-24T13:06:39","date_gmt":"2016-08-24T10:06:39","guid":{"rendered":"https:\/\/analyse.optim.biz\/?p=161173"},"modified":"2016-08-24T13:06:39","modified_gmt":"2016-08-24T10:06:39","slug":"tensiuni-la-alegerile-interne-din-pnl","status":"publish","type":"post","link":"https:\/\/analyse.optim.biz\/?p=161173","title":{"rendered":"Tensiuni la alegerile interne din PNL"},"content":{"rendered":"<div class=\"entry data-app-meta data-app-meta-article\" data-embed-base-url-canonical=\"https:\/\/www.digi24.ro\/embed\/stiri\/actualitate\/politica\/tensiuni-la-alegerile-interne-din-pnl-552890\">\n<p data-index=\"1\">Alegerea noilor conduceri \u00een organiza\u021biile de Bucure\u0219ti ale PNL nu sunt lipsite de tensiuni, la sectorul 1, deputatul Diana Tu\u0219a anun\u021b\u00e2nd c\u0103 va demisiona din cauz\u0103 c\u0103 PNL &#8221;nu are nevoie de oameni cu proiecte&#8221;.<\/p>\n<p data-index=\"2\"><img loading=\"lazy\" decoding=\"async\" class=\"alignnone size-full wp-image-551358\" src=\"https:\/\/analyse.optim.biz\/wp-content\/uploads\/2024\/09\/njjkm2m5mgvjnddkndhlm2i4yzljnzmxmzu-thumb_.jpg\" alt=\"diana tusa fb\" width=\"553\" height=\"553\" data-skip-htmlfix=\"1\" title=\"njjkm2m5mgvjnddkndhlm2i4yzljnzmxmzu-thumb_\"><\/p>\n<p data-index=\"3\">&#8221;Con\u015ftientiz\u00e2nd c\u0103 PNL, \u00een forma din 2016, nu are nevoie de proiecte, eu ast\u0103zi \u00eemi dau demisia din PNL, nu aplaudati c\u0103 nu ave\u0163i de ce&#8221;, a spus Diana Tu\u015fa printre lacrimi.<\/p>\n<p data-index=\"4\">Deputatul liberal le-a spus colegilor c\u0103 s-a s\u0103turat de ipocrizie \u015fi de ascunderea gunoiului sub pre\u015f. Ea le-a atras aten\u0163ia liberalilor de la sectorul 1 c\u0103 &#8221;at\u00e2ta vreme c\u00e2t deciziile vin de undeva, arbitrar, f\u0103r\u0103 criterii, vom avea astfel de rezultate. Credeti c\u0103 alegerile din iarn\u0103 vor fi c\u00e2\u015ftigate a\u015fa?&#8221;, a spus Tu\u015fa \u00een momentul \u00een care \u015fi-a anun\u021bat demisia.<\/p>\n<p data-index=\"5\">Demisia Dianei Tu\u015fa a venit pe fondul unor tensiuni \u00eentre liberalii care conduc organiza\u0163iile din Bucure\u015fti.<\/p>\n<p data-index=\"6\">Noul purt\u0103tor de cuv\u00e2nt al partidului, Adriana S\u0103ftoiu, care este \u0219i prim-vicepre\u0219edinte coordonator al organiza\u021biei Bucure\u0219ti, a pledat pentru afirmarea ferm\u0103 a nemul\u021bumirilor \u0219i a asum\u0103rii gre\u0219elilor \u00een interiorul partidului.<\/p>\n<p data-index=\"7\">Noul \u015fef al PNL Bucure\u015fti, Cristian Bu\u015foi, le-a cerut colegilor de partid s\u0103 renun\u0163e la conflictele interne. Cristian Bu\u015foi. El a spus c\u0103, &#8221;din p\u0103cate, mai tot timpul \u00eent\u00e2lnirilor au fost consumate de chestiuni de organizare intern\u0103, aplanarea conflictelor \u0219i orgoliilor. Cred c\u0103 suntem pe o cale gre\u0219it\u0103 \u0219i v\u0103 spun cu toat\u0103 sinceritatea c\u0103 nu vom mai tolera mult ca PNL s\u0103 fie un c\u00e2mp de lupt\u0103. \u00cen timp ce noi ne h\u00e2rjonim, PSD-ului \u00eei va merge bine&#8221;.<\/p>\n<p data-index=\"8\">Dup\u0103 ce PNL a pierdut alegerile \u00een Bucure\u015fti, \u015fefii filialelor au fost nevoi\u0163i s\u0103 demisioneze. Nu to\u0163i au fost \u00eens\u0103 \u00eenlocui\u0163i. Una dintre cele mai disputate organiza\u0163ii e cea din sectorul 2, pentru a c\u0103rei conducere se lupt\u0103 fostul lider Anca Boagiu \u015fi fostul candidat la locale, Dan-Cristian Popescu. La sectorul 1, pre\u015fedinte a fost ales Mihai Voicu. \u00a0<\/p>\n<\/div>\n<p> Source URL: https:\/\/www.digi24.ro\/stiri\/actualitate\/politica\/tensiuni-la-alegerile-interne-din-pnl-552890<\/p>\n","protected":false},"excerpt":{"rendered":"<p>Alegerea noilor conduceri \u00een organiza\u021biile de Bucure\u0219ti ale PNL nu sunt lipsite de tensiuni, la sectorul 1, deputatul Diana Tu\u0219a anun\u021b\u00e2nd c\u0103 va demisiona din cauz\u0103 c\u0103 PNL &#8221;nu are nevoie de oameni cu proiecte&#8221;. &#8221;Con\u015ftientiz\u00e2nd c\u0103 PNL, \u00een forma din 2016, nu are nevoie de proiecte, eu ast\u0103zi \u00eemi dau demisia din PNL, nu [&hellip;]<\/p>\n","protected":false},"author":1,"featured_media":161174,"comment_status":"open","ping_status":"","sticky":false,"template":"","format":"standard","meta":{"footnotes":""},"categories":[2],"tags":[11],"class_list":["post-161173","post","type-post","status-publish","format-standard","has-post-thumbnail","hentry","category-politics","tag-digi24"],"_links":{"self":[{"href":"https:\/\/analyse.optim.biz\/index.php?rest_route=\/wp\/v2\/posts\/161173","targetHints":{"allow":["GET"]}}],"collection":[{"href":"https:\/\/analyse.optim.biz\/index.php?rest_route=\/wp\/v2\/posts"}],"about":[{"href":"https:\/\/analyse.optim.biz\/index.php?rest_route=\/wp\/v2\/types\/post"}],"author":[{"embeddable":true,"href":"https:\/\/analyse.optim.biz\/index.php?rest_route=\/wp\/v2\/users\/1"}],"replies":[{"embeddable":true,"href":"https:\/\/analyse.optim.biz\/index.php?rest_route=%2Fwp%2Fv2%2Fcomments&post=161173"}],"version-history":[{"count":0,"href":"https:\/\/analyse.optim.biz\/index.php?rest_route=\/wp\/v2\/posts\/161173\/revisions"}],"wp:featuredmedia":[{"embeddable":true,"href":"https:\/\/analyse.optim.biz\/index.php?rest_route=\/wp\/v2\/media\/161174"}],"wp:attachment":[{"href":"https:\/\/analyse.optim.biz\/index.php?rest_route=%2Fwp%2Fv2%2Fmedia&parent=161173"}],"wp:term":[{"taxonomy":"category","embeddable":true,"href":"https:\/\/analyse.optim.biz\/index.php?rest_route=%2Fwp%2Fv2%2Fcategories&post=161173"},{"taxonomy":"post_tag","embeddable":true,"href":"https:\/\/analyse.optim.biz\/index.php?rest_route=%2Fwp%2Fv2%2Ftags&post=161173"}],"curies":[{"name":"wp","href":"https:\/\/api.w.org\/{rel}","templated":true}]}}