{"id":161145,"date":"2016-08-24T13:22:39","date_gmt":"2016-08-24T10:22:39","guid":{"rendered":"https:\/\/analyse.optim.biz\/?p=161145"},"modified":"2016-08-24T13:22:39","modified_gmt":"2016-08-24T10:22:39","slug":"ponta-sustine-ca-a-demisionat-de-la-guvern-pentru-a-evita-revolte-ca-in-ucraina","status":"publish","type":"post","link":"https:\/\/analyse.optim.biz\/?p=161145","title":{"rendered":"Ponta sus\u021bine c\u0103 a demisionat de la Guvern pentru a evita revolte ca \u00een Ucraina"},"content":{"rendered":"<div class=\"entry data-app-meta data-app-meta-article\" data-embed-base-url-canonical=\"https:\/\/www.digi24.ro\/embed\/stiri\/actualitate\/politica\/ponta-sustine-ca-a-demisionat-de-la-guvern-pentru-a-evita-revolte-ca-in-ucraina-552902\">\n<p data-index=\"1\">Fostul premier Victor Ponta sus\u021bine c\u0103 a demisionat din func\u021bia de prim-ministru pentru c\u0103 ar fi primit informa\u0163ii de la ministrul de Interne de la acea vreme, Gabriel Oprea, potrivit c\u0103rora \u00een Rom\u00e2nia se preg\u0103teau proteste de amploare \u015fi incendieri de institu\u0163ii.<\/p>\n<p data-index=\"2\"><img loading=\"lazy\" decoding=\"async\" class=\"alignnone size-full wp-image-503037\" src=\"https:\/\/analyse.optim.biz\/wp-content\/uploads\/2024\/09\/agfzad1lntc2mdbln2u0nwflnzjjnzyzy2e1mwy4nmi3yjcxmq-thumb_.jpg\" alt=\"PONTA SI SOVA PROCES TURCENI 1 INTOARSA INQUAPHOTOS\" width=\"800\" height=\"533\" data-skip-htmlfix=\"1\" title=\"agfzad1lntc2mdbln2u0nwflnzjjnzyzy2e1mwy4nmi3yjcxmq-thumb_\"><\/p>\n<p data-index=\"3\">Victor Ponta a fost \u00eentrebat despre motivele demisiei sale, \u00een condi\u0163iile \u00een care ar exista &#8220;informa\u0163ii&#8221; potrivit c\u0103rora \u00een noiembrie 2015, dup\u0103 tragedia din Colectiv, urmau &#8220;foarte multe proteste, inclusiv incendierea unor sedii de institu\u0163ii foarte importante&#8221;. Fostul premier a confirmat aceste informa\u0163ii prezentate de Rom\u00e2nia TV: &#8220;Astea au fost informa\u0163iile pe care le-am primit \u015fi eu&#8221;.<\/p>\n<p data-index=\"4\">Victor Ponta a spus c\u0103 \u00een Rom\u00e2nia se preg\u0103teau evenimente similare cu cele din Ucraina, care au dus la c\u0103derea pre\u015fedintelui antieuropean \u015fi prorus Victor Ianukovici.<\/p>\n<p data-index=\"5\">&#8220;Se preg\u0103tea, a\u015fa, se dorea s\u0103 se \u00eent\u00e2mple \u00een Rom\u00e2nia ce s-a \u00eent\u00e2mplat \u00een Ucraina, a\u015fa, un Maidan. Ori, eu am spus, c\u0103 atunci era ministru de Interne domnul (Gabriel &#8211; n.r.) Oprea, am zis &lt;&lt;nici vorb\u0103, niciun jandarm, nu c\u0103 nu&#8230; Domnule, l\u0103sa\u0163i \u00een pace s\u0103 fac\u0103 ce vor, nu exist\u0103 \u00een Rom\u00e2nia jandarmi care bat oameni c\u00e2t sunt eu prim-ministru&gt;&gt;&#8221;, a spus Victor Ponta.<\/p>\n<p data-index=\"6\">\u00centrebat dac\u0103 cel care i-a prezentat aceste informa\u0163ii a fost fostul ministrul de Interne \u015fi vicepremierul Gabriel Oprea, Ponta a confirmat. &#8220;Am primit \u015fi alte date&#8221;, a completat Ponta.<\/p>\n<p data-index=\"7\">Fostul lider PSD a invocat din nou argumentul c\u0103 el a fost dat jos de la putere \u00een urma tragediei din clubul Colectiv la insisten\u0163ele pre\u015fedintelui Klaus Iohannis.\u00a0&#8220;Am spus: &lt;&lt;at\u00e2ta timp c\u00e2t pre\u015fedintele \u0163\u0103rii, cel care dincolo de partea personal\u0103, are totu\u015fi obliga\u0163ia de a respecta ni\u015fte reguli, ni\u015fte institu\u0163ii, de a reprezenta Rom\u00e2nia, folose\u015fte moartea unor oameni&#8230; (&#8230;) Nu e \u00een regul\u0103 s\u0103 te folose\u015fti de moartea cuiva&gt;&gt;&#8221;, a ad\u0103ugat Ponta.<\/p>\n<p data-index=\"8\">\u00a0<\/p>\n<\/div>\n<p> Source URL: https:\/\/www.digi24.ro\/stiri\/actualitate\/politica\/ponta-sustine-ca-a-demisionat-de-la-guvern-pentru-a-evita-revolte-ca-in-ucraina-552902<\/p>\n","protected":false},"excerpt":{"rendered":"<p>Fostul premier Victor Ponta sus\u021bine c\u0103 a demisionat din func\u021bia de prim-ministru pentru c\u0103 ar fi primit informa\u0163ii de la ministrul de Interne de la acea vreme, Gabriel Oprea, potrivit c\u0103rora \u00een Rom\u00e2nia se preg\u0103teau proteste de amploare \u015fi incendieri de institu\u0163ii. Victor Ponta a fost \u00eentrebat despre motivele demisiei sale, \u00een condi\u0163iile \u00een care [&hellip;]<\/p>\n","protected":false},"author":1,"featured_media":161146,"comment_status":"open","ping_status":"","sticky":false,"template":"","format":"standard","meta":{"footnotes":""},"categories":[2],"tags":[11],"class_list":["post-161145","post","type-post","status-publish","format-standard","has-post-thumbnail","hentry","category-politics","tag-digi24"],"_links":{"self":[{"href":"https:\/\/analyse.optim.biz\/index.php?rest_route=\/wp\/v2\/posts\/161145","targetHints":{"allow":["GET"]}}],"collection":[{"href":"https:\/\/analyse.optim.biz\/index.php?rest_route=\/wp\/v2\/posts"}],"about":[{"href":"https:\/\/analyse.optim.biz\/index.php?rest_route=\/wp\/v2\/types\/post"}],"author":[{"embeddable":true,"href":"https:\/\/analyse.optim.biz\/index.php?rest_route=\/wp\/v2\/users\/1"}],"replies":[{"embeddable":true,"href":"https:\/\/analyse.optim.biz\/index.php?rest_route=%2Fwp%2Fv2%2Fcomments&post=161145"}],"version-history":[{"count":0,"href":"https:\/\/analyse.optim.biz\/index.php?rest_route=\/wp\/v2\/posts\/161145\/revisions"}],"wp:featuredmedia":[{"embeddable":true,"href":"https:\/\/analyse.optim.biz\/index.php?rest_route=\/wp\/v2\/media\/161146"}],"wp:attachment":[{"href":"https:\/\/analyse.optim.biz\/index.php?rest_route=%2Fwp%2Fv2%2Fmedia&parent=161145"}],"wp:term":[{"taxonomy":"category","embeddable":true,"href":"https:\/\/analyse.optim.biz\/index.php?rest_route=%2Fwp%2Fv2%2Fcategories&post=161145"},{"taxonomy":"post_tag","embeddable":true,"href":"https:\/\/analyse.optim.biz\/index.php?rest_route=%2Fwp%2Fv2%2Ftags&post=161145"}],"curies":[{"name":"wp","href":"https:\/\/api.w.org\/{rel}","templated":true}]}}