{"id":161142,"date":"2016-08-24T14:43:28","date_gmt":"2016-08-24T11:43:28","guid":{"rendered":"https:\/\/analyse.optim.biz\/?p=161142"},"modified":"2016-08-24T14:43:28","modified_gmt":"2016-08-24T11:43:28","slug":"guvernul-acorda-un-ajutor-financiar-republicii-moldova-pentru-gradinite-si-comunitati-locale","status":"publish","type":"post","link":"https:\/\/analyse.optim.biz\/?p=161142","title":{"rendered":"Guvernul acord\u0103 un ajutor financiar Republicii Moldova pentru gr\u0103dini\u0163e \u015fi comunit\u0103\u0163i locale"},"content":{"rendered":"<div class=\"entry data-app-meta data-app-meta-article\" data-embed-base-url-canonical=\"https:\/\/www.digi24.ro\/embed\/stiri\/actualitate\/politica\/guvernul-acorda-un-ajutor-financiar-republicii-moldova-pentru-gradinite-si-comunitati-locale-552963\">\n<p data-index=\"1\"><strong>Guvernul a aprobat, miercuri, dou\u0103 memorandumuri pentru acordarea de sprijin financiar nerambursabil Republicii Moldova, \u00een valoare de 5 milioane de euro, pentru renovarea \u015fi dotarea a 36 de gr\u0103dini\u0163e, precum \u015fi pentru finan\u0163area unor programe adresate comunit\u0103\u0163ilor locale, informeaz\u0103<a href=\"http:\/\/www.news.ro\/\" target=\"_blank\" data-skip-linkfix=\"1\" rel=\"noopener\"> News.ro<\/a>.<\/strong><\/p>\n<figure class=\"article-thumb\"><img decoding=\"async\" src=\"https:\/\/analyse.optim.biz\/wp-content\/uploads\/2024\/09\/yxnopwy5njqxzjy2odm5nzbmztu4ymuznjyzztcxzdqwy2fi-thumb_-1.jpg\" alt=\"guvern ciolos sedinta - gov.ro\" data-skip-htmlfix=\"1\" title=\"yxnopwy5njqxzjy2odm5nzbmztu4ymuznjyzztcxzdqwy2fi-thumb_-1\"><figcaption> gov.ro <\/figcaption><\/figure>\n<p data-index=\"2\">Sprijinul financiar aprobat miercuri a fost acordat \u00een baza Acordului \u00eentre Guvernele celor dou\u0103 state privind implementarea programului de asisten\u0163\u0103 tehnic\u0103 \u015fi financiar\u0103 \u00een valoare de 100 milioane de euro, semnat la Bucure\u015fti la 27 aprilie 2010.<\/p>\n<p data-index=\"3\">Primul document are \u00een vedere \u00eencheierea Programului de cooperare pe 2016\u00a0\u00eentre Guvernul Rom\u00e2niei \u015fi Guvernul Republicii Moldova, care va constitui baza\u00a0legal\u0103 pentru acordarea sumei de trei milioane de euro asisten\u0163\u0103 financiar\u0103\u00a0nerambursabil\u0103 pentru renovarea \u015fi dotare a 85 de gr\u0103dini\u0163e din Republica Moldova.\u00a0Lista gr\u0103dini\u0163elor propuse s\u0103 beneficieze de sprijin financiar a fost stabilit\u0103 de\u00a0autorit\u0103\u0163ile Republicii Moldova. Aceste fonduri se adaug\u0103 celor 23 de milioane euro\u00a0transferate pentru gr\u0103dini\u0163e.<\/p>\n<p data-index=\"4\">Astfel, cele 3 milioane de euro vor fi folosite pentru un num\u0103r de 36 de gr\u0103dini\u0163e.<\/p>\n<p data-index=\"5\">Prin cel de-al doilea Memorandum, vor fi alocate dou\u0103 milioane de euro pentru\u00a0finan\u0163area unor programe adresate comunit\u0103\u0163ilor locale, respectiv un milion de euro prin Agen\u0163iile de Dezvoltare Regional\u0103 din Republica Moldova, pentru lucr\u0103ri de infrastructur\u0103 rural\u0103 \u00een 20 de localit\u0103\u0163i propuse de autorit\u0103\u0163ile de la Chi\u015fin\u0103u, \u015fi un milion de euro prin Fondul de Investi\u0163ii Sociale din Republica Moldova, pentru 15 proiecte de investi\u0163ii \u00een domeniul lucr\u0103rilor publice de interes pentru comunit\u0103\u0163ile locale, informeaz\u0103 Guvernul.<\/p>\n<\/div>\n<p> Source URL: https:\/\/www.digi24.ro\/stiri\/actualitate\/politica\/guvernul-acorda-un-ajutor-financiar-republicii-moldova-pentru-gradinite-si-comunitati-locale-552963<\/p>\n","protected":false},"excerpt":{"rendered":"<p>Guvernul a aprobat, miercuri, dou\u0103 memorandumuri pentru acordarea de sprijin financiar nerambursabil Republicii Moldova, \u00een valoare de 5 milioane de euro, pentru renovarea \u015fi dotarea a 36 de gr\u0103dini\u0163e, precum \u015fi pentru finan\u0163area unor programe adresate comunit\u0103\u0163ilor locale, informeaz\u0103 News.ro. gov.ro Sprijinul financiar aprobat miercuri a fost acordat \u00een baza Acordului \u00eentre Guvernele celor dou\u0103 [&hellip;]<\/p>\n","protected":false},"author":1,"featured_media":161143,"comment_status":"open","ping_status":"","sticky":false,"template":"","format":"standard","meta":{"footnotes":""},"categories":[2],"tags":[11],"class_list":["post-161142","post","type-post","status-publish","format-standard","has-post-thumbnail","hentry","category-politics","tag-digi24"],"_links":{"self":[{"href":"https:\/\/analyse.optim.biz\/index.php?rest_route=\/wp\/v2\/posts\/161142","targetHints":{"allow":["GET"]}}],"collection":[{"href":"https:\/\/analyse.optim.biz\/index.php?rest_route=\/wp\/v2\/posts"}],"about":[{"href":"https:\/\/analyse.optim.biz\/index.php?rest_route=\/wp\/v2\/types\/post"}],"author":[{"embeddable":true,"href":"https:\/\/analyse.optim.biz\/index.php?rest_route=\/wp\/v2\/users\/1"}],"replies":[{"embeddable":true,"href":"https:\/\/analyse.optim.biz\/index.php?rest_route=%2Fwp%2Fv2%2Fcomments&post=161142"}],"version-history":[{"count":0,"href":"https:\/\/analyse.optim.biz\/index.php?rest_route=\/wp\/v2\/posts\/161142\/revisions"}],"wp:featuredmedia":[{"embeddable":true,"href":"https:\/\/analyse.optim.biz\/index.php?rest_route=\/wp\/v2\/media\/161143"}],"wp:attachment":[{"href":"https:\/\/analyse.optim.biz\/index.php?rest_route=%2Fwp%2Fv2%2Fmedia&parent=161142"}],"wp:term":[{"taxonomy":"category","embeddable":true,"href":"https:\/\/analyse.optim.biz\/index.php?rest_route=%2Fwp%2Fv2%2Fcategories&post=161142"},{"taxonomy":"post_tag","embeddable":true,"href":"https:\/\/analyse.optim.biz\/index.php?rest_route=%2Fwp%2Fv2%2Ftags&post=161142"}],"curies":[{"name":"wp","href":"https:\/\/api.w.org\/{rel}","templated":true}]}}