{"id":161139,"date":"2016-08-24T14:47:40","date_gmt":"2016-08-24T11:47:40","guid":{"rendered":"https:\/\/analyse.optim.biz\/?p=161139"},"modified":"2016-08-24T14:47:40","modified_gmt":"2016-08-24T11:47:40","slug":"remus-cernea-il-da-in-judecata-pe-george-becali-si-cere-50-000-de-euro-despagubiri","status":"publish","type":"post","link":"https:\/\/analyse.optim.biz\/?p=161139","title":{"rendered":"Remus Cernea \u00eel d\u0103 \u00een judecat\u0103 pe George Becali \u0219i cere 50.000 de euro desp\u0103gubiri"},"content":{"rendered":"<div class=\"entry data-app-meta data-app-meta-article\" data-embed-base-url-canonical=\"https:\/\/www.digi24.ro\/embed\/stiri\/actualitate\/remus-cernea-il-da-in-judecata-pe-george-becali-si-cere-50-000-de-euro-despagubiri-552967\">\n<p data-index=\"1\">Deputatul Remus Cernea anun\u021b\u0103 c\u0103 va depune la Tribunalul Bucure\u0219ti o cerere de chemare \u00een judecat\u0103 a lui George Becali pe care-l acuz\u0103 de &#8220;atac la persoan\u0103&#8221; \u0219i adaug\u0103 c\u0103 va solicita instan\u021bei obligarea p\u00e2r\u00e2tului la plata sumei de &#8220;50.000 euro (&#8230;) reprezent\u00e2nd desp\u0103gubiri pentru daunele morale aduse imaginii, onoarei \u0219i reputa\u021biei&#8221;.<\/p>\n<p data-index=\"2\">&#8220;Am avut nenum\u0103rate lu\u0103ri de pozi\u021bie \u00een favoarea unor cet\u0103\u021beni victime ale unor abuzuri sau \u00een sprijinul unor grupuri vulnerabile \u021bint\u0103 a urii \u0219i intoleran\u021bei. Acum este o conjunctur\u0103 \u00een care consider c\u0103 este necesar s\u0103 demarez un proces \u00een care \u00eemi ap\u0103r mie \u00eensumi drepturile. Dar v\u0103d acest proces \u0219i ca fiind parte parte a unui efort de salubrizare a discursului public din Rom\u00e2nia marcat \u00een prea mare m\u0103sur\u0103 de vulgarit\u0103\u021bi, violen\u021be de limbaj \u0219i atitudini agresive care pun accentul pe atacul la persoan\u0103 \u0219i nu pe discutarea ideilor&#8221;, afirm\u0103 Remus Cernea \u00eentr-un comunicat transmis AGERPRES.<\/p>\n<p data-index=\"3\">Concret, deputatul face referire la o emisiune difuzat\u0103 de un post tv \u00een data de 7 iulie 2016, prilej cu care, printre alte subiecte, s-a discutat \u0219i despre &#8220;caracterul presupus \u0219tiin\u021bific al unor lucr\u0103ri presupuse a fi elaborate \u00een \u00eenchisoare de c\u0103tre de\u021binu\u021bi care, astfel, au reu\u0219it s\u0103 ias\u0103 din \u00eenchisoare mai devreme&#8221;.<\/p>\n<p data-index=\"4\"><img loading=\"lazy\" decoding=\"async\" class=\"alignnone size-full wp-image-83435\" src=\"https:\/\/analyse.optim.biz\/wp-content\/uploads\/2024\/09\/agfzad01ywvmotu5yzblngeznwuxmzc3njcwzmuzodvhyty3oa-thumb_.jpg\" alt=\"remus cernea - mfax\" width=\"800\" height=\"533\" data-skip-htmlfix=\"1\" title=\"agfzad01ywvmotu5yzblngeznwuxmzc3njcwzmuzodvhyty3oa-thumb_\"><\/p>\n<p data-index=\"5\">&#8220;Aceast\u0103 stare de lucruri face obiectul unei investiga\u021bii din partea procurorilor DNA care au invitat la audieri inclusiv pe Lauren\u021biu Streza, Mitropolitul Ardealului, \u00een calitate de martor cu privire la una dintre c\u0103r\u021bile semnate de c\u0103tre domnul George Becali. (&#8230;)Pornind de la calitatea martorului men\u021bionat mai sus de conduc\u0103tor al unei lucr\u0103ri presupus a fi elaborate de c\u0103tre domnul Becali George \u2014 \u00een perioada \u00een care s-a aflat \u00een executarea unei pedepse privative de libertate, pentru care i-a fost acordat un beneficiu de 30 de zile considerate ca executate \u2014 mi-am exprimat opinia asupra calit\u0103\u021bii de lucrare \u0219tiin\u021bific\u0103 a respectivei c\u0103r\u021bi (George Becali \u2014 &#8216;Iubirea milostiv\u0103 \u0219i m\u00e2ntuitoare&#8217;, editura Saeculum, Bucure\u0219ti, 2014). Astfel, am apreciat, principial vorbind, c\u0103 nu cred c\u0103 poate fi considerat\u0103 ca fiind \u0219tiin\u021bific\u0103 o lucrare \u00een care autorul doar \u00ee\u0219i afirm\u0103 credin\u021ba. Este de notorietate faptul c\u0103 domnul Becali nu este teolog, iar lucrarea semnat\u0103 de domnia sa ar fi trebuit s\u0103 corespund\u0103 unor criterii specifice, care nu sunt u\u0219or de atins \u00een absen\u021ba unei calific\u0103ri \u00een domeniul respectiv&#8221;, afirm\u0103 Cernea.<\/p>\n<p data-index=\"6\">Deputatul mai adaug\u0103 c\u0103 \u00een cadrul emisiunii respective Becali a intervenit \u00een direct, iar reac\u021bia sa a fost una &#8220;extrem de violent\u0103&#8221; profer\u00e2nd &#8220;atacuri la persoan\u0103 \u0219i amenin\u021b\u0103ri cu violen\u021ba fizic\u0103 la adresa mea&#8221;.<\/p>\n<\/div>\n<p> Source URL: https:\/\/www.digi24.ro\/stiri\/actualitate\/remus-cernea-il-da-in-judecata-pe-george-becali-si-cere-50-000-de-euro-despagubiri-552967<\/p>\n","protected":false},"excerpt":{"rendered":"<p>Deputatul Remus Cernea anun\u021b\u0103 c\u0103 va depune la Tribunalul Bucure\u0219ti o cerere de chemare \u00een judecat\u0103 a lui George Becali pe care-l acuz\u0103 de &#8220;atac la persoan\u0103&#8221; \u0219i adaug\u0103 c\u0103 va solicita instan\u021bei obligarea p\u00e2r\u00e2tului la plata sumei de &#8220;50.000 euro (&#8230;) reprezent\u00e2nd desp\u0103gubiri pentru daunele morale aduse imaginii, onoarei \u0219i reputa\u021biei&#8221;. &#8220;Am avut nenum\u0103rate [&hellip;]<\/p>\n","protected":false},"author":1,"featured_media":161140,"comment_status":"open","ping_status":"","sticky":false,"template":"","format":"standard","meta":{"footnotes":""},"categories":[2],"tags":[11],"class_list":["post-161139","post","type-post","status-publish","format-standard","has-post-thumbnail","hentry","category-politics","tag-digi24"],"_links":{"self":[{"href":"https:\/\/analyse.optim.biz\/index.php?rest_route=\/wp\/v2\/posts\/161139","targetHints":{"allow":["GET"]}}],"collection":[{"href":"https:\/\/analyse.optim.biz\/index.php?rest_route=\/wp\/v2\/posts"}],"about":[{"href":"https:\/\/analyse.optim.biz\/index.php?rest_route=\/wp\/v2\/types\/post"}],"author":[{"embeddable":true,"href":"https:\/\/analyse.optim.biz\/index.php?rest_route=\/wp\/v2\/users\/1"}],"replies":[{"embeddable":true,"href":"https:\/\/analyse.optim.biz\/index.php?rest_route=%2Fwp%2Fv2%2Fcomments&post=161139"}],"version-history":[{"count":0,"href":"https:\/\/analyse.optim.biz\/index.php?rest_route=\/wp\/v2\/posts\/161139\/revisions"}],"wp:featuredmedia":[{"embeddable":true,"href":"https:\/\/analyse.optim.biz\/index.php?rest_route=\/wp\/v2\/media\/161140"}],"wp:attachment":[{"href":"https:\/\/analyse.optim.biz\/index.php?rest_route=%2Fwp%2Fv2%2Fmedia&parent=161139"}],"wp:term":[{"taxonomy":"category","embeddable":true,"href":"https:\/\/analyse.optim.biz\/index.php?rest_route=%2Fwp%2Fv2%2Fcategories&post=161139"},{"taxonomy":"post_tag","embeddable":true,"href":"https:\/\/analyse.optim.biz\/index.php?rest_route=%2Fwp%2Fv2%2Ftags&post=161139"}],"curies":[{"name":"wp","href":"https:\/\/api.w.org\/{rel}","templated":true}]}}