{"id":161136,"date":"2016-08-24T14:53:23","date_gmt":"2016-08-24T11:53:23","guid":{"rendered":"https:\/\/analyse.optim.biz\/?p=161136"},"modified":"2016-08-24T14:53:23","modified_gmt":"2016-08-24T11:53:23","slug":"ponta-a-actionat-in-justitie-ordinul-ministrului-de-retragere-a-titlului-de-doctor-amanand-o-decizie-de-excludere-din-barou","status":"publish","type":"post","link":"https:\/\/analyse.optim.biz\/?p=161136","title":{"rendered":"Ponta a ac\u021bionat \u00een justi\u021bie ordinul ministrului de retragere a titlului de doctor, am\u00e2n\u00e2nd o decizie de excludere din barou"},"content":{"rendered":"<div class=\"entry data-app-meta data-app-meta-article\" data-embed-base-url-canonical=\"https:\/\/www.digi24.ro\/embed\/stiri\/actualitate\/ponta-a-actionat-in-justitie-ordinul-ministrului-de-retragere-a-titlului-de-doctor-amanand-o-decizie-de-excludere-din-barou-552973\">\n<p data-index=\"1\"><strong>Victor Ponta a depus la Curtea de Apel din Bucure\u0219ti o pl\u00e2ngere prealabil\u0103 \u00eempotriva ordinului semnat de ministrul educa\u021biei, Mircea Dumitru, prin care i-a fost retras titlul de doctor \u00een drept, un demers care am\u00e2n\u0103, p\u00e2n\u0103 la pronun\u021barea unei sentin\u021be, excluderea sa din Baroul Bucure\u0219ti, urm\u00e2nd ca la finalul lunii august s\u0103 aib\u0103 loc o nou\u0103 \u0219edin\u021b\u0103 a Consiliului avoca\u021bilor bucure\u0219teni.<\/strong><\/p>\n<p data-index=\"2\"><img loading=\"lazy\" decoding=\"async\" class=\"alignnone size-full wp-image-544361\" src=\"https:\/\/analyse.optim.biz\/wp-content\/uploads\/2024\/09\/agfzad1kzwezodfkodg2mtc4mgq5mmrloduxnzeyndljotg2nw-thumb_.jpg\" alt=\"Ion Dragne decan al Baroului Bucuresti agerpres 8141269\" width=\"800\" height=\"532\" data-skip-htmlfix=\"1\" title=\"agfzad1kzwezodfkodg2mtc4mgq5mmrloduxnzeyndljotg2nw-thumb_\"><\/p>\n<p data-index=\"3\">\u0218edin\u021ba de mar\u021bi a Consiliului Baroului Bucure\u0219ti a am\u00e2nat o decizie \u00een privin\u021ba excluderii din r\u00e2ndul avoca\u021bilor a lui Victor Ponta, \u00een condi\u021biile \u00een care fostul premier a contestat \u00een justi\u021bie retragerea titlului. Ponta a depus la Curtea de Apel Bucure\u0219ti o pl\u00e2ngere prealabil\u0103 \u00eempotriva Ordinului de ministru nr. 4662\/1.08.2016, cel prin care ministrul educa\u021biei a dat curs solicit\u0103rii CNATDCU de a-i retrage fostului prim-ministru titlul de doctor, \u00eentruc\u00e2t teza sa a fost considerat\u0103 un plagiat.<\/p>\n<p data-index=\"4\">Ponta a mai depus la Baroul Bucure\u0219ti \u0219i un memoriu \u00een care \u0219i-a prezentat punctul de vedere asupra dezbaterii referitoare la excluderea sa din avocatur\u0103.<\/p>\n<p data-index=\"5\">Membrii Consiliului Baroului Bucure\u0219ti au convenit ca la urm\u0103toarea \u0219edin\u021b\u0103 s\u0103 fie invita\u021bi, deopotriv\u0103, at\u00e2t Monica Macovei, cea care a \u00eenaintat cererea de exludere a lui Ponta din r\u00e2ndul avoca\u021bilor, c\u00e2t \u0219i Ponta.<\/p>\n<p data-index=\"6\">&#8220;Nu avem o procedur\u0103 disciplinar\u0103 \u00een care doamna Macovei este petenta \u0219i domnul Ponta este persoana \u00eempotriva c\u0103ruia s-a f\u0103cut o pl\u00e2ngere disciplinar\u0103, ci avem o cerere inedit\u0103 \u00een raport de care Consiliul a apreciat c\u0103 este util\u0103 invitarea celor doi membri ai Baroului Bucure\u0219ti pentru a-\u0219i preciza punctul de vedere \u00een scris \u0219i pentru a r\u0103spunde la eventualele \u00eentreb\u0103ri ale membrilor Consiliului. Prezen\u021ba domniilor lor este facultativ\u0103, iar lipsa lor nu va \u00eempiedica dezbaterile \u0219i luarea unei eventuale decizii&#8221;, a explicat Ion Dragne, decanul Baroului Bucure\u0219ti.<\/p>\n<p data-index=\"7\">Monica Macovei invocase legea dup\u0103 care func\u021bioneaz\u0103 breasla avoca\u021bilor, care prevede c\u0103 de\u021bin\u0103torii titlului de doctor \u00een drept nu mai trebuie s\u0103 dea examen pentru intrarea \u00een breasla avoca\u021bilor, or verdictul CNATDCU referitor la plagierea tezei, anula \u0219i valabilitatea statutului de avocat al lui Ponta.<\/p>\n<p data-index=\"8\">Baroul se va \u00eentruni la 31 august, c\u00e2nd Ion Dragne, decanul baroului, precum \u0219i doi consilieri ai baroului (Flavia Teodosiu \u0219i Mihai T\u0103n\u0103sescu), vor prezenta un raport asupra institu\u021biilor de drept administrativ \u0219i exercitarea profesiei de avocat.<\/p>\n<p data-index=\"9\">Decanul baroului a precizat c\u0103 decizia Consiliului este, \u00eens\u0103, atacabil\u0103 &#8211; &#8220;Decizia Consiliului, care va fi aceea, este un act administrativ supus unui control at\u00e2t \u00een sistemul organiz\u0103rii profesiei de avocat, de legalitate la Uniunea Na\u021bional\u0103 a Barourilor din Rom\u00e2nia, c\u00e2t \u0219i la instan\u021ba de judecat\u0103&#8221;, a ar\u0103tat el.<\/p>\n<p data-index=\"10\">\u00a0<\/p>\n<p data-index=\"11\">\u00a0<\/p>\n<\/div>\n<p> Source URL: https:\/\/www.digi24.ro\/stiri\/actualitate\/ponta-a-actionat-in-justitie-ordinul-ministrului-de-retragere-a-titlului-de-doctor-amanand-o-decizie-de-excludere-din-barou-552973<\/p>\n","protected":false},"excerpt":{"rendered":"<p>Victor Ponta a depus la Curtea de Apel din Bucure\u0219ti o pl\u00e2ngere prealabil\u0103 \u00eempotriva ordinului semnat de ministrul educa\u021biei, Mircea Dumitru, prin care i-a fost retras titlul de doctor \u00een drept, un demers care am\u00e2n\u0103, p\u00e2n\u0103 la pronun\u021barea unei sentin\u021be, excluderea sa din Baroul Bucure\u0219ti, urm\u00e2nd ca la finalul lunii august s\u0103 aib\u0103 loc o [&hellip;]<\/p>\n","protected":false},"author":1,"featured_media":161137,"comment_status":"open","ping_status":"","sticky":false,"template":"","format":"standard","meta":{"footnotes":""},"categories":[2],"tags":[11],"class_list":["post-161136","post","type-post","status-publish","format-standard","has-post-thumbnail","hentry","category-politics","tag-digi24"],"_links":{"self":[{"href":"https:\/\/analyse.optim.biz\/index.php?rest_route=\/wp\/v2\/posts\/161136","targetHints":{"allow":["GET"]}}],"collection":[{"href":"https:\/\/analyse.optim.biz\/index.php?rest_route=\/wp\/v2\/posts"}],"about":[{"href":"https:\/\/analyse.optim.biz\/index.php?rest_route=\/wp\/v2\/types\/post"}],"author":[{"embeddable":true,"href":"https:\/\/analyse.optim.biz\/index.php?rest_route=\/wp\/v2\/users\/1"}],"replies":[{"embeddable":true,"href":"https:\/\/analyse.optim.biz\/index.php?rest_route=%2Fwp%2Fv2%2Fcomments&post=161136"}],"version-history":[{"count":0,"href":"https:\/\/analyse.optim.biz\/index.php?rest_route=\/wp\/v2\/posts\/161136\/revisions"}],"wp:featuredmedia":[{"embeddable":true,"href":"https:\/\/analyse.optim.biz\/index.php?rest_route=\/wp\/v2\/media\/161137"}],"wp:attachment":[{"href":"https:\/\/analyse.optim.biz\/index.php?rest_route=%2Fwp%2Fv2%2Fmedia&parent=161136"}],"wp:term":[{"taxonomy":"category","embeddable":true,"href":"https:\/\/analyse.optim.biz\/index.php?rest_route=%2Fwp%2Fv2%2Fcategories&post=161136"},{"taxonomy":"post_tag","embeddable":true,"href":"https:\/\/analyse.optim.biz\/index.php?rest_route=%2Fwp%2Fv2%2Ftags&post=161136"}],"curies":[{"name":"wp","href":"https:\/\/api.w.org\/{rel}","templated":true}]}}