{"id":161132,"date":"2016-08-24T14:58:00","date_gmt":"2016-08-24T11:58:00","guid":{"rendered":"https:\/\/analyse.optim.biz\/?p=161132"},"modified":"2016-08-24T14:58:00","modified_gmt":"2016-08-24T11:58:00","slug":"dosarul-revolutiei-se-redeschide-cu-o-noua-echipa-de-procurori","status":"publish","type":"post","link":"https:\/\/analyse.optim.biz\/?p=161132","title":{"rendered":"Dosarul Revolu\u021biei se redeschide cu o nou\u0103 echip\u0103 de procurori"},"content":{"rendered":"<div class=\"entry data-app-meta data-app-meta-article\" data-embed-base-url-canonical=\"https:\/\/www.digi24.ro\/embed\/stiri\/actualitate\/justitie\/dosarul-revolutiei-se-redeschide-cu-o-noua-echipa-de-procurori-552976\">\n<p data-index=\"1\"><strong>Procurorul general al Parchetului \u00cenaltei Cur\u0163i de Casa\u0163ie \u015fi Justi\u0163ie, Augustin Laz\u0103r, a anun\u0163at, mar\u0163i, c\u0103 dosarul Revolu\u0163iei a ajuns de la instan\u0163a suprem\u0103 la Sec\u0163ia Parchetelor Militare, unde o echip\u0103 nou\u0103 de procurori va \u00eencepe s\u0103 lucreze \u015fi s\u0103 stabileasc\u0103 adev\u0103rul \u00een acest caz.<\/strong><\/p>\n<p data-index=\"2\"><img loading=\"lazy\" decoding=\"async\" class=\"alignnone size-full wp-image-533222\" src=\"https:\/\/analyse.optim.biz\/wp-content\/uploads\/2024\/09\/agfzad01ytrmndm5mmy3ngy1zdzlmgq4yzm3nddiodzimwjjyq-thumb_.jpg\" alt=\"augustin lazar captura 1-1\" width=\"800\" height=\"534\" data-skip-htmlfix=\"1\" title=\"agfzad01ytrmndm5mmy3ngy1zdzlmgq4yzm3nddiodzimwjjyq-thumb_\"><\/p>\n<p data-index=\"3\">Parchetul \u00cenaltei Cur\u0163i de Casa\u0163ie \u015fi Justi\u0163ie (PICCJ) a trimis dosarul Revolu\u0163iei \u00een aprilie la instan\u0163a suprem\u0103, pentru confirmarea deciziei procurorilor de redeschidere a cauzei.<\/p>\n<p data-index=\"4\">Judec\u0103torul de camer\u0103 preliminar\u0103 de la \u00cenalta Curte de Casa\u0163ie \u015fi Justi\u0163ie care a confirmat redeschiderea urm\u0103ririi penale \u00een dosarul Revolu\u0163iei a ar\u0103tat c\u0103 procurorii militari au f\u0103cut o anchet\u0103 lacunar\u0103 \u015fi c\u0103 \u00eentre 7 decembrie 2014, c\u00e2nd a fost scris\u0103 rezolu\u0163ia de \u00eencepere a urm\u0103ririi penale, \u015fi 14 octombrie 2015, c\u00e2nd procurorul a dispus clasarea cazului, nu s-a efectuat niciun act de urm\u0103rire penal\u0103.<\/p>\n<p data-index=\"5\">Magistratul de la ICCJ a apreciat c\u0103 se impune cu necesitate reluarea cercet\u0103rilor, care vor permite administrarea oric\u0103ror probe pentru l\u0103murirea situa\u0163iei de fapt \u015fi aflarea adev\u0103rului, preciz\u00e2nd c\u0103 \u201eedeschiderea urm\u0103ririi penale nu este altceva dec\u00e2t re\u00eenvierea ac\u0163iunii publice\u201d.<\/p>\n<p data-index=\"6\">\u00cen motivare se mai arat\u0103 c\u0103 procurorul care a anchetat cazul \u015fi-a stabilit o serie de obiective, printre care aflarea identit\u0103\u0163ii victimelor, a locurilor din care s-a tras, a armelor care s-au folosit \u015fi a persoanelor cu func\u0163ii de decizie \u00een statul rom\u00e2n care au avut un rol \u00een evenimentele violente din timpul Revolu\u0163iei din 1989, \u00eens\u0103 acestea nu au fost atinse \u015fi nici nu au fost f\u0103cute demersuri pentru \u00eendeplinirea lor.<\/p>\n<p data-index=\"7\">Dosarul Revolu\u0163iei din 1989 este una dintre cele mai tergiversate anchete din istoria practicii judiciare din Rom\u00e2nia. Procurorii au avut de l\u0103murit cauzele \u00een care s-a produs\u00a0decesul a 709 persoane, r\u0103nirea prin \u00eempu\u015fcare a 1.855 de persoane, r\u0103nirea prin alte forme de violen\u0163\u0103 a 343 de persoane \u015fi privarea ilegal\u0103 de libertate a 924 de persoane.<\/p>\n<p data-index=\"8\"><img loading=\"lazy\" decoding=\"async\" src=\"https:\/\/analyse.optim.biz\/wp-content\/uploads\/2024\/09\/mte0ytuyymy1nte0yjqwmziwm2e3ntzlzq.gif\" width=\"1\" height=\"1\" align=\"BOTTOM\" border=\"0\" data-skip-htmlfix=\"1\" title=\"mte0ytuyymy1nte0yjqwmziwm2e3ntzlzq\">\u00a0<\/p>\n<\/div>\n<p> Source URL: https:\/\/www.digi24.ro\/stiri\/actualitate\/justitie\/dosarul-revolutiei-se-redeschide-cu-o-noua-echipa-de-procurori-552976<\/p>\n","protected":false},"excerpt":{"rendered":"<p>Procurorul general al Parchetului \u00cenaltei Cur\u0163i de Casa\u0163ie \u015fi Justi\u0163ie, Augustin Laz\u0103r, a anun\u0163at, mar\u0163i, c\u0103 dosarul Revolu\u0163iei a ajuns de la instan\u0163a suprem\u0103 la Sec\u0163ia Parchetelor Militare, unde o echip\u0103 nou\u0103 de procurori va \u00eencepe s\u0103 lucreze \u015fi s\u0103 stabileasc\u0103 adev\u0103rul \u00een acest caz. Parchetul \u00cenaltei Cur\u0163i de Casa\u0163ie \u015fi Justi\u0163ie (PICCJ) a trimis [&hellip;]<\/p>\n","protected":false},"author":1,"featured_media":161133,"comment_status":"open","ping_status":"","sticky":false,"template":"","format":"standard","meta":{"footnotes":""},"categories":[2],"tags":[11],"class_list":["post-161132","post","type-post","status-publish","format-standard","has-post-thumbnail","hentry","category-politics","tag-digi24"],"_links":{"self":[{"href":"https:\/\/analyse.optim.biz\/index.php?rest_route=\/wp\/v2\/posts\/161132","targetHints":{"allow":["GET"]}}],"collection":[{"href":"https:\/\/analyse.optim.biz\/index.php?rest_route=\/wp\/v2\/posts"}],"about":[{"href":"https:\/\/analyse.optim.biz\/index.php?rest_route=\/wp\/v2\/types\/post"}],"author":[{"embeddable":true,"href":"https:\/\/analyse.optim.biz\/index.php?rest_route=\/wp\/v2\/users\/1"}],"replies":[{"embeddable":true,"href":"https:\/\/analyse.optim.biz\/index.php?rest_route=%2Fwp%2Fv2%2Fcomments&post=161132"}],"version-history":[{"count":0,"href":"https:\/\/analyse.optim.biz\/index.php?rest_route=\/wp\/v2\/posts\/161132\/revisions"}],"wp:featuredmedia":[{"embeddable":true,"href":"https:\/\/analyse.optim.biz\/index.php?rest_route=\/wp\/v2\/media\/161133"}],"wp:attachment":[{"href":"https:\/\/analyse.optim.biz\/index.php?rest_route=%2Fwp%2Fv2%2Fmedia&parent=161132"}],"wp:term":[{"taxonomy":"category","embeddable":true,"href":"https:\/\/analyse.optim.biz\/index.php?rest_route=%2Fwp%2Fv2%2Fcategories&post=161132"},{"taxonomy":"post_tag","embeddable":true,"href":"https:\/\/analyse.optim.biz\/index.php?rest_route=%2Fwp%2Fv2%2Ftags&post=161132"}],"curies":[{"name":"wp","href":"https:\/\/api.w.org\/{rel}","templated":true}]}}