{"id":161118,"date":"2016-08-24T20:59:42","date_gmt":"2016-08-24T17:59:42","guid":{"rendered":"https:\/\/analyse.optim.biz\/?p=161118"},"modified":"2016-08-24T20:59:42","modified_gmt":"2016-08-24T17:59:42","slug":"usr-usb-si-uniunea-pentru-codlea-au-fuzionat","status":"publish","type":"post","link":"https:\/\/analyse.optim.biz\/?p=161118","title":{"rendered":"USR, USB \u0219i Uniunea pentru Codlea au fuzionat"},"content":{"rendered":"<div class=\"entry data-app-meta data-app-meta-article\" data-embed-base-url-canonical=\"https:\/\/www.digi24.ro\/embed\/stiri\/actualitate\/politica\/usr-usb-si-uniunea-pentru-codlea-au-fuzionat-553153\">\n<p data-index=\"1\"><strong>Se str\u00e2ng r\u00e2ndurile pe scena politic\u0103 \u00eenaintea alegerilor parlamentare din toman\u0103. Uniunea Salva\u0163i Bucure\u015ftiul, Uniunea pentru Codlea \u015fi nou-\u00eenfiin\u0163ata Uniunea Salva\u0163i Rom\u00e2nia au fuzionat duminic\u0103 \u00een cadrul unui congres ce s-a desf\u0103\u015furat cu u\u015file \u00eenchise.<\/strong><\/p>\n<p data-index=\"2\"><img loading=\"lazy\" decoding=\"async\" class=\"alignnone size-full wp-image-553157\" src=\"https:\/\/analyse.optim.biz\/wp-content\/uploads\/2024\/09\/jnc9odawjmhhc2g9mwiwmdcxmda0yzg5mjhhztexzjc0m2ywowi1zduwnwu-thumb_.jpg\" alt=\"nicusor\" width=\"728\" height=\"304\" data-skip-htmlfix=\"1\" title=\"jnc9odawjmhhc2g9mwiwmdcxmda0yzg5mjhhztexzjc0m2ywowi1zduwnwu-thumb_\"><\/p>\n<p data-index=\"3\"><span lang=\"ro-RO\">Noua forma\u0163iune politic\u0103 se va numi Uniunea Salva\u0163i Rom\u00e2nia \u015fi va candida la alegerile parlamentare. Pre\u015fedintele Nicu\u015for Dan \u015fi-a propus un scor de cel pu\u0163in 10%. 57 de consilieri locali vor deveni, dup\u0103 aceast\u0103 fuziune, consilieri USR &#8211; 54 \u00een Bucure\u015fti \u015fi 3 \u00een Codlea.<\/span><\/p>\n<p data-index=\"4\">Urm\u0103torul obiectiv al noului partid este ca, p\u00e2n\u0103 la finalul lunii septembrie, s\u0103 aib\u0103 c\u00e2te o filial\u0103 \u00een fiecare jude\u0163 din \u0163ar\u0103.<\/p>\n<\/div>\n<p> Source URL: https:\/\/www.digi24.ro\/stiri\/actualitate\/politica\/usr-usb-si-uniunea-pentru-codlea-au-fuzionat-553153<\/p>\n","protected":false},"excerpt":{"rendered":"<p>Se str\u00e2ng r\u00e2ndurile pe scena politic\u0103 \u00eenaintea alegerilor parlamentare din toman\u0103. Uniunea Salva\u0163i Bucure\u015ftiul, Uniunea pentru Codlea \u015fi nou-\u00eenfiin\u0163ata Uniunea Salva\u0163i Rom\u00e2nia au fuzionat duminic\u0103 \u00een cadrul unui congres ce s-a desf\u0103\u015furat cu u\u015file \u00eenchise. Noua forma\u0163iune politic\u0103 se va numi Uniunea Salva\u0163i Rom\u00e2nia \u015fi va candida la alegerile parlamentare. Pre\u015fedintele Nicu\u015for Dan \u015fi-a propus [&hellip;]<\/p>\n","protected":false},"author":1,"featured_media":161119,"comment_status":"open","ping_status":"","sticky":false,"template":"","format":"standard","meta":{"footnotes":""},"categories":[2],"tags":[11],"class_list":["post-161118","post","type-post","status-publish","format-standard","has-post-thumbnail","hentry","category-politics","tag-digi24"],"_links":{"self":[{"href":"https:\/\/analyse.optim.biz\/index.php?rest_route=\/wp\/v2\/posts\/161118","targetHints":{"allow":["GET"]}}],"collection":[{"href":"https:\/\/analyse.optim.biz\/index.php?rest_route=\/wp\/v2\/posts"}],"about":[{"href":"https:\/\/analyse.optim.biz\/index.php?rest_route=\/wp\/v2\/types\/post"}],"author":[{"embeddable":true,"href":"https:\/\/analyse.optim.biz\/index.php?rest_route=\/wp\/v2\/users\/1"}],"replies":[{"embeddable":true,"href":"https:\/\/analyse.optim.biz\/index.php?rest_route=%2Fwp%2Fv2%2Fcomments&post=161118"}],"version-history":[{"count":0,"href":"https:\/\/analyse.optim.biz\/index.php?rest_route=\/wp\/v2\/posts\/161118\/revisions"}],"wp:featuredmedia":[{"embeddable":true,"href":"https:\/\/analyse.optim.biz\/index.php?rest_route=\/wp\/v2\/media\/161119"}],"wp:attachment":[{"href":"https:\/\/analyse.optim.biz\/index.php?rest_route=%2Fwp%2Fv2%2Fmedia&parent=161118"}],"wp:term":[{"taxonomy":"category","embeddable":true,"href":"https:\/\/analyse.optim.biz\/index.php?rest_route=%2Fwp%2Fv2%2Fcategories&post=161118"},{"taxonomy":"post_tag","embeddable":true,"href":"https:\/\/analyse.optim.biz\/index.php?rest_route=%2Fwp%2Fv2%2Ftags&post=161118"}],"curies":[{"name":"wp","href":"https:\/\/api.w.org\/{rel}","templated":true}]}}