{"id":161115,"date":"2016-08-24T22:46:44","date_gmt":"2016-08-24T19:46:44","guid":{"rendered":"https:\/\/analyse.optim.biz\/?p=161115"},"modified":"2016-08-24T22:46:44","modified_gmt":"2016-08-24T19:46:44","slug":"tariceanu-despre-posibilitatea-ca-dragnea-sa-fie-prim-ministru-si-in-franta-un-fost-premier-condamnat-candideaza","status":"publish","type":"post","link":"https:\/\/analyse.optim.biz\/?p=161115","title":{"rendered":"T\u0103riceanu, despre posibilitatea ca Dragnea s\u0103 fie prim-ministru: \u015ei \u00een Fran\u0163a un fost premier condamnat candideaz\u0103"},"content":{"rendered":"<div class=\"entry data-app-meta data-app-meta-article\" data-embed-base-url-canonical=\"https:\/\/www.digi24.ro\/embed\/stiri\/actualitate\/politica\/tariceanu-despre-posibilitatea-ca-dragnea-sa-fie-prim-ministru-si-in-franta-un-fost-premier-condamnat-candideaza-553204\">\n<p data-index=\"1\"><strong>Liderul ALDE C\u0103lin Popescu T\u0103riceanu a declarat mar\u0163i \u2013 \u00eentrebat dac\u0103 dore\u015fte s\u0103 fie premier, \u00een condi\u0163iile \u00een care Liviu Dragnea nu ar putea candida din cauza condamn\u0103rii &#8211; c\u0103 \u015fi \u00een Fran\u0163a un fost prim-ministru care a primit o sentin\u0163\u0103 de un an \u015fi 6 luni cu suspendare ar putea deveni pre\u015fedinte, informeaz\u0103\u00a0News.ro.<\/strong><\/p>\n<p data-index=\"2\"><img loading=\"lazy\" decoding=\"async\" class=\"alignnone size-full wp-image-553205\" src=\"https:\/\/analyse.optim.biz\/wp-content\/uploads\/2024\/09\/jmhhc2g9m2u2ogzmztlhztviogzintazymu3yje2ymjhn2u3ntc-thumb_.jpg\" alt=\"tariceanu ALDE Facebook\" width=\"1068\" height=\"712\" data-skip-htmlfix=\"1\" title=\"jmhhc2g9m2u2ogzmztlhztviogzintazymu3yje2ymjhn2u3ntc-thumb_\"><\/p>\n<p data-index=\"3\">C\u0103lin Popescu T\u0103riceanu a fost \u00eentrebat, \u00eentr-o emisiune televizat\u0103, dac\u0103 are \u00een plan s\u0103 ocupe func\u0163ia de prim-ministru, dac\u0103 PSD \u015fi ALDE vor c\u00e2\u015ftiga alegerile, \u00een condi\u0163iile \u00een care Liviu Dragnea \u015fi Victor Ponta ar fi exclu\u015fi din ecua\u0163ie din cauza problemelor \u00een justi\u0163ie. Liderul ALDE a spus c\u0103 tocmai citea presa francez\u0103, \u00een care se vorbea despre fostul premier Alain Juppe, condamnat la 18 luni de \u00eenchisoare cu suspendare pentru abuz \u00een serviciu, care are \u015fanse la urm\u0103toarele alegeri s\u0103 devin\u0103 viitorul pre\u015fedinte al Fran\u0163ei.<\/p>\n<p data-index=\"4\">\u201eAst\u0103zi citeam o \u015ftire, cu privire la Alain Juppe, fostul prim-ministru al Fran\u0163ei. Nu \u015ftiu dac\u0103 \u015fti\u0163i c\u0103 a fost condamnat la un moment dat, da? Nu mai era prim-ministru, \u00een anii 2000, a fost condamnat, un an \u015fi ceva nu a mai ap\u0103rut \u00een spa\u0163iul public. \u015ei-a dat \u015fi demisia din func\u0163ia de primar al Bordeaux. Dup\u0103 aceea a candidat la urm\u0103toarele alegeri, a fost ales cu brio primar al Bordeaux \u015fi ast\u0103zi este \u00een poll position pentru a deveni candidatul dreptei pentru pre\u015fedin\u0163ia Fran\u0163ei\u201d, a spus T\u0103riceanu.<\/p>\n<p data-index=\"5\">Fostul premier a spus c\u0103 cite\u015fte frecvent presa francez\u0103, dar nu a g\u0103sit referiri la vechile problemele penale ale lui Juppe.<\/p>\n<p data-index=\"6\">\u201eNu am v\u0103zut \u00een \u00eentreaga pres\u0103 francez\u0103 (&#8230;) vreo referire la aceast\u0103 chestiune, a\u015fa \u00eenc\u00e2t&#8230;\u201d a spus T\u0103riceanu.<\/p>\n<p data-index=\"7\">El a ad\u0103ugat c\u0103 a avut multe discu\u0163ii cu Liviu Dragnea pe tema rezultatului alegerilor parlamentare, \u00eens\u0103 nu a precizat la ce concluzii au ajuns cei doi lideri cu privire la func\u0163ia de premier. \u201eS\u0103 ajungem noi acolo, s\u0103 c\u00e2\u015ftig\u0103m alegerile \u015fi o s\u0103 vedem, o s\u0103 g\u0103sim o formul\u0103\u201d, a spus C\u0103lin Popescu T\u0103riceanu.<\/p>\n<\/div>\n<p> Source URL: https:\/\/www.digi24.ro\/stiri\/actualitate\/politica\/tariceanu-despre-posibilitatea-ca-dragnea-sa-fie-prim-ministru-si-in-franta-un-fost-premier-condamnat-candideaza-553204<\/p>\n","protected":false},"excerpt":{"rendered":"<p>Liderul ALDE C\u0103lin Popescu T\u0103riceanu a declarat mar\u0163i \u2013 \u00eentrebat dac\u0103 dore\u015fte s\u0103 fie premier, \u00een condi\u0163iile \u00een care Liviu Dragnea nu ar putea candida din cauza condamn\u0103rii &#8211; c\u0103 \u015fi \u00een Fran\u0163a un fost prim-ministru care a primit o sentin\u0163\u0103 de un an \u015fi 6 luni cu suspendare ar putea deveni pre\u015fedinte, informeaz\u0103\u00a0News.ro. C\u0103lin [&hellip;]<\/p>\n","protected":false},"author":1,"featured_media":161116,"comment_status":"open","ping_status":"","sticky":false,"template":"","format":"standard","meta":{"footnotes":""},"categories":[2],"tags":[11],"class_list":["post-161115","post","type-post","status-publish","format-standard","has-post-thumbnail","hentry","category-politics","tag-digi24"],"_links":{"self":[{"href":"https:\/\/analyse.optim.biz\/index.php?rest_route=\/wp\/v2\/posts\/161115","targetHints":{"allow":["GET"]}}],"collection":[{"href":"https:\/\/analyse.optim.biz\/index.php?rest_route=\/wp\/v2\/posts"}],"about":[{"href":"https:\/\/analyse.optim.biz\/index.php?rest_route=\/wp\/v2\/types\/post"}],"author":[{"embeddable":true,"href":"https:\/\/analyse.optim.biz\/index.php?rest_route=\/wp\/v2\/users\/1"}],"replies":[{"embeddable":true,"href":"https:\/\/analyse.optim.biz\/index.php?rest_route=%2Fwp%2Fv2%2Fcomments&post=161115"}],"version-history":[{"count":0,"href":"https:\/\/analyse.optim.biz\/index.php?rest_route=\/wp\/v2\/posts\/161115\/revisions"}],"wp:featuredmedia":[{"embeddable":true,"href":"https:\/\/analyse.optim.biz\/index.php?rest_route=\/wp\/v2\/media\/161116"}],"wp:attachment":[{"href":"https:\/\/analyse.optim.biz\/index.php?rest_route=%2Fwp%2Fv2%2Fmedia&parent=161115"}],"wp:term":[{"taxonomy":"category","embeddable":true,"href":"https:\/\/analyse.optim.biz\/index.php?rest_route=%2Fwp%2Fv2%2Fcategories&post=161115"},{"taxonomy":"post_tag","embeddable":true,"href":"https:\/\/analyse.optim.biz\/index.php?rest_route=%2Fwp%2Fv2%2Ftags&post=161115"}],"curies":[{"name":"wp","href":"https:\/\/api.w.org\/{rel}","templated":true}]}}