{"id":161104,"date":"2016-08-24T22:54:29","date_gmt":"2016-08-24T19:54:29","guid":{"rendered":"https:\/\/analyse.optim.biz\/?p=161104"},"modified":"2016-08-24T22:54:29","modified_gmt":"2016-08-24T19:54:29","slug":"nicusor-dan-ar-fi-benefica-prezenta-in-parlament-a-unor-oameni-din-actualul-guvern","status":"publish","type":"post","link":"https:\/\/analyse.optim.biz\/?p=161104","title":{"rendered":"Nicu\u0219or Dan: Ar fi benefic\u0103 prezen\u0163a \u00een Parlament a unor oameni din actualul guvern"},"content":{"rendered":"<div class=\"entry data-app-meta data-app-meta-article\" data-embed-base-url-canonical=\"https:\/\/www.digi24.ro\/embed\/stiri\/actualitate\/politica\/nicusor-dan-ar-fi-benefica-prezenta-in-parlament-a-unor-oameni-din-actualul-guvern-553210\">\n<p data-index=\"1\"><strong>Nicu\u015for Dan, liderul Uniunii Salva\u0163i Rom\u00e2nia, \u015fi-ar dori ca o parte dintre actualii mini\u015ftri ai cabinetului Ciolo\u015f s\u0103 se \u00eencrie \u00een partidul s\u0103u. Sunt oameni care performeaz\u0103 \u00een domeniile lor, a\u015fadar se \u00eencadreaz\u0103 profilului de membru al Uniunii, motivat el. Invitat \u00een emisiunea Jurnalul de sear\u0103, Nicu\u015for Dan a m\u0103rturisit c\u0103 nu le-a f\u0103cut \u00eenc\u0103 o invita\u0163ie oficial\u0103.<\/strong><\/p>\n<p data-index=\"2\">\u201e<span lang=\"ro-RO\">Noi avem ni\u015fte criterii de admitere, mul\u0163i din oamenii din actualul guvern se \u00eencadreaz\u0103 \u00eentre tipul de oameni pe care noi \u00eei a\u0219tept\u0103m. Deocamdat\u0103 nu am avut discu\u0163ii. Mul\u021bi dintre ei sunt ocupa\u0163i s\u0103-\u015fi termine mandatul\u201d, a spus Nicu\u0219or Dan la Digi24. <\/span><\/p>\n<p data-index=\"3\">\u201eEu cred c\u0103 sunt c\u00e2\u0163iva sunt extrem de valoro\u0219i profesional, ar fi benefic\u0103 prezen\u0163a lor \u00een Parlament\u201d, a ad\u0103ugat el.<\/p>\n<p data-index=\"4\"><span lang=\"ro-RO\">\u00centrebat dac\u0103 printre ace\u0219tia se afl\u0103 \u0219i Dacian Ciolo\u0219, Nicu\u0219or Dan a r\u0103spuns: \u201eDesigur, dar a spus c\u0103 nu va face politic\u0103\u201d.<\/span><\/p>\n<\/div>\n<p> Source URL: https:\/\/www.digi24.ro\/stiri\/actualitate\/politica\/nicusor-dan-ar-fi-benefica-prezenta-in-parlament-a-unor-oameni-din-actualul-guvern-553210<\/p>\n","protected":false},"excerpt":{"rendered":"<p>Nicu\u015for Dan, liderul Uniunii Salva\u0163i Rom\u00e2nia, \u015fi-ar dori ca o parte dintre actualii mini\u015ftri ai cabinetului Ciolo\u015f s\u0103 se \u00eencrie \u00een partidul s\u0103u. Sunt oameni care performeaz\u0103 \u00een domeniile lor, a\u015fadar se \u00eencadreaz\u0103 profilului de membru al Uniunii, motivat el. Invitat \u00een emisiunea Jurnalul de sear\u0103, Nicu\u015for Dan a m\u0103rturisit c\u0103 nu le-a f\u0103cut \u00eenc\u0103 [&hellip;]<\/p>\n","protected":false},"author":1,"featured_media":161105,"comment_status":"open","ping_status":"","sticky":false,"template":"","format":"standard","meta":{"footnotes":""},"categories":[2],"tags":[11],"class_list":["post-161104","post","type-post","status-publish","format-standard","has-post-thumbnail","hentry","category-politics","tag-digi24"],"_links":{"self":[{"href":"https:\/\/analyse.optim.biz\/index.php?rest_route=\/wp\/v2\/posts\/161104","targetHints":{"allow":["GET"]}}],"collection":[{"href":"https:\/\/analyse.optim.biz\/index.php?rest_route=\/wp\/v2\/posts"}],"about":[{"href":"https:\/\/analyse.optim.biz\/index.php?rest_route=\/wp\/v2\/types\/post"}],"author":[{"embeddable":true,"href":"https:\/\/analyse.optim.biz\/index.php?rest_route=\/wp\/v2\/users\/1"}],"replies":[{"embeddable":true,"href":"https:\/\/analyse.optim.biz\/index.php?rest_route=%2Fwp%2Fv2%2Fcomments&post=161104"}],"version-history":[{"count":0,"href":"https:\/\/analyse.optim.biz\/index.php?rest_route=\/wp\/v2\/posts\/161104\/revisions"}],"wp:featuredmedia":[{"embeddable":true,"href":"https:\/\/analyse.optim.biz\/index.php?rest_route=\/wp\/v2\/media\/161105"}],"wp:attachment":[{"href":"https:\/\/analyse.optim.biz\/index.php?rest_route=%2Fwp%2Fv2%2Fmedia&parent=161104"}],"wp:term":[{"taxonomy":"category","embeddable":true,"href":"https:\/\/analyse.optim.biz\/index.php?rest_route=%2Fwp%2Fv2%2Fcategories&post=161104"},{"taxonomy":"post_tag","embeddable":true,"href":"https:\/\/analyse.optim.biz\/index.php?rest_route=%2Fwp%2Fv2%2Ftags&post=161104"}],"curies":[{"name":"wp","href":"https:\/\/api.w.org\/{rel}","templated":true}]}}