{"id":161101,"date":"2016-08-25T11:00:06","date_gmt":"2016-08-25T08:00:06","guid":{"rendered":"https:\/\/analyse.optim.biz\/?p=161101"},"modified":"2016-08-25T11:00:06","modified_gmt":"2016-08-25T08:00:06","slug":"dacian-ciolos-anunta-data-alegerilor-saptamana-viitoare","status":"publish","type":"post","link":"https:\/\/analyse.optim.biz\/?p=161101","title":{"rendered":"Dacian Ciolo\u015f anun\u021b\u0103 data alegerilor s\u0103pt\u0103m\u00e2na viitoare"},"content":{"rendered":"<div class=\"entry data-app-meta data-app-meta-article\" data-embed-base-url-canonical=\"https:\/\/www.digi24.ro\/embed\/stiri\/actualitate\/politica\/dacian-ciolos-anunta-data-alegerilor-saptamana-viitoare-553335\">\n<p data-index=\"1\">Premierul Dacian Ciolo\u015f a declarat, joi, c\u0103 va face o informare cu privire la data alegerilor s\u0103pt\u0103m\u00e2na viitoare, dup\u0103 ce at\u00e2t el, c\u00e2t \u015fi al\u0163i reprezentan\u0163i ai Guvernului, au avut mai multe discu\u0163ii cu liderii partidelor parlamentare cu privire la acest subiect, variantele posibile fiind 27 noiembrie, 4 decembrie \u015fi 11 decembrie.<\/p>\n<figure class=\"article-thumb\"><img decoding=\"async\" src=\"https:\/\/analyse.optim.biz\/wp-content\/uploads\/2024\/09\/dz04mdamemm9mszoyxnoptk2n2i4mzjkyzq5ztm4n2zhzwnhztu2mdhmzwflztvh-thumb_.jpg\" alt=\"dacian ciolos gov\" data-skip-htmlfix=\"1\" title=\"dz04mdamemm9mszoyxnoptk2n2i4mzjkyzq5ztm4n2zhzwnhztu2mdhmzwflztvh-thumb_\"><figcaption> Foto: gov.ro <\/figcaption><\/figure>\n<p align=\"LEFT\" data-index=\"2\">\u00a0Premierul Dacian Ciolo\u015f a declarat, joi, c\u0103 va face o informare cu privire la data alegerilor s\u0103pt\u0103m\u00e2na viitoare, dup\u0103 ce at\u00e2t el, c\u00e2t \u015fi al\u0163i reprezentan\u0163i ai Guvernului, au avut mai multe discu\u0163ii cu liderii partidelor parlamentare cu privire la acest subiect, variantele posibile fiind 27 noiembrie, 4 decembrie \u015fi 11 decembrie.<\/p>\n<p align=\"LEFT\" data-index=\"3\">\u00a0&#8220;O s\u0103 informez s\u0103pt\u0103m\u00e2na viitoare \u015fi, legat de data alegerilor, discut\u0103m acas\u0103&#8221;, a spus Dacian Ciolo\u015f, la Chi\u015fin\u0103u, citat de news.ro.<\/p>\n<p align=\"LEFT\" data-index=\"4\">Purt\u0103torul de cuv\u00e2nt al Guvernului, Liviu Iolu, a declarat recent c\u0103 au existat \u015fi vor mai exista discu\u0163ii ale premierului Dacian Ciolo\u015f cu liderii partidelor privind data alegerilor parlamentare, preciz\u00e2nd c\u0103 exist\u0103 trei variante, anume 27 noiembrie, 4 decembrie \u0219i 11 decembrie.<\/p>\n<p align=\"LEFT\" data-index=\"5\">\u201dPremierul a discutat cu liderii partidelor politice despre data alegerilor. Nu este luat\u0103 \u00eenc\u0103 o decizie, \u00eenc\u0103 se discut\u0103 cu liderii partidelor politice. Data alegerilor va fi anun\u0163at\u0103 c\u00e2t mai cur\u00e2nd, dar nu a fost luat\u0103 \u00eenc\u0103 o decizie cu privire la aceast\u0103 dat\u0103\u201d, a spus Iolu. \u00centrebat dac\u0103 datele despre care s-a discutat cu ace\u015ftia sunt 27 noiembrie, 4 decembrie sau 11 decembrie, purt\u0103torul de cuv\u00e2nt al Executivului a spus c\u0103 \u201dtoate aceste date sunt luate \u00een calcul\u201d.<\/p>\n<p align=\"LEFT\" data-index=\"6\">\u201dLa unele dintre ele, \u00a027 noiembrie, exist\u0103 o problem\u0103 de neconstitu\u0163ionalitate pe care o analizeaz\u0103 Guvernul \u00een stabilirea acestei date. Trebuie s\u0103 se termine mandatele parlamentarilor actuali p\u00e2n\u0103 c\u00e2nd au loc aceste alegeri. Prim-ministrul mi-a confirmat c\u0103 exist\u0103 discu\u0163ii cu liderii partidelor\u201d, a spus Iolu.<\/p>\n<p align=\"LEFT\" data-index=\"7\">Premierul Dacian Ciolo\u015f urmeaz\u0103 s\u0103 aib\u0103 o discu\u0163ie cu liderul PSD Liviu Dragnea pe tema datei la care vor fi organizate alegerile parlamentare, PSD pled\u00e2nd ca scrutinul s\u0103 aib\u0103 loc pe 4 decembrie sau pe 27 noiembrie. P\u00e2n\u0103 \u00een acest moment, reprezentan\u0163i ai Guvernului au mai discutat \u015fi cu al\u0163i lideri de partide, printre care \u015fi PMP, care \u00eens\u0103 s-a opus datei de 4 decembrie, pe motiv c\u0103 s-ar suprapune minivacan\u0163ei de 1 Decembrie. \u00a0<\/p>\n<\/div>\n<p> Source URL: https:\/\/www.digi24.ro\/stiri\/actualitate\/politica\/dacian-ciolos-anunta-data-alegerilor-saptamana-viitoare-553335<\/p>\n","protected":false},"excerpt":{"rendered":"<p>Premierul Dacian Ciolo\u015f a declarat, joi, c\u0103 va face o informare cu privire la data alegerilor s\u0103pt\u0103m\u00e2na viitoare, dup\u0103 ce at\u00e2t el, c\u00e2t \u015fi al\u0163i reprezentan\u0163i ai Guvernului, au avut mai multe discu\u0163ii cu liderii partidelor parlamentare cu privire la acest subiect, variantele posibile fiind 27 noiembrie, 4 decembrie \u015fi 11 decembrie. Foto: gov.ro \u00a0Premierul [&hellip;]<\/p>\n","protected":false},"author":1,"featured_media":161102,"comment_status":"open","ping_status":"","sticky":false,"template":"","format":"standard","meta":{"footnotes":""},"categories":[2],"tags":[11],"class_list":["post-161101","post","type-post","status-publish","format-standard","has-post-thumbnail","hentry","category-politics","tag-digi24"],"_links":{"self":[{"href":"https:\/\/analyse.optim.biz\/index.php?rest_route=\/wp\/v2\/posts\/161101","targetHints":{"allow":["GET"]}}],"collection":[{"href":"https:\/\/analyse.optim.biz\/index.php?rest_route=\/wp\/v2\/posts"}],"about":[{"href":"https:\/\/analyse.optim.biz\/index.php?rest_route=\/wp\/v2\/types\/post"}],"author":[{"embeddable":true,"href":"https:\/\/analyse.optim.biz\/index.php?rest_route=\/wp\/v2\/users\/1"}],"replies":[{"embeddable":true,"href":"https:\/\/analyse.optim.biz\/index.php?rest_route=%2Fwp%2Fv2%2Fcomments&post=161101"}],"version-history":[{"count":0,"href":"https:\/\/analyse.optim.biz\/index.php?rest_route=\/wp\/v2\/posts\/161101\/revisions"}],"wp:featuredmedia":[{"embeddable":true,"href":"https:\/\/analyse.optim.biz\/index.php?rest_route=\/wp\/v2\/media\/161102"}],"wp:attachment":[{"href":"https:\/\/analyse.optim.biz\/index.php?rest_route=%2Fwp%2Fv2%2Fmedia&parent=161101"}],"wp:term":[{"taxonomy":"category","embeddable":true,"href":"https:\/\/analyse.optim.biz\/index.php?rest_route=%2Fwp%2Fv2%2Fcategories&post=161101"},{"taxonomy":"post_tag","embeddable":true,"href":"https:\/\/analyse.optim.biz\/index.php?rest_route=%2Fwp%2Fv2%2Ftags&post=161101"}],"curies":[{"name":"wp","href":"https:\/\/api.w.org\/{rel}","templated":true}]}}