{"id":161021,"date":"2016-08-26T14:23:34","date_gmt":"2016-08-26T11:23:34","guid":{"rendered":"https:\/\/analyse.optim.biz\/?p=161021"},"modified":"2016-08-26T14:23:34","modified_gmt":"2016-08-26T11:23:34","slug":"gorghiu-cat-iohannis-e-presedinte-dragnea-nu-va-fi-niciodata-premier","status":"publish","type":"post","link":"https:\/\/analyse.optim.biz\/?p=161021","title":{"rendered":"Gorghiu: C\u00e2t Iohannis e pre\u015fedinte, Dragnea nu va fi niciodat\u0103 premier"},"content":{"rendered":"<div class=\"entry data-app-meta data-app-meta-article\" data-embed-base-url-canonical=\"https:\/\/www.digi24.ro\/embed\/stiri\/actualitate\/politica\/gorghiu-cat-iohannis-e-presedinte-dragnea-nu-va-fi-niciodata-premier-554003\">\n<p data-index=\"1\">Copre\u015fedintele PNL, Alina Gorghiu, a spus \u00een fa\u0163a ale\u015filor locali liberali c\u0103 a trecut perioada \u00een care \u201dRom\u00e2nia se poate m\u00e2ndri cu un prim-ministru condamnat definitiv\u201d, preciz\u00e2nd c\u0103 at\u00e2t timp c\u00e2t pre\u015fedintele Rom\u00e2niei este Klaus Iohannis, liderul PSD Liviu Dragnea nu va fi numit premier, iar PNL nu va guverna cu PSD.<\/p>\n<figure class=\"article-thumb\"><img decoding=\"async\" src=\"https:\/\/analyse.optim.biz\/wp-content\/uploads\/2024\/09\/odc4ndrky2i2otcyodc5mzg4y2e2mzjmytqxmzyy-thumb_.jpg\" alt=\"alina gorghiu la digi24\" data-skip-htmlfix=\"1\" title=\"odc4ndrky2i2otcyodc5mzg4y2e2mzjmytqxmzyy-thumb_\"><figcaption> Alina Gorghiu spune c\u0103 Liviu Dragnea nu va fi premier desemnat de pre\u0219edinte <\/figcaption><\/figure>\n<p data-index=\"2\">\u00a0<\/p>\n<p data-index=\"3\">\u201dAu avut toate voturile (PSD &#8211; n.r. ), au avut majoritatea, au avut toate p\u00e2rghiile, guvernarea s\u0103 schimbe \u00een bine institu\u0163iile \u0163\u0103rii, au avut tot ce le trebuie s\u0103 fac\u0103 legi bune. N-au f\u0103cut nimic (&#8230;) Acest front al st\u00e2ngii care se nume\u015fte PSD-ALDE nu va atinge veci acel prag de 50% la parlamentare. Ne-o arat\u0103 sondajele, ne spune bunul sim\u0163, ne spune istoria din 90 \u00eencoace\u201d, a declarat Alina Gorghiu la forumul ale\u0219ilor locali ai PNL.<\/p>\n<p data-index=\"4\">Liderul liberal a mai spus: \u201eImportant e s\u0103 credem, dragi colegi, c\u0103 au trecut vremurile \u00een care Rom\u00e2nia se putea l\u0103uda cu un prim-ministru condamnat definitiv. V\u0103 asigur c\u0103 at\u00e2ta vreme c\u00e2t la Cotroceni exist\u0103 un pre\u015fedinte pe care-l cheam\u0103 Klaus Iohannis, niciodat\u0103 Dragnea nu va fi premierul Rom\u00e2niei\u201d, a mai spus Gorghiu.<\/p>\n<p data-index=\"5\">Potrivit Constitu\u021biei, pre\u0219edintele este cel care alege un candidat de prim-ministru pe care-l \u00eens\u0103rcineaz\u0103 cu formarea Guvernului (care trebuie aprobat de Parlament) \u0219i doar \u00een situa\u021bia \u00een care un partid atinge majoritatea prin scor electoral (50 la sut\u0103 plus unu din mandate) atunci \u0219eful statului \u00eel desemneaz\u0103 ca premier pe cel propus de partidul majoritar.<\/p>\n<p data-index=\"6\">Ea a subliniat c\u0103 PSD este \u201dun adversar puternic, redutabil \u00eentr-o campanie electoral\u0103\u201d, care se va folosi \u201dde minciuni \u015fi manipul\u0103ri\u201d pentru a c\u00e2\u015ftiga alegerile parlamentare.<\/p>\n<p data-index=\"7\">\u201dLa alegerile din decembrie de anul acesta ob\u0163inem acel rezultat (&#8230;) care s\u0103 permit\u0103 PNL s\u0103 fie \u00een centrul guvern\u0103rii viitoare. \u00cen centrul majorit\u0103\u0163ii parlamentare viitoare \u00eens\u0103, dac\u0103 vrem ca acest lucru s\u0103 se \u00eent\u00e2mple, dac\u0103 vrem ca rom\u00e2nii s\u0103 cread\u0103 \u00een PNL, prima condi\u0163ie esen\u0163ial\u0103 \u015fi necesar\u0103 este ca liberalii s\u0103 cread\u0103 \u00een PNL (&#8230;) A\u015f vrea s\u0103 credem \u00een capacitatea noastr\u0103 de a da viitorul prim-ministru al Rom\u00e2niei. Viitorul prim-ministru al Rom\u00e2niei va avea s\u00e2nge de liberal \u015fi m\u0103 uit \u00een sal\u0103 \u015fi vreau s\u0103 cred de asemenea c\u0103 vom face \u00een a\u015fa fel \u00eenc\u00e2t s\u0103 \u00eei convingem pe rom\u00e2ni s\u0103 dea \u00eenc\u0103 o dat\u0103 o lec\u0163ie ustur\u0103toare st\u00e2ngii, ca \u00een 2014\u201d, a mai spus copre\u015fedintele PNL.<\/p>\n<p data-index=\"8\">Gorghiu le-a cerut ale\u015filor din sal\u0103 s\u0103 arate c\u0103 nu exist\u0103 niciun blat PSD-PNL la nivel local, preciz\u00e2nd c\u0103 liberalii nu vor guverna cu PSD.<\/p>\n<p data-index=\"9\">\u00cen ultimele zile, au ap\u0103rut informa\u021bii \u00een media online, legate de o presupus\u0103 alian\u021b\u0103 guvernamental\u0103 post-electoral\u0103 care s-ar fi stabilit deja \u00eentre PSD \u0219i PNL. \u0218i fostul purt\u0103tor de cuv\u00e2nt al lui Victor Ponta din perioada \u00een care era prim-ministru, Mirel Palada, a afirmat public c\u0103 ar exista o astfel de \u00een\u021belegere.<\/p>\n<p data-index=\"10\">\u0218i PSD, \u0219i PNL au anun\u021bat, \u00een cursul verii, la nivel de lideri c\u0103 nu este posibil\u0103 o alian\u021b\u0103 \u00eentre cele dou\u0103 partide dup\u0103 alegeri pentru formarea guvernului.<\/p>\n<p data-index=\"11\">Liviu Dragnea a avansat, \u00een mai multe r\u00e2nduri, inten\u021bia PSD de a se asocia cu ALDE, forma\u021biunea condus\u0103 de C\u0103lin Popescu T\u0103riceanu \u0219i Daniel Constantin, at\u00e2t \u00een campania electoral\u0103, c\u00e2t \u0219i \u00een formarea majorit\u0103\u021bii parlamentare care s\u0103 sus\u021bin\u0103 un guvern pe care tot cele dou\u0103 forma\u021biuni s\u0103-l alc\u0103tuiasc\u0103.<\/p>\n<p data-index=\"12\">Liviu Dragnea a fost \u00eentrebat \u00een repetate r\u00e2nduri dac\u0103 inten\u021bioneaz\u0103 s\u0103 accepte o nominalizare la func\u021bia de prim-ministru dup\u0103 alegeri, \u00eens\u0103, de fiecare dat\u0103, a refuzat un r\u0103spuns tran\u0219ant.<\/p>\n<p data-index=\"13\">De cealalt\u0103 parte, liberalii nu au anun\u021bat care le sunt alia\u021bii \u00een campania electoral\u0103 \u0219i au precizat c\u0103 a\u0219teapt\u0103 s\u0103 vad\u0103 rezultatul alegerilor, inclusiv care sunt partidele noi care intr\u0103 \u00een Parlament, pentru a stabili cu cine ar negocia formarea majorit\u0103\u021bii parlamentare care s\u0103 sus\u021bin\u0103 un Guvern. PNL a afirmat, \u00een schimb, pe multe voci, s-a angajat c\u0103 nu se va asocia dup\u0103 alegeri cu PSD.<\/p>\n<p data-index=\"14\">Liberalii nu au anun\u021bat, la r\u00e2ndul lor, un nume pentru a fi desemnat prim-ministru, \u00eens\u0103, din partea mai multora dintre liderii PNL, a ap\u0103rut invita\u021bia adresat\u0103 premierului Dacian Ciolo\u0219 de a se al\u0103tura PNL. De altfel, Dacian Ciolo\u0219 face parte dintre personajele care au fost incluse \u00eentr-un sondaj de opinie recent pentru m\u0103surarea popularit\u0103\u021bii membrilor PNL, unde actualul prim-ministru a \u00eentrunit peste 40% din voturi \u00een Bucure\u0219ti \u0219i \u00een jur de 30%, pe \u021bar\u0103. Ciolo\u0219 nu a r\u0103spuns oficial ofertei pe care a primit-o din partea PNL, de a se angaja politic \u0219i de a candida \u00een alegerile parlamentare.<\/p>\n<\/div>\n<p> Source URL: https:\/\/www.digi24.ro\/stiri\/actualitate\/politica\/gorghiu-cat-iohannis-e-presedinte-dragnea-nu-va-fi-niciodata-premier-554003<\/p>\n","protected":false},"excerpt":{"rendered":"<p>Copre\u015fedintele PNL, Alina Gorghiu, a spus \u00een fa\u0163a ale\u015filor locali liberali c\u0103 a trecut perioada \u00een care \u201dRom\u00e2nia se poate m\u00e2ndri cu un prim-ministru condamnat definitiv\u201d, preciz\u00e2nd c\u0103 at\u00e2t timp c\u00e2t pre\u015fedintele Rom\u00e2niei este Klaus Iohannis, liderul PSD Liviu Dragnea nu va fi numit premier, iar PNL nu va guverna cu PSD. Alina Gorghiu spune [&hellip;]<\/p>\n","protected":false},"author":1,"featured_media":161022,"comment_status":"open","ping_status":"","sticky":false,"template":"","format":"standard","meta":{"footnotes":""},"categories":[2],"tags":[11],"class_list":["post-161021","post","type-post","status-publish","format-standard","has-post-thumbnail","hentry","category-politics","tag-digi24"],"_links":{"self":[{"href":"https:\/\/analyse.optim.biz\/index.php?rest_route=\/wp\/v2\/posts\/161021","targetHints":{"allow":["GET"]}}],"collection":[{"href":"https:\/\/analyse.optim.biz\/index.php?rest_route=\/wp\/v2\/posts"}],"about":[{"href":"https:\/\/analyse.optim.biz\/index.php?rest_route=\/wp\/v2\/types\/post"}],"author":[{"embeddable":true,"href":"https:\/\/analyse.optim.biz\/index.php?rest_route=\/wp\/v2\/users\/1"}],"replies":[{"embeddable":true,"href":"https:\/\/analyse.optim.biz\/index.php?rest_route=%2Fwp%2Fv2%2Fcomments&post=161021"}],"version-history":[{"count":0,"href":"https:\/\/analyse.optim.biz\/index.php?rest_route=\/wp\/v2\/posts\/161021\/revisions"}],"wp:featuredmedia":[{"embeddable":true,"href":"https:\/\/analyse.optim.biz\/index.php?rest_route=\/wp\/v2\/media\/161022"}],"wp:attachment":[{"href":"https:\/\/analyse.optim.biz\/index.php?rest_route=%2Fwp%2Fv2%2Fmedia&parent=161021"}],"wp:term":[{"taxonomy":"category","embeddable":true,"href":"https:\/\/analyse.optim.biz\/index.php?rest_route=%2Fwp%2Fv2%2Fcategories&post=161021"},{"taxonomy":"post_tag","embeddable":true,"href":"https:\/\/analyse.optim.biz\/index.php?rest_route=%2Fwp%2Fv2%2Ftags&post=161021"}],"curies":[{"name":"wp","href":"https:\/\/api.w.org\/{rel}","templated":true}]}}