{"id":161009,"date":"2016-08-26T15:49:22","date_gmt":"2016-08-26T12:49:22","guid":{"rendered":"https:\/\/analyse.optim.biz\/?p=161009"},"modified":"2016-08-26T15:49:22","modified_gmt":"2016-08-26T12:49:22","slug":"alexandru-noaptes-a-demisionat-din-conducerea-adpp-sector-1","status":"publish","type":"post","link":"https:\/\/analyse.optim.biz\/?p=161009","title":{"rendered":"Alexandru Noapte\u015f a demisionat din conducerea ADPP Sector 1"},"content":{"rendered":"<div class=\"entry data-app-meta data-app-meta-article\" data-embed-base-url-canonical=\"https:\/\/www.digi24.ro\/embed\/stiri\/actualitate\/politica\/alexandru-noaptes-a-demisionat-din-conducerea-adpp-sector-1-554078\">\n<p data-index=\"1\"><strong><span lang=\"ro-RO\">Alexandru Noapte\u015f, fostul director al CFR, a renun\u0163at la func\u0163ia de director adjunct al ADPP Sector 1. Decizia vine \u00een urma unui reportaj al Digi24.<\/span><\/strong><\/p>\n<p data-index=\"2\"><img loading=\"lazy\" decoding=\"async\" class=\"alignnone size-full wp-image-554080\" src=\"https:\/\/analyse.optim.biz\/wp-content\/uploads\/2024\/09\/mwvhytqzotrknda3m2mzn2rmnzfhnti3ody-thumb_.jpg\" alt=\"noaptes CFR\" width=\"343\" height=\"231\" data-skip-htmlfix=\"1\" title=\"mwvhytqzotrknda3m2mzn2rmnzfhnti3ody-thumb_\"><\/p>\n<p data-index=\"3\"><span lang=\"ro-RO\">Fostul director al CFR C\u0103l\u0103tori, Alexandru Noapte\u015f, c\u0103ruia \u00een decembrie 2014 instan\u0163a suprem\u0103 i-a confiscat 1,4 milioane de euro, bani pe care nu i-a putut justifica, a fost numit \u00een urm\u0103 cu o s\u0103pt\u0103m\u00e2n\u0103 director adjunct peste spa\u0163iile verzi din Sectorul 1 al Capitalei.<\/span><\/p>\n<p data-index=\"4\"><span lang=\"ro-RO\">Primarul Daniel Tudorache, care a demis fosta conducere a departamentului, sus\u0163ine c\u0103 numirea lui Noapte\u015f a fost f\u0103cut\u0103 de noul director general \u015fi c\u0103 a aflat de ea din pres\u0103. Edilul mai spune \u015fi c\u0103 a cerut rezolvarea situa\u0163iei, din cauza imaginii controversate\u00a0a fostului \u015fef al CFR.<\/span><\/p>\n<\/div>\n<p> Source URL: https:\/\/www.digi24.ro\/stiri\/actualitate\/politica\/alexandru-noaptes-a-demisionat-din-conducerea-adpp-sector-1-554078<\/p>\n","protected":false},"excerpt":{"rendered":"<p>Alexandru Noapte\u015f, fostul director al CFR, a renun\u0163at la func\u0163ia de director adjunct al ADPP Sector 1. Decizia vine \u00een urma unui reportaj al Digi24. Fostul director al CFR C\u0103l\u0103tori, Alexandru Noapte\u015f, c\u0103ruia \u00een decembrie 2014 instan\u0163a suprem\u0103 i-a confiscat 1,4 milioane de euro, bani pe care nu i-a putut justifica, a fost numit \u00een [&hellip;]<\/p>\n","protected":false},"author":1,"featured_media":161010,"comment_status":"open","ping_status":"","sticky":false,"template":"","format":"standard","meta":{"footnotes":""},"categories":[2],"tags":[11],"class_list":["post-161009","post","type-post","status-publish","format-standard","has-post-thumbnail","hentry","category-politics","tag-digi24"],"_links":{"self":[{"href":"https:\/\/analyse.optim.biz\/index.php?rest_route=\/wp\/v2\/posts\/161009","targetHints":{"allow":["GET"]}}],"collection":[{"href":"https:\/\/analyse.optim.biz\/index.php?rest_route=\/wp\/v2\/posts"}],"about":[{"href":"https:\/\/analyse.optim.biz\/index.php?rest_route=\/wp\/v2\/types\/post"}],"author":[{"embeddable":true,"href":"https:\/\/analyse.optim.biz\/index.php?rest_route=\/wp\/v2\/users\/1"}],"replies":[{"embeddable":true,"href":"https:\/\/analyse.optim.biz\/index.php?rest_route=%2Fwp%2Fv2%2Fcomments&post=161009"}],"version-history":[{"count":0,"href":"https:\/\/analyse.optim.biz\/index.php?rest_route=\/wp\/v2\/posts\/161009\/revisions"}],"wp:featuredmedia":[{"embeddable":true,"href":"https:\/\/analyse.optim.biz\/index.php?rest_route=\/wp\/v2\/media\/161010"}],"wp:attachment":[{"href":"https:\/\/analyse.optim.biz\/index.php?rest_route=%2Fwp%2Fv2%2Fmedia&parent=161009"}],"wp:term":[{"taxonomy":"category","embeddable":true,"href":"https:\/\/analyse.optim.biz\/index.php?rest_route=%2Fwp%2Fv2%2Fcategories&post=161009"},{"taxonomy":"post_tag","embeddable":true,"href":"https:\/\/analyse.optim.biz\/index.php?rest_route=%2Fwp%2Fv2%2Ftags&post=161009"}],"curies":[{"name":"wp","href":"https:\/\/api.w.org\/{rel}","templated":true}]}}