{"id":161007,"date":"2016-08-26T16:23:21","date_gmt":"2016-08-26T13:23:21","guid":{"rendered":"https:\/\/analyse.optim.biz\/?p=161007"},"modified":"2016-08-26T16:23:21","modified_gmt":"2016-08-26T13:23:21","slug":"ponta-l-a-tradat-pe-tariceanu-la-dna","status":"publish","type":"post","link":"https:\/\/analyse.optim.biz\/?p=161007","title":{"rendered":"Ponta l-a tr\u0103dat pe T\u0103riceanu la DNA"},"content":{"rendered":"<div class=\"entry data-app-meta data-app-meta-article\" data-embed-base-url-canonical=\"https:\/\/www.digi24.ro\/embed\/stiri\/actualitate\/justitie\/ponta-l-a-tradat-pe-tariceanu-la-dna-554092\">\n<p data-index=\"1\">Victor Ponta a declarat la DNA c\u0103, dup\u0103 ce a devenit prim-ministru, l-a \u00eent\u00e2lnit pe Tal Silberstein, consultant politic \u0219i colaborator al RMGC, prin intermedierea lui C\u0103lin Popescu T\u0103riceanu, cel care afirmase \u00een fa\u021ba procurorilor DNA c\u0103 nu l-a prezentat pe consultantul politic \u0219i altor politicieni, dup\u0103 cum a dezv\u0103luit ziarul <em>Adev\u0103rul<\/em>.<\/p>\n<p data-index=\"2\"><\/p>\n<p data-index=\"3\">C\u0103lin Popescu T\u0103riceanu a fost ini\u021bial doar martor \u00een dosarul restituirii unui teren din nordul Capitalei\u00a0lui Paul al Rom\u00e2niei (n\u0103scut Lambrino), \u00een care sunt inculpa\u021bi pentru retrocedare frauduloas\u0103, \u00eentre al\u021bii, Dan Andronic, patronul EvZ, Remus Truic\u0103, fostul \u0219ef de cabinet al lui Adrian N\u0103stase, precum \u0219i nepotul lui Carol al II lea dintr-o c\u0103s\u0103torie nerecunoscut\u0103.<\/p>\n<p data-index=\"4\">\u00cen dosar, T\u0103riceanu declarase c\u0103 nu a p\u0103strat leg\u0103tura cu Tal Silberstein \u0219i Dan Andronic (care i-au oferit consultan\u021b\u0103 c\u00e2t a fost prim-ministru) dup\u0103 2008. De asemenea, T\u0103riceanu mai afirmase \u0219i c\u0103 nu l-a prezentat pe Silberstein altor politicieni, \u00een condi\u021biile \u00een care consultantul citat a avut contracte \u0219i cu RMGC, compania care concesionase z\u0103c\u0103mintele aurifere de la Ro\u0219ia Montan\u0103, dar care nu a primit din partea autorit\u0103\u021bilor rom\u00e2ne aviz de exploatare.<\/p>\n<p data-index=\"5\">Acum, \u0219eful Senatului este judecat pentru m\u0103rturie mincinoas\u0103 \u0219i favorizarea f\u0103ptuitorului. Din documentele aflate pe rol la Curtea Suprem\u0103, a\u0219a cum arat\u0103 ziarul Adev\u0103rul, reiese c\u0103 T\u0103riceanu \u0219i Silberstein au fost intercepta\u021bi, iar \u00een perioada 2012-2013 pre\u0219edintele ALDE i-a intermediat celui citat \u00eent\u00e2lniri cu premierul \u00een func\u021bie, Victor Ponta.<\/p>\n<p data-index=\"6\">Ro\u0219ia Montan\u0103, unul dintre subiectele discutate de Ponta \u0219i Silberstein<\/p>\n<p data-index=\"7\">Din declara\u021biile acordate justi\u021biei de c\u0103tre Ponta, reiese c\u0103 unul dintre subiectele de discu\u021bie pe care le-a avut cu Tal Silberstein, intermediate de C\u0103lin Popescu T\u0103riceanu, a fost \u0219i Ro\u0219ia Montan\u0103.<\/p>\n<p data-index=\"8\">&#8221;Da, a \u00eencercat s\u0103-mi prezinte avantajele statului rom\u00e2n din acest proiect. Nu m-a influen\u021bat \u00eens\u0103 \u00een niciun fel cu analizele politice pe care le-a f\u0103cut \u00een ce prive\u0219te deciziile politice legate de acest proiect&#8221;, a ar\u0103tat Ponta, care a precizat c\u0103 Silberstein reprezenta ac\u021bionarii proiectului Ro\u0219ia Montan\u0103.<\/p>\n<p data-index=\"9\">\u00cen perioada men\u021bionat\u0103, Victor Ponta, \u00een calitate de prim-ministru, a cerut Parlamentului s\u0103 decid\u0103 dac\u0103 RMGC cap\u0103t\u0103 permisiunea de a exploata aurul de la Ro\u0219ia Montan\u0103.<\/p>\n<p data-index=\"10\">La r\u00e2ndul s\u0103u, C\u0103lin Popescu T\u0103riceanu afirma, la Digi24, \u00een septembrie 2013, c\u0103 nu are elemente care s\u0103 indice c\u0103 exist\u0103 presiuni \u00een subiectul legat de RMGC.<\/p>\n<p data-index=\"11\">\u201eCred c\u0103 proiectul trebuie privit cu luciditate \u0219i obiectivitate. C\u00e2nd eram premier, proiectul era prezent, \u00eens\u0103 atunci, pentru c\u0103 erau investi\u021bii consistente, nu exista niciun fel de grab\u0103 care s\u0103 justifice demararea proiectului, pe care \u00eel consider cu o valoare ad\u0103ugat\u0103 mai degrab\u0103 sc\u0103zut\u0103. Nu am crezut c\u0103 e nevoie s\u0103 presez. Erau \u0219i considerente politice de ordin extern. Rela\u021biile de bun\u0103 vecin\u0103tate cu Ungaria, ea manifesta griji ce trebuiau rezolvate \u00een modul cel mai corect\u201d, spunea T\u0103riceanu la 1 septembrie 2013, \u00een cadrul emisiunii &#8221;Kilometrul zero&#8221; de la Digi24, un moment \u00een care aveau loc proteste de strad\u0103 ale opozan\u021bilor exploat\u0103rii aurului de la Ro\u0219ia Montan\u0103.<\/p>\n<p data-index=\"12\">\u201e\u00centre timp proiectul a avansat \u0219i acum avem considerente ce trebuie avute \u00een vedere. Unele sunt de natur\u0103 pur economic\u0103. Trebuie v\u0103zut care sunt beneficiile noastre. Guvernul a renegociat condi\u021biile ini\u021biale \u00eentr-un mod mai favorabil pentru statul rom\u00e2n. Al doilea element e legat de mediu: \u00een ce m\u0103sur\u0103 proiectul afecteaz\u0103 mediul, care sunt riscurile. Acum tehnologiile au avansat, sunt foarte sigure. Al treilea aspect este cel arheologic. Nu am toate elementele ca s\u0103 m\u0103 pot pronun\u021ba pe aceste capitole. Plec\u00e2nd de la varianta c\u0103 riscurile sunt absolut controlate, merit\u0103 f\u0103cut sau nu? Eu spun c\u0103 acum, c\u0103 nu mai sunt investi\u021bii \u0219i locuri de munc\u0103, acesta trebuie s\u0103 fie un criteriu\u201d, a explicat C\u0103lin Popescu T\u0103riceanu \u00een aceea\u0219i emisiune.<\/p>\n<p data-index=\"13\">\u201eNu am elemente care s\u0103 indice c\u0103 sunt presiuni. Nu am v\u0103zut partizan\u021bi ferven\u021bi ai proiectului. Am v\u0103zut \u0219i \u00een PNL persoane care \u00ee\u0219i exprim\u0103 rezerve sau opozi\u021bia. Cred c\u0103 e normal s\u0103 existe o dezbatere c\u00e2t mai larg\u0103\u201d, a ad\u0103ugat el.<\/p>\n<p data-index=\"14\">\u201eDin c\u00e2te pot s\u0103 \u00een\u021beleg, Victor Ponta vrea s\u0103 implice Parlamentul \u00een dezbatere \u0219i decizia final\u0103 s\u0103 \u00eei revin\u0103 Parlamentului. Mai trece ap\u0103 pe Dun\u0103re p\u00e2n\u0103 ajungem s\u0103 vot\u0103m proiectul \u00een Parlament\u201d, a subliniat T\u0103riceanu, \u00een studiourile Digi24, \u00een septembrie 2013..<\/p>\n<p data-index=\"15\">\u201eLucrurile au evoluat enorm \u00een ceea ce prive\u0219te situa\u021bia economic\u0103, proiectul \u00een sine. Atunci proiectul st\u00e2rnea numeroase critici. Joi la reuniunea BP al PNL s-a discutat o or\u0103 \u0219i jum\u0103tate despre acest subiect. Am spus c\u0103 nu vreau s\u0103 intervin pe subeict, nu mi se pare at\u00e2t de grav, erau altele mai importante. Nu am avut senza\u021bia c\u0103 exist\u0103 un entuziasm, dar nici o radicalizare a pozi\u021biilor contra. Noi am f\u0103cut o discu\u021bie civilizat\u0103, bazat\u0103 pe argumente. Nu exist\u0103 o unanimitate&#8221;, mai afirma actualul \u0219ef al Senatului \u00een 2013.<\/p>\n<p data-index=\"16\">\u00a0<\/p>\n<\/div>\n<p> Source URL: https:\/\/www.digi24.ro\/stiri\/actualitate\/justitie\/ponta-l-a-tradat-pe-tariceanu-la-dna-554092<\/p>\n","protected":false},"excerpt":{"rendered":"<p>Victor Ponta a declarat la DNA c\u0103, dup\u0103 ce a devenit prim-ministru, l-a \u00eent\u00e2lnit pe Tal Silberstein, consultant politic \u0219i colaborator al RMGC, prin intermedierea lui C\u0103lin Popescu T\u0103riceanu, cel care afirmase \u00een fa\u021ba procurorilor DNA c\u0103 nu l-a prezentat pe consultantul politic \u0219i altor politicieni, dup\u0103 cum a dezv\u0103luit ziarul Adev\u0103rul. C\u0103lin Popescu T\u0103riceanu [&hellip;]<\/p>\n","protected":false},"author":1,"featured_media":161008,"comment_status":"open","ping_status":"","sticky":false,"template":"","format":"standard","meta":{"footnotes":""},"categories":[2],"tags":[11],"class_list":["post-161007","post","type-post","status-publish","format-standard","has-post-thumbnail","hentry","category-politics","tag-digi24"],"_links":{"self":[{"href":"https:\/\/analyse.optim.biz\/index.php?rest_route=\/wp\/v2\/posts\/161007","targetHints":{"allow":["GET"]}}],"collection":[{"href":"https:\/\/analyse.optim.biz\/index.php?rest_route=\/wp\/v2\/posts"}],"about":[{"href":"https:\/\/analyse.optim.biz\/index.php?rest_route=\/wp\/v2\/types\/post"}],"author":[{"embeddable":true,"href":"https:\/\/analyse.optim.biz\/index.php?rest_route=\/wp\/v2\/users\/1"}],"replies":[{"embeddable":true,"href":"https:\/\/analyse.optim.biz\/index.php?rest_route=%2Fwp%2Fv2%2Fcomments&post=161007"}],"version-history":[{"count":0,"href":"https:\/\/analyse.optim.biz\/index.php?rest_route=\/wp\/v2\/posts\/161007\/revisions"}],"wp:featuredmedia":[{"embeddable":true,"href":"https:\/\/analyse.optim.biz\/index.php?rest_route=\/wp\/v2\/media\/161008"}],"wp:attachment":[{"href":"https:\/\/analyse.optim.biz\/index.php?rest_route=%2Fwp%2Fv2%2Fmedia&parent=161007"}],"wp:term":[{"taxonomy":"category","embeddable":true,"href":"https:\/\/analyse.optim.biz\/index.php?rest_route=%2Fwp%2Fv2%2Fcategories&post=161007"},{"taxonomy":"post_tag","embeddable":true,"href":"https:\/\/analyse.optim.biz\/index.php?rest_route=%2Fwp%2Fv2%2Ftags&post=161007"}],"curies":[{"name":"wp","href":"https:\/\/api.w.org\/{rel}","templated":true}]}}