{"id":160996,"date":"2016-08-27T16:59:52","date_gmt":"2016-08-27T13:59:52","guid":{"rendered":"https:\/\/analyse.optim.biz\/?p=160996"},"modified":"2016-08-27T16:59:52","modified_gmt":"2016-08-27T13:59:52","slug":"parlamentul-prioritatilor-necunoscute","status":"publish","type":"post","link":"https:\/\/analyse.optim.biz\/?p=160996","title":{"rendered":"Parlamentul priorit\u0103\u021bilor necunoscute"},"content":{"rendered":"<div class=\"entry data-app-meta data-app-meta-article\" data-embed-base-url-canonical=\"https:\/\/www.digi24.ro\/embed\/stiri\/actualitate\/politica\/parlamentul-prioritatilor-necunoscute-554474\">\n<p data-index=\"1\"><strong>Cu patru zile \u00eenainte s\u0103 se \u00eentoarc\u0103 la munc\u0103 senatorii \u015fi deputa\u0163ii, partidele nu \u015ftiu care sunt legile prioritare toamna aceast\u0103. Liderii de grup au primit ordin de la pre\u015fedin\u0163ii lor s\u0103 inventarieze toate documentele care zac prin sertare. Pentru unii nu e grab\u0103. Liberalii spun c\u0103 abia \u00een prima zi a sesiunii vor stabili priorit\u0103\u0163ile.<\/strong><\/p>\n<p data-index=\"2\">Revenirea din vacan\u0163\u0103 a parlamentarilor este lin\u0103, de\u015fi au mult\u0103 treab\u0103. 680 de proiecte de lege au fost depuse anul acesta la Camera Deputa\u0163ilor \u015fi la Senat. 235 nici m\u0103car nu au fost repartizate comisiilor.<\/p>\n<p data-index=\"3\"><span lang=\"ro-RO\">Sesiunea parlamentar\u0103 va \u00eencepe s\u0103pt\u0103m\u00e2na viitoare, joi. Va fi de altfel \u015fi singura zi \u00een care senatorii \u015fi deputa\u0163ii vor lucra pentru c\u0103 apoi urmeaz\u0103 weekendul \u015fi vor pleca acas\u0103.<\/span><\/p>\n<p data-index=\"4\">Social-democra\u0163ii scotocesc abia acum prin sertarele comisiilor de specialitate ca s\u0103 afle ce legi au r\u0103mas pe acolo. Abia mai apoi fac clasamentul priorit\u0103\u0163ilor.<\/p>\n<p data-index=\"5\"><span lang=\"ro-RO\">Mihai Fifor, lider<\/span><span lang=\"en-US\">ul senatorilor<\/span><span lang=\"ro-RO\"> PSD: &#8220;Noi lucr\u0103m pe chestia asta, luni o s\u0103 am de pe fiecare <\/span><span lang=\"en-US\">comisie<\/span><span lang=\"ro-RO\"> \u00een parte priotit\u0103\u0163ile legislative pentru aceast\u0103 sesiune.\u201d<\/span><\/p>\n<p data-index=\"6\"><span lang=\"en-US\">Reporter: \u201c<\/span><span lang=\"ro-RO\">\u015ei nu ave\u0163i ni\u015fte exemple concrete&#8230;\u201d<\/span><\/p>\n<p data-index=\"7\">Mihai Fifor: \u201eNu, chiar nu am acum pentru c\u0103 vin din comisii cu ele, ca s\u0103 vorbim lucruri serioase, nu doar a\u015fa s\u0103&#8230;&#8221;<\/p>\n<p data-index=\"8\">Nici liberalii nu stau mai bine.<\/p>\n<p data-index=\"9\"><span lang=\"ro-RO\">Ion Popa, lider<\/span><span lang=\"en-US\">ul senatorilor<\/span><span lang=\"ro-RO\"> PNL: &#8220;P\u00e2n\u0103 joi se va face, sigur, un sumar \u015fi un inventar al tuturor ini\u0163iativelor legislative care se afl\u0103 \u00een dezbatere la cele dou\u0103 camere, ori la Senat ori la Camera Deputa\u0163ilor \u015fi urm\u00e2nd a se prioritiza.&#8221;<\/span><\/p>\n<p data-index=\"10\">Cei de la Partidul Mi\u015fcarea Popular\u0103 par s\u0103 fie ceva mai organiza\u0163i. Au o idee de lege la care \u0163in foarte mult.<\/p>\n<p data-index=\"11\"><span lang=\"ro-RO\">Valeriu Steriu, pre\u015fedinte executiv PMP: &#8220;Proiectul care se refer\u0103 la primul loc de munc\u0103 prin care tinerii din Rom\u00e2nia care termin\u0103 liceul sau facultatea au un sprijin din partea statului pentru partea de taxe \u015fi impozite&#8221;<\/span><\/p>\n<p data-index=\"12\">Senatorii \u015fi deputa\u0163ii au, teoretic, enorm de lucru \u00een cele trei luni ale sesiunii parlamentare de toamn\u0103. Problema este c\u0103 peste c\u00e2teva s\u0103pt\u0103m\u00e2ni \u00eencepe campania electoral\u0103, iar ale\u015fii vor sta mai mult prin teritoriu dec\u00e2t la Camere.<\/p>\n<\/div>\n<p> Source URL: https:\/\/www.digi24.ro\/stiri\/actualitate\/politica\/parlamentul-prioritatilor-necunoscute-554474<\/p>\n","protected":false},"excerpt":{"rendered":"<p>Cu patru zile \u00eenainte s\u0103 se \u00eentoarc\u0103 la munc\u0103 senatorii \u015fi deputa\u0163ii, partidele nu \u015ftiu care sunt legile prioritare toamna aceast\u0103. Liderii de grup au primit ordin de la pre\u015fedin\u0163ii lor s\u0103 inventarieze toate documentele care zac prin sertare. Pentru unii nu e grab\u0103. Liberalii spun c\u0103 abia \u00een prima zi a sesiunii vor stabili [&hellip;]<\/p>\n","protected":false},"author":1,"featured_media":160997,"comment_status":"open","ping_status":"","sticky":false,"template":"","format":"standard","meta":{"footnotes":""},"categories":[2],"tags":[11],"class_list":["post-160996","post","type-post","status-publish","format-standard","has-post-thumbnail","hentry","category-politics","tag-digi24"],"_links":{"self":[{"href":"https:\/\/analyse.optim.biz\/index.php?rest_route=\/wp\/v2\/posts\/160996","targetHints":{"allow":["GET"]}}],"collection":[{"href":"https:\/\/analyse.optim.biz\/index.php?rest_route=\/wp\/v2\/posts"}],"about":[{"href":"https:\/\/analyse.optim.biz\/index.php?rest_route=\/wp\/v2\/types\/post"}],"author":[{"embeddable":true,"href":"https:\/\/analyse.optim.biz\/index.php?rest_route=\/wp\/v2\/users\/1"}],"replies":[{"embeddable":true,"href":"https:\/\/analyse.optim.biz\/index.php?rest_route=%2Fwp%2Fv2%2Fcomments&post=160996"}],"version-history":[{"count":0,"href":"https:\/\/analyse.optim.biz\/index.php?rest_route=\/wp\/v2\/posts\/160996\/revisions"}],"wp:featuredmedia":[{"embeddable":true,"href":"https:\/\/analyse.optim.biz\/index.php?rest_route=\/wp\/v2\/media\/160997"}],"wp:attachment":[{"href":"https:\/\/analyse.optim.biz\/index.php?rest_route=%2Fwp%2Fv2%2Fmedia&parent=160996"}],"wp:term":[{"taxonomy":"category","embeddable":true,"href":"https:\/\/analyse.optim.biz\/index.php?rest_route=%2Fwp%2Fv2%2Fcategories&post=160996"},{"taxonomy":"post_tag","embeddable":true,"href":"https:\/\/analyse.optim.biz\/index.php?rest_route=%2Fwp%2Fv2%2Ftags&post=160996"}],"curies":[{"name":"wp","href":"https:\/\/api.w.org\/{rel}","templated":true}]}}