{"id":160985,"date":"2016-08-28T16:19:50","date_gmt":"2016-08-28T13:19:50","guid":{"rendered":"https:\/\/analyse.optim.biz\/?p=160985"},"modified":"2016-08-28T16:19:50","modified_gmt":"2016-08-28T13:19:50","slug":"victor-ponta-in-italia-nimeni-nu-a-sarit-sa-ceara-schimbarea-guvernului","status":"publish","type":"post","link":"https:\/\/analyse.optim.biz\/?p=160985","title":{"rendered":"Victor Ponta: \u00cen Italia, nimeni nu a s\u0103rit s\u0103 cear\u0103 schimbarea Guvernului"},"content":{"rendered":"<div class=\"entry data-app-meta data-app-meta-article\" data-embed-base-url-canonical=\"https:\/\/www.digi24.ro\/embed\/stiri\/actualitate\/politica\/victor-ponta-in-italia-nimeni-nu-a-sarit-sa-ceara-schimbarea-guvernului-554738\">\n<p data-index=\"1\"><strong>Fostul premier Victor Ponta invoc\u0103 tragedia din Italia \u00een lupta politic\u0103 intern\u0103. \u00centr-un mesaj postat pe Facebook, acesta atrage aten\u0163ia c\u0103 oamenii politici din peninsul\u0103 nu profit\u0103 de modul \u00een care a fost gestionat\u0103 situa\u0163ia din urma cutremurului pentru a le cere demisia celor de la Putere<\/strong>.<\/p>\n<p data-index=\"2\">Victor Ponta se pl\u00e2nge c\u0103 a\u015fa s-a \u00eent\u00e2mplat \u00een Rom\u00e2nia, dup\u0103 tragedia de la Colectiv. &#8220;Niciunul nu a \u00eencercat s\u0103 foloseasc\u0103 moartea oamenilor pentru un interes politic, niciunul nu a ie\u015fit a doua zi s\u0103 spun\u0103 &#8220;Corup\u0163ia ucide!&#8221;, nimeni nu a s\u0103rit imediat s\u0103 cear\u0103 schimbarea Guvernului!&#8221;, a scris fostul premier pe pagina sa de <span lang=\"en-US\">F<\/span>acebook.<\/p>\n<p data-index=\"3\">Victor Ponta a demisionat din func\u0163ie \u00een urma protestelor de strad\u0103 generate de modul \u00een care a fost gestionat\u0103 tragedia de la clubul Colectiv. Ulterior, fostul premier a afirmat c\u0103 a renun\u0163at la func\u0163ie dup\u0103 ce fostul ministru de interne Gabriel Oprea l-a avertizat c\u0103 la Bucure\u015fti s-ar pune la cale un &#8220;maidan&#8221; &#8211; proteste violente, precum celor care au zguduit Ucraina.<\/p>\n<\/div>\n<p> Source URL: https:\/\/www.digi24.ro\/stiri\/actualitate\/politica\/victor-ponta-in-italia-nimeni-nu-a-sarit-sa-ceara-schimbarea-guvernului-554738<\/p>\n","protected":false},"excerpt":{"rendered":"<p>Fostul premier Victor Ponta invoc\u0103 tragedia din Italia \u00een lupta politic\u0103 intern\u0103. \u00centr-un mesaj postat pe Facebook, acesta atrage aten\u0163ia c\u0103 oamenii politici din peninsul\u0103 nu profit\u0103 de modul \u00een care a fost gestionat\u0103 situa\u0163ia din urma cutremurului pentru a le cere demisia celor de la Putere. Victor Ponta se pl\u00e2nge c\u0103 a\u015fa s-a \u00eent\u00e2mplat [&hellip;]<\/p>\n","protected":false},"author":1,"featured_media":160986,"comment_status":"open","ping_status":"","sticky":false,"template":"","format":"standard","meta":{"footnotes":""},"categories":[2],"tags":[11],"class_list":["post-160985","post","type-post","status-publish","format-standard","has-post-thumbnail","hentry","category-politics","tag-digi24"],"_links":{"self":[{"href":"https:\/\/analyse.optim.biz\/index.php?rest_route=\/wp\/v2\/posts\/160985","targetHints":{"allow":["GET"]}}],"collection":[{"href":"https:\/\/analyse.optim.biz\/index.php?rest_route=\/wp\/v2\/posts"}],"about":[{"href":"https:\/\/analyse.optim.biz\/index.php?rest_route=\/wp\/v2\/types\/post"}],"author":[{"embeddable":true,"href":"https:\/\/analyse.optim.biz\/index.php?rest_route=\/wp\/v2\/users\/1"}],"replies":[{"embeddable":true,"href":"https:\/\/analyse.optim.biz\/index.php?rest_route=%2Fwp%2Fv2%2Fcomments&post=160985"}],"version-history":[{"count":0,"href":"https:\/\/analyse.optim.biz\/index.php?rest_route=\/wp\/v2\/posts\/160985\/revisions"}],"wp:featuredmedia":[{"embeddable":true,"href":"https:\/\/analyse.optim.biz\/index.php?rest_route=\/wp\/v2\/media\/160986"}],"wp:attachment":[{"href":"https:\/\/analyse.optim.biz\/index.php?rest_route=%2Fwp%2Fv2%2Fmedia&parent=160985"}],"wp:term":[{"taxonomy":"category","embeddable":true,"href":"https:\/\/analyse.optim.biz\/index.php?rest_route=%2Fwp%2Fv2%2Fcategories&post=160985"},{"taxonomy":"post_tag","embeddable":true,"href":"https:\/\/analyse.optim.biz\/index.php?rest_route=%2Fwp%2Fv2%2Ftags&post=160985"}],"curies":[{"name":"wp","href":"https:\/\/api.w.org\/{rel}","templated":true}]}}