{"id":160982,"date":"2016-08-28T23:32:19","date_gmt":"2016-08-28T20:32:19","guid":{"rendered":"https:\/\/analyse.optim.biz\/?p=160982"},"modified":"2016-08-28T23:32:19","modified_gmt":"2016-08-28T20:32:19","slug":"victor-ponta-am-depus-deja-solicitarea-pentru-parlamentare","status":"publish","type":"post","link":"https:\/\/analyse.optim.biz\/?p=160982","title":{"rendered":"Victor Ponta: Am depus deja solicitarea pentru parlamentare"},"content":{"rendered":"<div class=\"entry data-app-meta data-app-meta-article\" data-embed-base-url-canonical=\"https:\/\/www.digi24.ro\/embed\/stiri\/actualitate\/politica\/victor-ponta-am-depus-deja-solicitarea-pentru-parlamentare-554878\">\n<p data-index=\"1\"><strong><span lang=\"ro-RO\">Fostul premier Victor Ponta spune c\u0103 a depus, la organiza\u021bia PSD Gorj, solicitarea pentru candidatura sa la alegerile parlamentare.<\/span><\/strong><\/p>\n<figure class=\"article-thumb\"><img decoding=\"async\" src=\"https:\/\/analyse.optim.biz\/wp-content\/uploads\/2024\/09\/yxnopwiwmzllzwy0ztrhmdu3zjawodq0zty0zjfmzmqzyze2-thumb_-1.jpg\" alt=\"PONTA\" data-skip-htmlfix=\"1\" title=\"yxnopwiwmzllzwy0ztrhmdu3zjawodq0zty0zjfmzmqzyze2-thumb_-1\"><figcaption> Foto: Digi24 <\/figcaption><\/figure>\n<p data-index=\"2\">\u201e<span lang=\"ro-RO\">E important\u0103 opinia structurilor locale (eu am depus deja solicitarea la Organiza\u021bia mea PSD din Gorj), dar trebuie propu\u0219i \u0219i oameni noi \u0219i care vor fi utili \u00een viitor \u2014 s\u0103 ne amintim c\u0103 Emil Boc s-a afirmat \u00eent\u00e2i la Bucure\u0219ti \u0219i apoi la Cluj, eu sunt bucure\u0219tean &#8220;adoptat&#8221; de Gorj, \u0219i exemplele sunt multiple!\u201d, a scris Ponta pe pagina sa de Facebook, potrivit <a href=\"http:\/\/www.agerpres.ro\/\" target=\"_blank\" data-skip-linkfix=\"1\" rel=\"noopener\">Agerpres<\/a>.<\/span><\/p>\n<p data-index=\"3\"><span lang=\"ro-RO\">El consider\u0103 c\u0103 \u201emarea \u0219ans\u0103 (pentru Rom\u00e2nia, nu doar pentru PSD) este s\u0103 propun\u0103 oameni de mare calitate \u0219i competen\u021b\u0103 \u00een viitorul Parlament\u201d.<\/span><\/p>\n<p data-index=\"4\">\u201e<span lang=\"ro-RO\">Marea \u0219ans\u0103 (pentru Rom\u00e2nia nu doar pentru PSD) este s\u0103 propun\u0103 oameni de mare calitate \u0219i competen\u021b\u0103 \u00een viitorul Parlament\/ oameni care s\u0103 rec\u00e2\u0219tige prestigiul \u0219i \u00eencrederea pentru aceast\u0103 institu\u021bie fundamental\u0103 a unui stat democratic (nu \u00eent\u00e2mpl\u0103tor a fost principala \u021bint\u0103 a Sistemului \u0219i a Propagandei), care s\u0103 fac\u0103 legi mai bune \u0219i s\u0103 controleze Guvernul sau Pre\u0219edintele atunci c\u00e2nd e cazul (a\u0219a cum prevede Constitu\u021bia \u0219i principiul echilibrului \u00eentre puterile Statului)!\u201d, spune Ponta.<\/span><\/p>\n<p data-index=\"5\"><span lang=\"ro-RO\">El sus\u021bine c\u0103 \u201ePSD este singurul partid care poate, f\u0103r\u0103 probleme, s\u0103 propun\u0103 o list\u0103 complet\u0103\u201d, \u201ecu oameni care deja au dovedit \u00een Guvern \u0219i \u00een autorit\u0103\u021bile locale c\u0103 \u0219tiu \u0219i s\u0103 fac\u0103 (nu doar s\u0103 critice \u0219i s\u0103 \u00eenjure)\/ cu tineri de viitor \u0219i femei competente \u0219i implicate (cred c\u0103 &#8220;frumuse\u021bea&#8221; conteaz\u0103 \u00een politic\u0103 doar dac\u0103 e \u0219i interioar\u0103 \u2014 altfel ca la concursurile de Miss)\u201d, a ad\u0103ugat el.<\/span><\/p>\n<p data-index=\"6\">\u201e<span lang=\"ro-RO\">\u00cemi doresc ca \u00een 2016 parlamentarii PSD s\u0103 reprezinte voin\u021ba electoratului nostru \u0219i viziunea politic\u0103 a conducerii PSD \u2014 nu interese ale unor oameni \u0219i sisteme care de 25 de ani \u00eei insult\u0103 \u0219i umilesc pe cei care ne voteaz\u0103\/ \u0219i care tot de 25 de ani \u00ee\u0219i doresc doar s\u0103 ne distrug\u0103!\u201d, a mai scris Ponta.<\/span><\/p>\n<\/div>\n<p> Source URL: https:\/\/www.digi24.ro\/stiri\/actualitate\/politica\/victor-ponta-am-depus-deja-solicitarea-pentru-parlamentare-554878<\/p>\n","protected":false},"excerpt":{"rendered":"<p>Fostul premier Victor Ponta spune c\u0103 a depus, la organiza\u021bia PSD Gorj, solicitarea pentru candidatura sa la alegerile parlamentare. Foto: Digi24 \u201eE important\u0103 opinia structurilor locale (eu am depus deja solicitarea la Organiza\u021bia mea PSD din Gorj), dar trebuie propu\u0219i \u0219i oameni noi \u0219i care vor fi utili \u00een viitor \u2014 s\u0103 ne amintim c\u0103 [&hellip;]<\/p>\n","protected":false},"author":1,"featured_media":160983,"comment_status":"open","ping_status":"","sticky":false,"template":"","format":"standard","meta":{"footnotes":""},"categories":[2],"tags":[11],"class_list":["post-160982","post","type-post","status-publish","format-standard","has-post-thumbnail","hentry","category-politics","tag-digi24"],"_links":{"self":[{"href":"https:\/\/analyse.optim.biz\/index.php?rest_route=\/wp\/v2\/posts\/160982","targetHints":{"allow":["GET"]}}],"collection":[{"href":"https:\/\/analyse.optim.biz\/index.php?rest_route=\/wp\/v2\/posts"}],"about":[{"href":"https:\/\/analyse.optim.biz\/index.php?rest_route=\/wp\/v2\/types\/post"}],"author":[{"embeddable":true,"href":"https:\/\/analyse.optim.biz\/index.php?rest_route=\/wp\/v2\/users\/1"}],"replies":[{"embeddable":true,"href":"https:\/\/analyse.optim.biz\/index.php?rest_route=%2Fwp%2Fv2%2Fcomments&post=160982"}],"version-history":[{"count":0,"href":"https:\/\/analyse.optim.biz\/index.php?rest_route=\/wp\/v2\/posts\/160982\/revisions"}],"wp:featuredmedia":[{"embeddable":true,"href":"https:\/\/analyse.optim.biz\/index.php?rest_route=\/wp\/v2\/media\/160983"}],"wp:attachment":[{"href":"https:\/\/analyse.optim.biz\/index.php?rest_route=%2Fwp%2Fv2%2Fmedia&parent=160982"}],"wp:term":[{"taxonomy":"category","embeddable":true,"href":"https:\/\/analyse.optim.biz\/index.php?rest_route=%2Fwp%2Fv2%2Fcategories&post=160982"},{"taxonomy":"post_tag","embeddable":true,"href":"https:\/\/analyse.optim.biz\/index.php?rest_route=%2Fwp%2Fv2%2Ftags&post=160982"}],"curies":[{"name":"wp","href":"https:\/\/api.w.org\/{rel}","templated":true}]}}