{"id":160979,"date":"2016-08-28T23:46:01","date_gmt":"2016-08-28T20:46:01","guid":{"rendered":"https:\/\/analyse.optim.biz\/?p=160979"},"modified":"2016-08-28T23:46:01","modified_gmt":"2016-08-28T20:46:01","slug":"traian-basescu-declaratia-lui-james-pettit-un-afront-gosolan-adus-istoriei-romaniei","status":"publish","type":"post","link":"https:\/\/analyse.optim.biz\/?p=160979","title":{"rendered":"Traian B\u0103sescu: Declara\u0163ia lui James Pettit, un afront gosolan adus istoriei Rom\u00e2niei"},"content":{"rendered":"<div class=\"entry data-app-meta data-app-meta-article\" data-embed-base-url-canonical=\"https:\/\/www.digi24.ro\/embed\/stiri\/actualitate\/politica\/traian-basescu-declaratia-lui-james-pettit-un-afront-gosolan-adus-istoriei-romaniei-554880\">\n<p data-index=\"1\"><img loading=\"lazy\" decoding=\"async\" class=\"alignnone size-full wp-image-552560\" src=\"https:\/\/analyse.optim.biz\/wp-content\/uploads\/2024\/09\/odkynme3ogi3mwe2ogqzotrhymu1nmyyytg-thumb_.jpg\" alt=\"basescu maini\" width=\"2048\" height=\"1305\" data-skip-htmlfix=\"1\" title=\"odkynme3ogi3mwe2ogqzotrhymu1nmyyytg-thumb_\"><\/p>\n<p data-index=\"2\"><strong><span lang=\"ro-RO\">Fostul pre\u015fedinte Traian B\u0103sescu a scris, duminic\u0103, pe Facebook, c\u0103 <a href=\"http:\/\/webadmdigi24.rcs-rds.ro\/stiri\/externe\/moldova\/james-pettit-unirea-republicii-moldova-cu-romania-nu-este-o-alegere-practica-554734\" target=\"_blank\" data-skip-linkfix=\"1\" rel=\"noopener\">declara\u0163ia Ambasadorului SUA la Chi\u015fin\u0103u, James Pettit<\/a>, potrivit c\u0103reia Republica Moldova trebuie s\u0103 r\u0103m\u00e2n\u0103 un stat independent, iar unirea cu Rom\u00e2nia nu este o alegere practic\u0103, este \u201eun afront gosolan adus Istoriei Rom\u00e2niei\u201d, potrivit <a href=\"http:\/\/www.news.ro\/\" target=\"_blank\" data-skip-linkfix=\"1\" rel=\"noopener\">News.ro<\/a>.<\/span><\/strong><\/p>\n<p data-index=\"3\">\u201e<span lang=\"ro-RO\">Ambasadorul SUA James Pettit, o tr\u00e2mbi\u0163\u0103 a Moscovei? Ambasadorul SUA de la Chi\u015fin\u0103u, James Pettit, emite teorii similare cu cele din vremea lui Stalin \u015fi dragi propagandei lui Putin, f\u0103c\u00e2nd servicii nepre\u0163uite Moscovei, d\u00e2nd o grea lovitur\u0103 chiar realit\u0103\u0163ilor istorice \u015fi sus\u0163in\u00e2nd mistificarea istoriei Rom\u00e2niei, afirm\u00e2nd c\u0103: \u00abMoldova nu este Rom\u00e2nia\u00bb; \u00abMoldova \u00ee\u015fi are propria ei istorie\u00bb; \u00abAl\u0103turarea de Rom\u00e2nia nu este o alegere practic\u0103 \u015fi nu este o alegere care va face lucrurile mai bune \u00een Republica Moldova\u00bb; \u00abEste important ca moldovenii s\u0103 se recunoasc\u0103 a fi moldoveni, o na\u0163iune aparte\u00bb; \u00abMoldova, \u0163ar\u0103 multietnic\u0103\u00bb; \u00abTransnistria trebuie s\u0103 aib\u0103 un statut special\u00bb\u201d; a scris Traian B\u0103sescu pe Facebook. <\/span><\/p>\n<p data-index=\"4\"><span lang=\"ro-RO\">El adaug\u0103 \u015fi faptul c\u0103 a aflat de la James Pettit c\u0103 \u201enoi \u015fi cet\u0103\u0163enii Republicii Moldova vorbim limbi diferite\u201d.<\/span><\/p>\n<p data-index=\"5\">\u201e<span lang=\"ro-RO\">Altfel spus, Ambasadorul SUA la Chi\u015fin\u0103u consolideaz\u0103 teoria promovat\u0103 de la Stalin \u015fi p\u00e2n\u0103 \u00een ziua de azi, de c\u0103tre Putin, nesocotind chiar istoria Rom\u00e2niei. Marea \u00eentrebare este dac\u0103 Ambasadorul James Pettit a exprimat puctul de vedere oficial al SUA sau, pur \u015fi simplu, vorbele scoase pe augusta-i guri\u0163\u0103 reflect\u0103 grave caren\u0163e de cunoa\u015ftere a spa\u0163iului \u00een care \u00ee\u015fi \u00eendepline\u015fte misiunea. Nu \u015ftiu dac\u0103 James Pettit exprim\u0103 punctul de vedere al SUA, dar ambasadorul tocmai a reu\u015fit s\u0103 a\u015ftearn\u0103 cel pu\u0163in un strat gros de nedumerire \u015fi poate s\u0103m\u00e2n\u0163a ne\u00eencrederii Rom\u00e2niei \u00een SUA\u201d, consider\u0103 liderul PMP. <\/span><\/p>\n<p data-index=\"6\"><span lang=\"ro-RO\">Traian B\u0103sescu arat\u0103 c\u0103 declara\u0163ia Ambasadorului James Pettit este \u201eun afront gosolan adus Istoriei Rom\u00e2niei\u201d.<\/span><\/p>\n<p data-index=\"7\">\u201e<span lang=\"ro-RO\">O reac\u0163ie oficial\u0103 \u015fi clarificatoare a Rom\u00e2niei \u00een rela\u0163ia cu SUA este obligatorie\u201d, mai spune pre\u015fedintele PMP. <\/span><\/p>\n<p data-index=\"8\"><span lang=\"ro-RO\">James Pettit, ambasadorul Statelor Unite ale Americii \u00een Republica Moldova, a declarat \u00eentr-un interviu acordat postului Moldova 1, c\u0103 \u0163ara trebuie s\u0103 r\u0103m\u00e2n\u0103 un stat suveran \u015fi independent.<\/span><\/p>\n<p data-index=\"9\">\u201e<span lang=\"ro-RO\">Consider c\u0103 este foarte important \u015fi aceasta, desigur, este politica noastr\u0103, cred c\u0103 \u015fi politica de aici. Moldova trebuie s\u0103 r\u0103m\u00e2n\u0103 un stat suveran \u015fi independent \u00een cadrul unor grani\u0163e sigure. Al\u0103turarea Rom\u00e2niei de exemplu, ca o cale de a intra \u00een UE sau pentru orice alt motiv, nu este o alegere practic\u0103 \u015fi nu este o alegere care va face lucrurile mai bune aici, \u00een Moldova\u201d, a spus ambasadorul Statelor Unite ale Americii \u00een Republica Moldova.<\/span><\/p>\n<p data-index=\"10\">\u201e<span lang=\"ro-RO\">Moldova nu este Rom\u00e2nia, Moldova \u00ee\u015fi are propria sa istorie \u015fi propriile sale provoc\u0103ri, printre care este faptul c\u0103 Moldova este o \u0163ar\u0103 multietnic\u0103 cu oameni care vorbesc limbi diferite \u015fi desigur, mai este \u015fi problema transnistrean\u0103, care nici m\u0103car nu este sub controlul guvernului central, dar care are nevoie de un statut special, dar un statut special \u00een cadrul Republicii Moldova\u201d, a mai men\u0163ionat James Pettit, precic\u00e2nd c\u0103 poten\u0163ialul este foarte mare.<\/span><\/p>\n<\/div>\n<p> Source URL: https:\/\/www.digi24.ro\/stiri\/actualitate\/politica\/traian-basescu-declaratia-lui-james-pettit-un-afront-gosolan-adus-istoriei-romaniei-554880<\/p>\n","protected":false},"excerpt":{"rendered":"<p>Fostul pre\u015fedinte Traian B\u0103sescu a scris, duminic\u0103, pe Facebook, c\u0103 declara\u0163ia Ambasadorului SUA la Chi\u015fin\u0103u, James Pettit, potrivit c\u0103reia Republica Moldova trebuie s\u0103 r\u0103m\u00e2n\u0103 un stat independent, iar unirea cu Rom\u00e2nia nu este o alegere practic\u0103, este \u201eun afront gosolan adus Istoriei Rom\u00e2niei\u201d, potrivit News.ro. \u201eAmbasadorul SUA James Pettit, o tr\u00e2mbi\u0163\u0103 a Moscovei? Ambasadorul SUA [&hellip;]<\/p>\n","protected":false},"author":1,"featured_media":160980,"comment_status":"open","ping_status":"","sticky":false,"template":"","format":"standard","meta":{"footnotes":""},"categories":[2],"tags":[11],"class_list":["post-160979","post","type-post","status-publish","format-standard","has-post-thumbnail","hentry","category-politics","tag-digi24"],"_links":{"self":[{"href":"https:\/\/analyse.optim.biz\/index.php?rest_route=\/wp\/v2\/posts\/160979","targetHints":{"allow":["GET"]}}],"collection":[{"href":"https:\/\/analyse.optim.biz\/index.php?rest_route=\/wp\/v2\/posts"}],"about":[{"href":"https:\/\/analyse.optim.biz\/index.php?rest_route=\/wp\/v2\/types\/post"}],"author":[{"embeddable":true,"href":"https:\/\/analyse.optim.biz\/index.php?rest_route=\/wp\/v2\/users\/1"}],"replies":[{"embeddable":true,"href":"https:\/\/analyse.optim.biz\/index.php?rest_route=%2Fwp%2Fv2%2Fcomments&post=160979"}],"version-history":[{"count":0,"href":"https:\/\/analyse.optim.biz\/index.php?rest_route=\/wp\/v2\/posts\/160979\/revisions"}],"wp:featuredmedia":[{"embeddable":true,"href":"https:\/\/analyse.optim.biz\/index.php?rest_route=\/wp\/v2\/media\/160980"}],"wp:attachment":[{"href":"https:\/\/analyse.optim.biz\/index.php?rest_route=%2Fwp%2Fv2%2Fmedia&parent=160979"}],"wp:term":[{"taxonomy":"category","embeddable":true,"href":"https:\/\/analyse.optim.biz\/index.php?rest_route=%2Fwp%2Fv2%2Fcategories&post=160979"},{"taxonomy":"post_tag","embeddable":true,"href":"https:\/\/analyse.optim.biz\/index.php?rest_route=%2Fwp%2Fv2%2Ftags&post=160979"}],"curies":[{"name":"wp","href":"https:\/\/api.w.org\/{rel}","templated":true}]}}