{"id":160968,"date":"2016-08-29T10:25:45","date_gmt":"2016-08-29T07:25:45","guid":{"rendered":"https:\/\/analyse.optim.biz\/?p=160968"},"modified":"2016-08-29T10:25:45","modified_gmt":"2016-08-29T07:25:45","slug":"vasile-dincu-premierul-nu-va-intra-in-politica","status":"publish","type":"post","link":"https:\/\/analyse.optim.biz\/?p=160968","title":{"rendered":"Vasile D\u00eencu: Premierul nu va intra \u00een politic\u0103"},"content":{"rendered":"<div class=\"entry data-app-meta data-app-meta-article\" data-embed-base-url-canonical=\"https:\/\/www.digi24.ro\/embed\/stiri\/actualitate\/politica\/vasile-dincu-premierul-nu-va-intra-in-politica-554996\">\n<p data-index=\"1\"><strong>Premierul Dacian Ciolo\u015f nu se va \u00eenscrie \u00een niciun partid, iar dac\u0103 unul dintre mini\u015ftri va face acest lucru, va trebui s\u0103 plece din Guvern. Declara\u0163ia a fost f\u0103cut\u0103 de vicepremierul Vasile D\u00eencu, la un post de televiziune. El a mai spus c\u0103 premierul a discutat cu mini\u015ftrii pe aceast\u0103 tem\u0103 \u015fi c\u0103 este vorba de o regul\u0103 stabilit\u0103 de la \u00eenceputul guvern\u0103rii. Recent, ministrul Fondurilor Europene, Cristian Ghinea, a declarat la Digi24 c\u0103 ar fi interesat de o eventual\u0103 candidatur\u0103 la alegerile parlamentare, dar c\u0103 ar face acest pas doar \u00een echip\u0103 cu premierul \u015fi al\u0163i mini\u015ftri.<\/strong><\/p>\n<p data-index=\"2\">Vasile D\u00eencu, vicepremier, ministrul Dezvolt\u0103rii Regionale \u015fi Administra\u0163iei Publice: \u201eNoi am avut o discu\u0163ie cu Dacian Ciolo\u015f \u00een zilele \u00een care am discutat despre mandatul nostru \u015fi am stabilit atunci c\u0103 n-o s\u0103 intr\u0103m \u00een politic\u0103 \u015fi o s\u0103 st\u0103m p\u00e2n\u0103 la cap\u0103t. Nu cred c\u0103 va intra in politic\u0103. Ne-a spus-o \u015fi grupului de mini\u015ftri, pentru c\u0103 s-a pus problema. Un ministru a spus la un moment dat c\u0103 a\u015fteapt\u0103 semnalul de la premier. Premierul ne-a spus c\u0103 a face politic\u0103 este o chestiune care \u0163ine de propria con\u015ftiin\u0163\u0103 \u015fi c\u0103 el nu va da niciodat\u0103 vreun semnal, el nu va pleca la niciun partid \u015fi nu va da semnal nim\u0103nui. Cel care vrea sa fac\u0103 politic\u0103 este foarte bine, este bine s\u0103 vin\u0103 oameni tineri, oameni competen\u0163i \u00een politic\u0103, oameni care au un pic de experien\u0163\u0103 \u00een politic\u0103, dar c\u0103 nu vor primi semnalul de la premier. Evident, cel care se \u00eenscrie la un moment dat, din Guvern, \u00eentr-un partid politic, se pune pe o list\u0103, trebuie sa plece din Guvern.\u201d<\/p>\n<\/div>\n<p> Source URL: https:\/\/www.digi24.ro\/stiri\/actualitate\/politica\/vasile-dincu-premierul-nu-va-intra-in-politica-554996<\/p>\n","protected":false},"excerpt":{"rendered":"<p>Premierul Dacian Ciolo\u015f nu se va \u00eenscrie \u00een niciun partid, iar dac\u0103 unul dintre mini\u015ftri va face acest lucru, va trebui s\u0103 plece din Guvern. Declara\u0163ia a fost f\u0103cut\u0103 de vicepremierul Vasile D\u00eencu, la un post de televiziune. El a mai spus c\u0103 premierul a discutat cu mini\u015ftrii pe aceast\u0103 tem\u0103 \u015fi c\u0103 este vorba [&hellip;]<\/p>\n","protected":false},"author":1,"featured_media":160969,"comment_status":"open","ping_status":"","sticky":false,"template":"","format":"standard","meta":{"footnotes":""},"categories":[2],"tags":[11],"class_list":["post-160968","post","type-post","status-publish","format-standard","has-post-thumbnail","hentry","category-politics","tag-digi24"],"_links":{"self":[{"href":"https:\/\/analyse.optim.biz\/index.php?rest_route=\/wp\/v2\/posts\/160968","targetHints":{"allow":["GET"]}}],"collection":[{"href":"https:\/\/analyse.optim.biz\/index.php?rest_route=\/wp\/v2\/posts"}],"about":[{"href":"https:\/\/analyse.optim.biz\/index.php?rest_route=\/wp\/v2\/types\/post"}],"author":[{"embeddable":true,"href":"https:\/\/analyse.optim.biz\/index.php?rest_route=\/wp\/v2\/users\/1"}],"replies":[{"embeddable":true,"href":"https:\/\/analyse.optim.biz\/index.php?rest_route=%2Fwp%2Fv2%2Fcomments&post=160968"}],"version-history":[{"count":0,"href":"https:\/\/analyse.optim.biz\/index.php?rest_route=\/wp\/v2\/posts\/160968\/revisions"}],"wp:featuredmedia":[{"embeddable":true,"href":"https:\/\/analyse.optim.biz\/index.php?rest_route=\/wp\/v2\/media\/160969"}],"wp:attachment":[{"href":"https:\/\/analyse.optim.biz\/index.php?rest_route=%2Fwp%2Fv2%2Fmedia&parent=160968"}],"wp:term":[{"taxonomy":"category","embeddable":true,"href":"https:\/\/analyse.optim.biz\/index.php?rest_route=%2Fwp%2Fv2%2Fcategories&post=160968"},{"taxonomy":"post_tag","embeddable":true,"href":"https:\/\/analyse.optim.biz\/index.php?rest_route=%2Fwp%2Fv2%2Ftags&post=160968"}],"curies":[{"name":"wp","href":"https:\/\/api.w.org\/{rel}","templated":true}]}}