{"id":160957,"date":"2016-08-29T11:34:45","date_gmt":"2016-08-29T08:34:45","guid":{"rendered":"https:\/\/analyse.optim.biz\/?p=160957"},"modified":"2016-08-29T11:34:45","modified_gmt":"2016-08-29T08:34:45","slug":"dacian-ciolos-romaniei-ii-este-negat-accesul-la-schengen-din-motive-politice-depasite","status":"publish","type":"post","link":"https:\/\/analyse.optim.biz\/?p=160957","title":{"rendered":"Dacian Ciolo\u0219: Rom\u00e2niei \u00eei este negat accesul la Schengen din motive politice dep\u0103\u0219ite"},"content":{"rendered":"<div class=\"entry data-app-meta data-app-meta-article\" data-embed-base-url-canonical=\"https:\/\/www.digi24.ro\/embed\/stiri\/actualitate\/politica\/dacian-ciolos-romaniei-ii-este-negat-accesul-la-schengen-din-motive-politice-depasite-555021\">\n<p data-index=\"1\"><strong><span lang=\"ro-RO\">Uniunea European\u0103 \u015fi-a pierdut coeziunea politic\u0103 \u015fi trebuie s\u0103 o reg\u0103seasc\u0103 dac\u0103 vrea s\u0103 fac\u0103 fa\u0163\u0103 celor dou\u0103 amenin\u0163\u0103ri majore la stabilitatea ei &#8211; migra\u0163ia \u015fi terorismul. A spus ast\u0103zi premierul Dacian Ciolo\u015f, la reuniunea anual\u0103 a diploma\u0163iei rom\u00e2ne.<\/span><\/strong><\/p>\n<p data-index=\"2\"><span lang=\"ro-RO\">\u00cen acela\u015fi context, \u015feful guvernului a criticat \u0163\u0103rile membre Schengen pentru c\u0103 blocheaz\u0103 aderarea Rom\u00e2niei, din motive care nu au nicio leg\u0103tur\u0103 cu realitatea de pe teren.<\/span><\/p>\n<p lang=\"ro-RO\" data-index=\"3\">Dacian Ciolo\u0219 a spus c\u0103 repingerea Schengen este dep\u0103\u0219it\u0103 \u0219i c\u0103 motivele invocate de \u021b\u0103rile membre sunt strict politice.<\/p>\n<p data-index=\"4\">\u201e<span lang=\"ro-RO\">De mai bine de cinci ani Rom\u00e2niei \u00eei este negat accesul la Schengen pentru motive politice, care mi se par total dep\u0103\u0219ite de realit\u0103\u021bile cu care ne confrunt\u0103m cu to\u021bii. Nu am reu\u015fit la nivel colectiv s\u0103 g\u0103sim cele mai bune solu\u0163ii. \u00cen dezbaterile mult prea fierbin\u021bi am piedut ceva din coeziunea politic\u0103 a procesului decizional la nivel UE\u201d, a declarat premierul Dacian Ciolo\u0219.<\/span><\/p>\n<\/div>\n<p> Source URL: https:\/\/www.digi24.ro\/stiri\/actualitate\/politica\/dacian-ciolos-romaniei-ii-este-negat-accesul-la-schengen-din-motive-politice-depasite-555021<\/p>\n","protected":false},"excerpt":{"rendered":"<p>Uniunea European\u0103 \u015fi-a pierdut coeziunea politic\u0103 \u015fi trebuie s\u0103 o reg\u0103seasc\u0103 dac\u0103 vrea s\u0103 fac\u0103 fa\u0163\u0103 celor dou\u0103 amenin\u0163\u0103ri majore la stabilitatea ei &#8211; migra\u0163ia \u015fi terorismul. A spus ast\u0103zi premierul Dacian Ciolo\u015f, la reuniunea anual\u0103 a diploma\u0163iei rom\u00e2ne. \u00cen acela\u015fi context, \u015feful guvernului a criticat \u0163\u0103rile membre Schengen pentru c\u0103 blocheaz\u0103 aderarea Rom\u00e2niei, din [&hellip;]<\/p>\n","protected":false},"author":1,"featured_media":160958,"comment_status":"open","ping_status":"","sticky":false,"template":"","format":"standard","meta":{"footnotes":""},"categories":[2],"tags":[11],"class_list":["post-160957","post","type-post","status-publish","format-standard","has-post-thumbnail","hentry","category-politics","tag-digi24"],"_links":{"self":[{"href":"https:\/\/analyse.optim.biz\/index.php?rest_route=\/wp\/v2\/posts\/160957","targetHints":{"allow":["GET"]}}],"collection":[{"href":"https:\/\/analyse.optim.biz\/index.php?rest_route=\/wp\/v2\/posts"}],"about":[{"href":"https:\/\/analyse.optim.biz\/index.php?rest_route=\/wp\/v2\/types\/post"}],"author":[{"embeddable":true,"href":"https:\/\/analyse.optim.biz\/index.php?rest_route=\/wp\/v2\/users\/1"}],"replies":[{"embeddable":true,"href":"https:\/\/analyse.optim.biz\/index.php?rest_route=%2Fwp%2Fv2%2Fcomments&post=160957"}],"version-history":[{"count":0,"href":"https:\/\/analyse.optim.biz\/index.php?rest_route=\/wp\/v2\/posts\/160957\/revisions"}],"wp:featuredmedia":[{"embeddable":true,"href":"https:\/\/analyse.optim.biz\/index.php?rest_route=\/wp\/v2\/media\/160958"}],"wp:attachment":[{"href":"https:\/\/analyse.optim.biz\/index.php?rest_route=%2Fwp%2Fv2%2Fmedia&parent=160957"}],"wp:term":[{"taxonomy":"category","embeddable":true,"href":"https:\/\/analyse.optim.biz\/index.php?rest_route=%2Fwp%2Fv2%2Fcategories&post=160957"},{"taxonomy":"post_tag","embeddable":true,"href":"https:\/\/analyse.optim.biz\/index.php?rest_route=%2Fwp%2Fv2%2Ftags&post=160957"}],"curies":[{"name":"wp","href":"https:\/\/api.w.org\/{rel}","templated":true}]}}