{"id":160946,"date":"2016-08-29T13:00:45","date_gmt":"2016-08-29T10:00:45","guid":{"rendered":"https:\/\/analyse.optim.biz\/?p=160946"},"modified":"2016-08-29T13:00:45","modified_gmt":"2016-08-29T10:00:45","slug":"serban-mihailescu-va-demisiona-din-parlament","status":"publish","type":"post","link":"https:\/\/analyse.optim.biz\/?p=160946","title":{"rendered":"\u015eerban Mih\u0103ilescu va demisiona din Parlament"},"content":{"rendered":"<div class=\"entry data-app-meta data-app-meta-article\" data-embed-base-url-canonical=\"https:\/\/www.digi24.ro\/embed\/stiri\/actualitate\/politica\/serban-mihailescu-va-demisiona-din-parlament-555070\">\n<p data-index=\"1\">\u015eerban Mih\u0103ilescu demisioneaz\u0103 din func\u0163ia de senator, cu doar c\u00e2teva luni \u00eenainte s\u0103-i expire mandatul. Politicianul \u00ee\u015fi va anun\u0163a retragerea \u00een prima \u015fedin\u0163\u0103 de plen, pe 1 septembrie. Mih\u0103ilescu este parlamentar \u00eenc\u0103 din 1990.<\/p>\n<p data-index=\"2\">Cea mai mare parte a carierei politice \u015fi-a desf\u0103\u015furat-o \u00een PSD, fiind \u015fi ministru \u00een Guvernul condus de Adrian N\u0103stase. A plecat apoi, dup\u0103 Gabriel Oprea, \u00een UNPR, unde a fost vicepre\u015fedinte p\u00e2n\u0103 la \u00eenceputul verii. Din iunie, a devenit senator independent, dezam\u0103git fiind de fuziunea UNPR cu partidul lui Traian B\u0103sescu. \u015eerban Mih\u0103ilescu \u015fi-a manifestat, \u00een urm\u0103 cu c\u00e2teva luni, inten\u0163ia de a nu mai candida pentru un nou mandat de parlamentar. Politicianul are 72 de ani \u015fi este urm\u0103rit penal \u00een dosarul Microsoft.<\/p>\n<\/div>\n<p> Source URL: https:\/\/www.digi24.ro\/stiri\/actualitate\/politica\/serban-mihailescu-va-demisiona-din-parlament-555070<\/p>\n","protected":false},"excerpt":{"rendered":"<p>\u015eerban Mih\u0103ilescu demisioneaz\u0103 din func\u0163ia de senator, cu doar c\u00e2teva luni \u00eenainte s\u0103-i expire mandatul. Politicianul \u00ee\u015fi va anun\u0163a retragerea \u00een prima \u015fedin\u0163\u0103 de plen, pe 1 septembrie. Mih\u0103ilescu este parlamentar \u00eenc\u0103 din 1990. Cea mai mare parte a carierei politice \u015fi-a desf\u0103\u015furat-o \u00een PSD, fiind \u015fi ministru \u00een Guvernul condus de Adrian N\u0103stase. A [&hellip;]<\/p>\n","protected":false},"author":1,"featured_media":160947,"comment_status":"open","ping_status":"","sticky":false,"template":"","format":"standard","meta":{"footnotes":""},"categories":[2],"tags":[11],"class_list":["post-160946","post","type-post","status-publish","format-standard","has-post-thumbnail","hentry","category-politics","tag-digi24"],"_links":{"self":[{"href":"https:\/\/analyse.optim.biz\/index.php?rest_route=\/wp\/v2\/posts\/160946","targetHints":{"allow":["GET"]}}],"collection":[{"href":"https:\/\/analyse.optim.biz\/index.php?rest_route=\/wp\/v2\/posts"}],"about":[{"href":"https:\/\/analyse.optim.biz\/index.php?rest_route=\/wp\/v2\/types\/post"}],"author":[{"embeddable":true,"href":"https:\/\/analyse.optim.biz\/index.php?rest_route=\/wp\/v2\/users\/1"}],"replies":[{"embeddable":true,"href":"https:\/\/analyse.optim.biz\/index.php?rest_route=%2Fwp%2Fv2%2Fcomments&post=160946"}],"version-history":[{"count":0,"href":"https:\/\/analyse.optim.biz\/index.php?rest_route=\/wp\/v2\/posts\/160946\/revisions"}],"wp:featuredmedia":[{"embeddable":true,"href":"https:\/\/analyse.optim.biz\/index.php?rest_route=\/wp\/v2\/media\/160947"}],"wp:attachment":[{"href":"https:\/\/analyse.optim.biz\/index.php?rest_route=%2Fwp%2Fv2%2Fmedia&parent=160946"}],"wp:term":[{"taxonomy":"category","embeddable":true,"href":"https:\/\/analyse.optim.biz\/index.php?rest_route=%2Fwp%2Fv2%2Fcategories&post=160946"},{"taxonomy":"post_tag","embeddable":true,"href":"https:\/\/analyse.optim.biz\/index.php?rest_route=%2Fwp%2Fv2%2Ftags&post=160946"}],"curies":[{"name":"wp","href":"https:\/\/api.w.org\/{rel}","templated":true}]}}