{"id":160943,"date":"2016-08-29T13:47:36","date_gmt":"2016-08-29T10:47:36","guid":{"rendered":"https:\/\/analyse.optim.biz\/?p=160943"},"modified":"2016-08-29T13:47:36","modified_gmt":"2016-08-29T10:47:36","slug":"pru-anunta-racolarea-a-inca-doi-parlamentari","status":"publish","type":"post","link":"https:\/\/analyse.optim.biz\/?p=160943","title":{"rendered":"PRU anun\u021b\u0103 racolarea a \u00eenc\u0103 doi parlamentari"},"content":{"rendered":"<div class=\"entry data-app-meta data-app-meta-article\" data-embed-base-url-canonical=\"https:\/\/www.digi24.ro\/embed\/stiri\/actualitate\/politica\/pru-anunta-racolarea-a-inca-doi-parlamentari-555093\">\n<p data-index=\"1\"><strong>Senatorul Daniel Savu (ex-PSD) \u0219i deputatul Ion Eparu (PSD) s-au al\u0103turat Partidului Rom\u00e2nia Unit\u0103, condus de Bogdan Diaconu. Este vorba, practic, de o continuare a racol\u0103rilor de zilele trecute, \u00een forma\u021biunea na\u021bionalist\u0103 fiind a\u0219teptat \u0219i ex-premierul Victor Ponta.<\/strong><\/p>\n<figure class=\"article-thumb\"><img decoding=\"async\" src=\"https:\/\/analyse.optim.biz\/wp-content\/uploads\/2024\/09\/ad1hngnmymrlmmflytjmmdnlndk3oguxzdqzyza3mjyzma-thumb_-1.jpg\" alt=\"Bogdan Diaconu PRU Facebook\" data-skip-htmlfix=\"1\" title=\"ad1hngnmymrlmmflytjmmdnlndk3oguxzdqzyza3mjyzma-thumb_-1\"><figcaption> Bogdan Diaconu, pre\u0219edintele Partidului Rom\u00e2nia Unit\u0103 <\/figcaption><\/figure>\n<p data-index=\"2\">Anun\u021bul intr\u0103rii \u00een PRU a senatorului Savu (care a vrut, la congresul de anul trecut, s\u0103-l contracandideze pe Liviu Dragnea \u00een cursa pentru \u0219efia PSD)\u00a0\u0219i deputatului Eparu a fost f\u0103cut, pe pagina sa de Facebook, de pre\u0219edintele forma\u021biunii. \u201e<strong>De ast\u0103zi suntem mai puternici, iar m\u00e2ine vom fi \u0219i mai puternici&#8230; \u00cel a\u0219tept\u0103m pe VP<\/strong>\u201d, este mesajul postat de Bogdan Diaconu. Evident, este vorba de Victor Ponta, politician pe care Diaconu \u00eel vede chiar pre\u0219edinte al PRU.<\/p>\n<p data-index=\"3\">S\u0103pt\u0103m\u00e2na trecut\u0103 s-au mai al\u0103turat Partidului Rom\u00e2nia Unit\u0103 senatorul Constantin Popa (ex-PPDD, ex-UNPR, ex-PMP) \u0219i deputa\u021bii Dorin Petrea (ex-UNPR, ex-PSD, ex-PMP), R\u0103zvan T\u0103nase (ex-PPDD, ex-UNPR, ex-Partidul Na\u021bional Democrat), Camelia Khraibani (ex-PSD), Mario Caloianu (ex-PPDD, ex-UNPR, ex-PMP) \u0219i Marius Manolache (ex-PSD).<\/p>\n<p data-index=\"4\">De asemenea, tot zilele trecute, a intrat \u00een echipa lui Diaconu <strong>fostul purt\u0103tor de cuv\u00e2nt al lui Victor Ponta, Mirel Palada<\/strong>, fapt care a amplificat \u0219i mai mult specula\u021biile potrivit c\u0103rora fostul premier s-ar preg\u0103ti s\u0103 p\u0103r\u0103seasc\u0103 PSD pentru PRU.<\/p>\n<p data-index=\"5\">Acesta a negat \u00eens\u0103 c\u0103 ar inten\u021biona s\u0103 plece din PSD. \u201eO s\u0103 explic pe \u00een\u021belesul microbi\u0219tilor \u2014 eu la alt\u0103 echip\u0103 din \u021bar\u0103 nu m\u0103 prea tenteaz\u0103 un transfer, dar dac\u0103 am o ofert\u0103 de la o echip\u0103 mare din Europa care joac\u0103 \u0219i \u00een Champions League nu zic nu \/s\u0103 vedem c\u00e2t cere PSD la transfer (c\u0103 doar nu m\u0103 dau a\u0219a liber de contract)\u201d, explica Ponta, tot pe Facebook.<\/p>\n<p data-index=\"6\">La r\u00e2ndul s\u0103u, Liviu Dragnea a declarat, duminic\u0103 seara, \u00eentr-o emisiune tv, c\u0103 fostul premier \u201enu e liber de contract\u201d. \u201e<strong>PSD a hot\u0103r\u00e2t: nu e transferabil.<\/strong> Eu nu cred \u00een nicio \u0219tire, niciun zvon, nicio campanie de pres\u0103 prin care se sugereaz\u0103 c\u0103 Victor ar pleca din PSD. Nu cred c\u0103 va face lucrul acesta. (&#8230;) Victor Ponta e un om \u00een care PSD a investit foarte mult, cu bogat\u0103 experien\u021b\u0103 acumulat\u0103, experien\u021b\u0103 care trebuie folosit\u0103 \u0219i eu sper s\u0103 fie folosit\u0103 dup\u0103 alegeri. <strong>Victor Ponta, dac\u0103 are de c\u00e2\u0219tigat, are de c\u00e2\u0219tigat din PSD, dac\u0103 vorbim foarte pragmatic<\/strong>\u201d.<\/p>\n<p data-index=\"7\">Palada, care va fi director de comunicare \u0219i purt\u0103tor de cuv\u00e2nt pentru forma\u021biunea na\u021bionalist\u0103, a r\u0103spuns, tot pe Facebook, celor care l-au criticat pentru intrarea \u00een PRU: \u201e<strong>Peste tot, cei care ap\u0103r\u0103 interesul \u021b\u0103rii respective sunt considera\u021bi oameni destoinici, unii dintre ei chiar eroi. Doar la noi, \u00een aceast\u0103 \u021bar\u0103 plin\u0103 de cozi de topor, cei care pun \u021bara \u00eenaintea altor \u021b\u0103ri sunt imediat ataca\u021bi \u0219i eticheta\u021bi drept tr\u0103d\u0103tori, rusofili, bestii, nazi\u0219ti, etc etc<\/strong>\u201d.<\/p>\n<\/div>\n<p> Source URL: https:\/\/www.digi24.ro\/stiri\/actualitate\/politica\/pru-anunta-racolarea-a-inca-doi-parlamentari-555093<\/p>\n","protected":false},"excerpt":{"rendered":"<p>Senatorul Daniel Savu (ex-PSD) \u0219i deputatul Ion Eparu (PSD) s-au al\u0103turat Partidului Rom\u00e2nia Unit\u0103, condus de Bogdan Diaconu. Este vorba, practic, de o continuare a racol\u0103rilor de zilele trecute, \u00een forma\u021biunea na\u021bionalist\u0103 fiind a\u0219teptat \u0219i ex-premierul Victor Ponta. Bogdan Diaconu, pre\u0219edintele Partidului Rom\u00e2nia Unit\u0103 Anun\u021bul intr\u0103rii \u00een PRU a senatorului Savu (care a vrut, la [&hellip;]<\/p>\n","protected":false},"author":1,"featured_media":160944,"comment_status":"open","ping_status":"","sticky":false,"template":"","format":"standard","meta":{"footnotes":""},"categories":[2],"tags":[11],"class_list":["post-160943","post","type-post","status-publish","format-standard","has-post-thumbnail","hentry","category-politics","tag-digi24"],"_links":{"self":[{"href":"https:\/\/analyse.optim.biz\/index.php?rest_route=\/wp\/v2\/posts\/160943","targetHints":{"allow":["GET"]}}],"collection":[{"href":"https:\/\/analyse.optim.biz\/index.php?rest_route=\/wp\/v2\/posts"}],"about":[{"href":"https:\/\/analyse.optim.biz\/index.php?rest_route=\/wp\/v2\/types\/post"}],"author":[{"embeddable":true,"href":"https:\/\/analyse.optim.biz\/index.php?rest_route=\/wp\/v2\/users\/1"}],"replies":[{"embeddable":true,"href":"https:\/\/analyse.optim.biz\/index.php?rest_route=%2Fwp%2Fv2%2Fcomments&post=160943"}],"version-history":[{"count":0,"href":"https:\/\/analyse.optim.biz\/index.php?rest_route=\/wp\/v2\/posts\/160943\/revisions"}],"wp:featuredmedia":[{"embeddable":true,"href":"https:\/\/analyse.optim.biz\/index.php?rest_route=\/wp\/v2\/media\/160944"}],"wp:attachment":[{"href":"https:\/\/analyse.optim.biz\/index.php?rest_route=%2Fwp%2Fv2%2Fmedia&parent=160943"}],"wp:term":[{"taxonomy":"category","embeddable":true,"href":"https:\/\/analyse.optim.biz\/index.php?rest_route=%2Fwp%2Fv2%2Fcategories&post=160943"},{"taxonomy":"post_tag","embeddable":true,"href":"https:\/\/analyse.optim.biz\/index.php?rest_route=%2Fwp%2Fv2%2Ftags&post=160943"}],"curies":[{"name":"wp","href":"https:\/\/api.w.org\/{rel}","templated":true}]}}