{"id":160929,"date":"2016-08-29T14:35:14","date_gmt":"2016-08-29T11:35:14","guid":{"rendered":"https:\/\/analyse.optim.biz\/?p=160929"},"modified":"2016-08-29T14:35:14","modified_gmt":"2016-08-29T11:35:14","slug":"mai-multe-sectii-de-vot-in-diaspora","status":"publish","type":"post","link":"https:\/\/analyse.optim.biz\/?p=160929","title":{"rendered":"Mai multe sec\u0163ii de vot \u00een Diaspora"},"content":{"rendered":"<div class=\"entry data-app-meta data-app-meta-article\" data-embed-base-url-canonical=\"https:\/\/www.digi24.ro\/embed\/stiri\/actualitate\/politica\/mai-multe-sectii-de-vot-in-diaspora-555127\">\n<p data-index=\"1\"><strong>Sec\u0163iile de vot din str\u0103in\u0103tate vor fi suplimentate. O ordonan\u021b\u0103 de urgen\u021b\u0103 \u00een acest sens va fi adoptat\u0103 de Guvern s\u0103pt\u0103m\u00e2na aceasta. Premierul Dacian Ciolo\u015f spune c\u0103 Executivul va face tot ce se poate pentru ca rom\u00e2nii din afara \u0163\u0103rii s\u0103 nu aib\u0103 probleme la alegerile parlamentare.<\/strong><\/p>\n<p data-index=\"2\">Dacian Ciolo\u015f, premierul Rom\u00e2niei: \u201eVom adopta \u00een aceast\u0103 s\u0103pt\u0103m\u00e2na o ordonan\u021b\u0103 de urgen\u021b\u0103 care va permite \u00eentr-un anumit cadru binedefinit \u0219i suplimentarea sec\u021biilor de vot pentru rom\u00e2nii din diaspora unde dimensiune comunit\u0103\u021bilor face ca misiunile diplomatice s\u0103 nu fie suficiente. Rela\u021biile cu rom\u00e2nii dinafara grani\u021belor , asigurarea unor servicii decente \u0219i responsabile trebuie sa fie \u00een centrul diploma\u021biei. Vom lansa o nou viziune pentru rela\u021bia Rom\u00e2niei cu diaspora sa \u0219i m\u0103 bazez aici pe diploma\u021bi pentru implementarea ei. Sunt convins c\u0103 misiunile diplomatice responsabile vor depune eforturile necesar pentru a preg\u0103ti organizarea sec\u021biilor de votare.\u201d<\/p>\n<\/div>\n<p> Source URL: https:\/\/www.digi24.ro\/stiri\/actualitate\/politica\/mai-multe-sectii-de-vot-in-diaspora-555127<\/p>\n","protected":false},"excerpt":{"rendered":"<p>Sec\u0163iile de vot din str\u0103in\u0103tate vor fi suplimentate. O ordonan\u021b\u0103 de urgen\u021b\u0103 \u00een acest sens va fi adoptat\u0103 de Guvern s\u0103pt\u0103m\u00e2na aceasta. Premierul Dacian Ciolo\u015f spune c\u0103 Executivul va face tot ce se poate pentru ca rom\u00e2nii din afara \u0163\u0103rii s\u0103 nu aib\u0103 probleme la alegerile parlamentare. Dacian Ciolo\u015f, premierul Rom\u00e2niei: \u201eVom adopta \u00een aceast\u0103 [&hellip;]<\/p>\n","protected":false},"author":1,"featured_media":160930,"comment_status":"open","ping_status":"","sticky":false,"template":"","format":"standard","meta":{"footnotes":""},"categories":[2],"tags":[11],"class_list":["post-160929","post","type-post","status-publish","format-standard","has-post-thumbnail","hentry","category-politics","tag-digi24"],"_links":{"self":[{"href":"https:\/\/analyse.optim.biz\/index.php?rest_route=\/wp\/v2\/posts\/160929","targetHints":{"allow":["GET"]}}],"collection":[{"href":"https:\/\/analyse.optim.biz\/index.php?rest_route=\/wp\/v2\/posts"}],"about":[{"href":"https:\/\/analyse.optim.biz\/index.php?rest_route=\/wp\/v2\/types\/post"}],"author":[{"embeddable":true,"href":"https:\/\/analyse.optim.biz\/index.php?rest_route=\/wp\/v2\/users\/1"}],"replies":[{"embeddable":true,"href":"https:\/\/analyse.optim.biz\/index.php?rest_route=%2Fwp%2Fv2%2Fcomments&post=160929"}],"version-history":[{"count":0,"href":"https:\/\/analyse.optim.biz\/index.php?rest_route=\/wp\/v2\/posts\/160929\/revisions"}],"wp:featuredmedia":[{"embeddable":true,"href":"https:\/\/analyse.optim.biz\/index.php?rest_route=\/wp\/v2\/media\/160930"}],"wp:attachment":[{"href":"https:\/\/analyse.optim.biz\/index.php?rest_route=%2Fwp%2Fv2%2Fmedia&parent=160929"}],"wp:term":[{"taxonomy":"category","embeddable":true,"href":"https:\/\/analyse.optim.biz\/index.php?rest_route=%2Fwp%2Fv2%2Fcategories&post=160929"},{"taxonomy":"post_tag","embeddable":true,"href":"https:\/\/analyse.optim.biz\/index.php?rest_route=%2Fwp%2Fv2%2Ftags&post=160929"}],"curies":[{"name":"wp","href":"https:\/\/api.w.org\/{rel}","templated":true}]}}