{"id":160918,"date":"2016-08-29T14:55:17","date_gmt":"2016-08-29T11:55:17","guid":{"rendered":"https:\/\/analyse.optim.biz\/?p=160918"},"modified":"2016-08-29T14:55:17","modified_gmt":"2016-08-29T11:55:17","slug":"dacian-ciolos-guvernul-va-aproba-un-prim-pachet-de-masuri-pentru-romanii-afectati-de-cutremurul-din-italia","status":"publish","type":"post","link":"https:\/\/analyse.optim.biz\/?p=160918","title":{"rendered":"Dacian Ciolo\u0219: Guvernul va aproba un prim pachet de m\u0103suri pentru rom\u00e2nii afecta\u021bi de cutremurul din Italia"},"content":{"rendered":"<div class=\"entry data-app-meta data-app-meta-article\" data-embed-base-url-canonical=\"https:\/\/www.digi24.ro\/embed\/fara-categorie\/dacian-ciolos-guvernul-va-aproba-un-prim-pachet-de-masuri-pentru-romanii-afectati-de-cutremurul-din-italia-555148\">\n<p data-index=\"1\"><strong>Guvernul va adopta un prim pachet de m\u0103suri de sprijin pentru rom\u00e2nii r\u0103ni\u021bi \u0219i afecta\u021bi de cutremurul din Italia, a declarat luni premierul Dacian Ciolo\u0219, \u00een deschiderea \u0219edin\u021bei extraordinare a Executivului.<\/strong><\/p>\n<p data-index=\"2\">\u201e<span lang=\"ro-RO\">Am pus pe agenda \u0219edin\u021bei de Guvern extraordinare de ast\u0103zi un prim pachet de m\u0103suri de sprijin pentru rom\u00e2nii r\u0103ni\u021bi \u0219i afecta\u021bi de cutremurul din Italia. Avem, deci, ast\u0103zi pe agenda \u0219edin\u021bei o Hot\u0103r\u00e2re de Guvern preg\u0103tit\u0103 de Ministerul Muncii \u0219i de Ministerul de Externe prin care urmeaz\u0103 s\u0103 acord\u0103m ajutoare de urgen\u021b\u0103 pentru rudele persoanelor decedate\u201d, a anun\u021bat premierul.<\/span><\/p>\n<p data-index=\"3\">\u201e<span lang=\"ro-RO\">To<\/span>todat\u0103, vom asigura sprijin \u0219i pentru rudele celor care se deplaseaz\u0103 din Rom\u00e2nia \u00een Italia pentru a ajuta persoanele care au fost afectate de aceast\u0103 catastrof\u0103. Avem, totodat\u0103, un ajutor specific pe care \u00eel propunem pentru copiii care au r\u0103mas orfani\u201d, a precizat Dacian Ciolo\u0219.<\/p>\n<\/div>\n<p> Source URL: https:\/\/www.digi24.ro\/fara-categorie\/dacian-ciolos-guvernul-va-aproba-un-prim-pachet-de-masuri-pentru-romanii-afectati-de-cutremurul-din-italia-555148<\/p>\n","protected":false},"excerpt":{"rendered":"<p>Guvernul va adopta un prim pachet de m\u0103suri de sprijin pentru rom\u00e2nii r\u0103ni\u021bi \u0219i afecta\u021bi de cutremurul din Italia, a declarat luni premierul Dacian Ciolo\u0219, \u00een deschiderea \u0219edin\u021bei extraordinare a Executivului. \u201eAm pus pe agenda \u0219edin\u021bei de Guvern extraordinare de ast\u0103zi un prim pachet de m\u0103suri de sprijin pentru rom\u00e2nii r\u0103ni\u021bi \u0219i afecta\u021bi de cutremurul [&hellip;]<\/p>\n","protected":false},"author":1,"featured_media":160919,"comment_status":"open","ping_status":"","sticky":false,"template":"","format":"standard","meta":{"footnotes":""},"categories":[2],"tags":[11],"class_list":["post-160918","post","type-post","status-publish","format-standard","has-post-thumbnail","hentry","category-politics","tag-digi24"],"_links":{"self":[{"href":"https:\/\/analyse.optim.biz\/index.php?rest_route=\/wp\/v2\/posts\/160918","targetHints":{"allow":["GET"]}}],"collection":[{"href":"https:\/\/analyse.optim.biz\/index.php?rest_route=\/wp\/v2\/posts"}],"about":[{"href":"https:\/\/analyse.optim.biz\/index.php?rest_route=\/wp\/v2\/types\/post"}],"author":[{"embeddable":true,"href":"https:\/\/analyse.optim.biz\/index.php?rest_route=\/wp\/v2\/users\/1"}],"replies":[{"embeddable":true,"href":"https:\/\/analyse.optim.biz\/index.php?rest_route=%2Fwp%2Fv2%2Fcomments&post=160918"}],"version-history":[{"count":0,"href":"https:\/\/analyse.optim.biz\/index.php?rest_route=\/wp\/v2\/posts\/160918\/revisions"}],"wp:featuredmedia":[{"embeddable":true,"href":"https:\/\/analyse.optim.biz\/index.php?rest_route=\/wp\/v2\/media\/160919"}],"wp:attachment":[{"href":"https:\/\/analyse.optim.biz\/index.php?rest_route=%2Fwp%2Fv2%2Fmedia&parent=160918"}],"wp:term":[{"taxonomy":"category","embeddable":true,"href":"https:\/\/analyse.optim.biz\/index.php?rest_route=%2Fwp%2Fv2%2Fcategories&post=160918"},{"taxonomy":"post_tag","embeddable":true,"href":"https:\/\/analyse.optim.biz\/index.php?rest_route=%2Fwp%2Fv2%2Ftags&post=160918"}],"curies":[{"name":"wp","href":"https:\/\/api.w.org\/{rel}","templated":true}]}}