{"id":160844,"date":"2016-08-24T13:36:12","date_gmt":"2016-08-24T10:36:12","guid":{"rendered":"https:\/\/analyse.optim.biz\/?p=160844"},"modified":"2016-08-24T13:36:12","modified_gmt":"2016-08-24T10:36:12","slug":"baroul-din-bucuresti-decide-daca-il-exclude-pe-ponta-din-avocatura","status":"publish","type":"post","link":"https:\/\/analyse.optim.biz\/?p=160844","title":{"rendered":"Baroul din Bucure\u0219ti decide dac\u0103 \u00eel exclude pe Ponta din avocatur\u0103"},"content":{"rendered":"<div class=\"entry data-app-meta data-app-meta-article\" data-embed-base-url-canonical=\"https:\/\/www.digi24.ro\/embed\/stiri\/actualitate\/educatie\/baroul-din-bucuresti-decide-daca-il-exclude-pe-ponta-din-avocatura-552911\">\n<p data-index=\"1\">Consiliul Baroului Bucure\u015fti are programat\u0103, pe ordinea de zi de mar\u0163i, dezbaterea cererii formulate de Monica Macovei pentru excluderea din barou a lui Victor Ponta, dup\u0103 ce fostului premier i-a fost retras titlul de doctor din cauz\u0103 c\u0103 a plagiat, \u00eens\u0103 surse din r\u00e2ndul avoca\u0163ilor spun c\u0103 este probabil ca discu\u0163iile s\u0103 fie am\u00e2nate.<\/p>\n<p data-index=\"2\"><img loading=\"lazy\" decoding=\"async\" class=\"alignnone size-full wp-image-502158\" src=\"https:\/\/analyse.optim.biz\/wp-content\/uploads\/2024\/09\/agfzad1hnzdhmzy5odnmmwrlyzdly2uxmzzjnmjlmwfinjhimg-thumb_.jpg\" alt=\"ponta - fb\" width=\"800\" height=\"580\" data-skip-htmlfix=\"1\" title=\"agfzad1hnzdhmzy5odnmmwrlyzdly2uxmzzjnmjlmwfinjhimg-thumb_\">Surse din Baroul Bucure\u015fti au declarat pentru News.ro c\u0103 discu\u0163iile pe marginea cererii care \u00eel vizeaz\u0103 pe Ponta ar putea fi am\u00e2nate din nou, \u00een contextul \u00een care fostul premier este a\u015fteptat s\u0103 transmit\u0103 avoca\u0163ilor-consilieri un punct de vedere cu privire la documentul Monic\u0103i Macovei.<\/p>\n<p data-index=\"3\">\u00a0Acelea\u015fi surse explic\u0103 faptul c\u0103 se \u00eent\u00e2lnesc des astfel de tertipuri procedurale, respectiv de a remite puncte de vedere \u00een ziua discut\u0103rii cerererii \u00een Consiliu. \u00cen acesat\u0103 situa\u0163ie, \u00een conformitate cu regulamentul Baroului, solu\u0163ionarea este am\u00e2nat\u0103.\u00a0<\/p>\n<p data-index=\"4\">Cererea de excludere a lui Victor Ponta din Baroul Bucure\u015fti a fost depus\u0103 de Monica Macovei, care declara c\u0103 fostul premier Victor Ponta nu mai poate fi avocat, pentru c\u0103 a intrat \u00een avocatur\u0103 doar pentru c\u0103 avea diploma de doctor \u00een Drept, f\u0103r\u0103 s\u0103 dea examen.\u00a0<\/p>\n<p data-index=\"5\">\u201dDomnule decan, v\u0103 solicit excluderea imediat\u0103 din Baroul Bucure\u015fti a domnului Victor Viorel Ponta, \u00eentruc\u00e2t acesta a dob\u00e2ndit calitatea de avocat f\u0103r\u0103 examen, ca titular al diplomei de &#8220;doctor \u00een drept&#8221;. Titlul de doctor i-a fost retras de Ministrul Educa\u0163iei, pe baza deciziei definitive c\u0103 lucrarea a fost plagiat\u0103, astfel \u00eenc\u00e2t dl Ponta nu mai \u00eendepline\u015fte condi\u0163iile legale pentru a exercita profesia de avocat\u201d, arat\u0103 Macovei \u00een scrisoarea deschis\u0103 trimis\u0103 decanului Baroului Bucure\u015fti.<\/p>\n<p data-index=\"6\">Ea precizeaz\u0103 c\u0103, potrivit informa\u0163iilor furnizate chiar de Baroul Bucure\u015fti, \u201cprimirea \u00een profesie a domnului avocat Ponta Victor Viorel s-a realizat \u00een baza dispozi\u0163iilor articolului 16, alineatul 2 litera a) din Legea num\u0103rul 51\/1995 pentru organizarea \u015fi exercitarea profesiei de avocat, modificat\u0103 prin Legea num\u0103rul 255\/2004, \u00een vigoare la data solu\u0163ion\u0103rii cererii de primire\u201d. Art. 16, alineatul 2 litera a) din Legea profesiei de avocat prevede c\u0103 \u201dla cerere, poate fi primit \u00een profesie, cu scutire de examen, titularul diplomei de doctor \u00een drept\u201d.<\/p>\n<p data-index=\"7\">Consiliul General al Consiliului Na\u0163ional de Atestare a Titlurilor, Diplomelor \u015fi Certificatelor Universitare (CNATDCU) a transmis, \u00een 1 august, Ministerului Educa\u0163iei decizia final\u0103 din 27 iulie, prin care s-a confirmat c\u0103 teza de doctorat semnat\u0103 de Victor Ponta nu respect\u0103 standardele de etic\u0103 a cercet\u0103rii \u015ftiin\u0163ifice \u015fi a propus, \u00een consecin\u0163\u0103, retragerea titlului de doctor \u00een Drept, \u00een baza articolului 170 din Legea Educa\u0163iei nr. 1\/2011.<\/p>\n<p data-index=\"8\">Ulterior, ministrul Educa\u0163iei Na\u0163ionale \u015fi Cercet\u0103rii \u015etiin\u0163ifice, Mircea Dumitru, a semnat ordinul prin care i-a retras fostului premier Victor Ponta titlul de doctor \u00een drept acordat de Universitatea Bucure\u015fti \u00een 15 decembrie 2003<\/p>\n<\/div>\n<p> Source URL: https:\/\/www.digi24.ro\/stiri\/actualitate\/educatie\/baroul-din-bucuresti-decide-daca-il-exclude-pe-ponta-din-avocatura-552911<\/p>\n","protected":false},"excerpt":{"rendered":"<p>Consiliul Baroului Bucure\u015fti are programat\u0103, pe ordinea de zi de mar\u0163i, dezbaterea cererii formulate de Monica Macovei pentru excluderea din barou a lui Victor Ponta, dup\u0103 ce fostului premier i-a fost retras titlul de doctor din cauz\u0103 c\u0103 a plagiat, \u00eens\u0103 surse din r\u00e2ndul avoca\u0163ilor spun c\u0103 este probabil ca discu\u0163iile s\u0103 fie am\u00e2nate. Surse [&hellip;]<\/p>\n","protected":false},"author":1,"featured_media":160845,"comment_status":"open","ping_status":"","sticky":false,"template":"","format":"standard","meta":{"footnotes":""},"categories":[2],"tags":[11],"class_list":["post-160844","post","type-post","status-publish","format-standard","has-post-thumbnail","hentry","category-politics","tag-digi24"],"_links":{"self":[{"href":"https:\/\/analyse.optim.biz\/index.php?rest_route=\/wp\/v2\/posts\/160844","targetHints":{"allow":["GET"]}}],"collection":[{"href":"https:\/\/analyse.optim.biz\/index.php?rest_route=\/wp\/v2\/posts"}],"about":[{"href":"https:\/\/analyse.optim.biz\/index.php?rest_route=\/wp\/v2\/types\/post"}],"author":[{"embeddable":true,"href":"https:\/\/analyse.optim.biz\/index.php?rest_route=\/wp\/v2\/users\/1"}],"replies":[{"embeddable":true,"href":"https:\/\/analyse.optim.biz\/index.php?rest_route=%2Fwp%2Fv2%2Fcomments&post=160844"}],"version-history":[{"count":0,"href":"https:\/\/analyse.optim.biz\/index.php?rest_route=\/wp\/v2\/posts\/160844\/revisions"}],"wp:featuredmedia":[{"embeddable":true,"href":"https:\/\/analyse.optim.biz\/index.php?rest_route=\/wp\/v2\/media\/160845"}],"wp:attachment":[{"href":"https:\/\/analyse.optim.biz\/index.php?rest_route=%2Fwp%2Fv2%2Fmedia&parent=160844"}],"wp:term":[{"taxonomy":"category","embeddable":true,"href":"https:\/\/analyse.optim.biz\/index.php?rest_route=%2Fwp%2Fv2%2Fcategories&post=160844"},{"taxonomy":"post_tag","embeddable":true,"href":"https:\/\/analyse.optim.biz\/index.php?rest_route=%2Fwp%2Fv2%2Ftags&post=160844"}],"curies":[{"name":"wp","href":"https:\/\/api.w.org\/{rel}","templated":true}]}}