{"id":160411,"date":"2016-09-08T14:51:29","date_gmt":"2016-09-08T11:51:29","guid":{"rendered":"https:\/\/analyse.optim.biz\/?p=160411"},"modified":"2016-09-08T14:51:29","modified_gmt":"2016-09-08T11:51:29","slug":"sebastian-ghita-a-contestat-controlul-judiciar-vrea-sa-vorbeasca","status":"publish","type":"post","link":"https:\/\/analyse.optim.biz\/?p=160411","title":{"rendered":"Sebastian Ghi\u021b\u0103 a contestat controlul judiciar, vrea s\u0103 vorbeasc\u0103"},"content":{"rendered":"<div class=\"entry data-app-meta data-app-meta-article\" data-embed-base-url-canonical=\"https:\/\/www.digi24.ro\/embed\/stiri\/actualitate\/justitie\/sebastian-ghita-a-contestat-controlul-judiciar-vrea-sa-vorbeasca-562171\">\n<p data-index=\"1\">Deputatul Sebastian Ghi\u0163\u0103 a contestat, joi, la instan\u0163a suprem\u0103, m\u0103sura controlului judiciar luat\u0103 \u00eempotriva sa de procurorii DNA, \u00een dosarul de sp\u0103lare de bani \u00een care este cercetat al\u0103turi de fostul premier Victor Ponta, preciz\u00e2nd c\u0103 nu va renun\u0163a s\u0103 vorbeasc\u0103 despre acuza\u0163iile de sp\u0103lare de bani care i se aduc.<\/p>\n<p data-index=\"2\"><img loading=\"lazy\" decoding=\"async\" class=\"alignnone size-full wp-image-560947\" src=\"https:\/\/analyse.optim.biz\/wp-content\/uploads\/2024\/09\/jmhhc2g9y2myzdcymwnizgvmm2m2owyxmdllotnkmzg4mge2zjy-thumb_-1.jpg\" alt=\"sebastian ghita captura (2)\" width=\"983\" height=\"712\" data-skip-htmlfix=\"1\" title=\"jmhhc2g9y2myzdcymwnizgvmm2m2owyxmdllotnkmzg4mge2zjy-thumb_-1\"><\/p>\n<p data-index=\"3\">Deputatul Sebastian Ghi\u0163\u0103 a sus\u0163inut c\u0103 i se \u00eengr\u0103desc dou\u0103 drepturi fundamentale \u015fi c\u0103 nu va renun\u0163a s\u0103 vorbeasc\u0103 despre acuza\u0163iile pe care i le aduc anchetatorii.<\/p>\n<p data-index=\"4\">Ghi\u0163\u0103 a ar\u0103tat, joi, la instan\u0163a suprem\u0103, ca ceea ce a contestat vizeaz\u0103 dou\u0103 drepturi esen\u0163iale pentru orice cet\u0103\u0163ean al Rom\u00e2niei, dreptul la libera circula\u0163ie \u015fi dreptul la libera exprimare.<\/p>\n<p data-index=\"5\">&#8220;Eu consider c\u0103 statul are suficiente mijloace s\u0103 intervin\u0103 atunci c\u00e2nd un cet\u0103\u0163ean nu respect\u0103 legile sau deciziile impuse de judec\u0103tori. Senza\u0163ia mea este c\u0103 din ce \u00een ce mai des unii procurori \u00eencearc\u0103 s\u0103 ne bage \u00een cap ideea ca nu e voie s\u0103 vorbim \u00een Rom\u00e2nia, ori chestiunea acesta e ceva care \u0163ine de libertatea noastr\u0103 \u015fi e ceva ce nu mai accept\u0103m, oric\u00e2te sfaturi ne dau avoca\u0163ii, prietenii sau rudele, e ceva ce trebuie s\u0103 \u0163inem \u00eenc\u0103 viu\u201d, a spus deputatul, citat de news.ro<\/p>\n<p data-index=\"6\">Deputatul s-a referit apoi la controlul judiciar stabilit, miercuri, de procurori.<\/p>\n<p data-index=\"7\">&#8220;Acea m\u0103sura impus\u0103 ieri (miercuri, n.r.) nu-mi d\u0103 voie s\u0103 vorbesc despre Victor Ponta, nu-mi d\u0103 voie s\u0103 vorbesc despre domnul procuror \u015fi nici despre dosar. Dac\u0103 procurorul calc\u0103 m\u00e2ine pe cineva pe strad\u0103, eu n-am voie s\u0103 m\u0103 refer la fapta d\u00e2nsului, c\u0103 nu dore\u015fte el&#8221;, a declarat Ghi\u0163\u0103.<\/p>\n<p data-index=\"8\">El a explicat c\u0103 procedura prin care a fost organizat\u0103 vizita lui Tony Blair \u00een Rom\u00e2nia a fost folosit\u0103 \u015fi \u00een cazul vizitei fostului pre\u015fedinte american Bill Clinton sau a fostului \u015fef al CIA.<\/p>\n<p data-index=\"9\">&#8220;\u00cen 2005, o funda\u0163ie, \u00eempreun\u0103 cu mai mul\u0163i sponsori, printre care Omnilogic, l-a invitat cu 500.000 de dolari pe Bill Clinton. Procedura a fost aceea\u015fi ca la domnul Blair. Sute de sefi de institu\u0163ii din Rom\u00e2nia au mers la acel eveniment, gratuit. Ulterior, Omnilogic a \u00eencheiat sute de contracte cu institu\u0163iile ale c\u0103ror \u015fefi au participat la conferin\u0163\u0103. A mai fost \u015fi Rudolf Giuliani, a venit fostul sef al CIA, cu 300.000 de dolari. O s\u0103 ajungem de r\u00e2sul lumii \u00een felul acesta. Ieri, jurnali\u015ftii de la The Sun au venit special s\u0103-mi ia o declara\u0163ie despre aceast\u0103 situa\u0163ie care i-a uimit&#8221;, a mai spus Sebastian Ghi\u0163\u0103.<\/p>\n<p data-index=\"10\">\u00centrebat de ce ar fi fost nemul\u0163umit Victor Ponta c\u00e2nd l-a v\u0103zut pe listele electorale din Prahova din 2012, a\u015fa cum a declarat Liviu Dragnea, Sebastian Ghi\u0163\u0103 a ar\u0103tat c\u0103 &#8220;despre mul\u0163umirile sau nemul\u0163umirile domnilor Ponta \u015fi Dragnea, multe sunt de spus. \u015ei a\u0163i v\u0103zut rezultatul: apari\u0163ia unui nou partid. \u015etiu eu ce spune Ponta despre Dragnea \u015fi Dragnea despre Ponta? O s\u0103 ne l\u0103murim\u201d.<\/p>\n<p data-index=\"11\">Magistra\u0163ii instan\u0163ei supreme vor judeca vineri contesta\u0163ia fa\u0163\u0103 de m\u0103sura controlului judiciar a fostului premier Victor Ponta, cercetat \u00een dosarul finan\u0163\u0103rii vizitei lui Tony Blair \u00een Rom\u00e2nia.<\/p>\n<\/div>\n<p> Source URL: https:\/\/www.digi24.ro\/stiri\/actualitate\/justitie\/sebastian-ghita-a-contestat-controlul-judiciar-vrea-sa-vorbeasca-562171<\/p>\n","protected":false},"excerpt":{"rendered":"<p>Deputatul Sebastian Ghi\u0163\u0103 a contestat, joi, la instan\u0163a suprem\u0103, m\u0103sura controlului judiciar luat\u0103 \u00eempotriva sa de procurorii DNA, \u00een dosarul de sp\u0103lare de bani \u00een care este cercetat al\u0103turi de fostul premier Victor Ponta, preciz\u00e2nd c\u0103 nu va renun\u0163a s\u0103 vorbeasc\u0103 despre acuza\u0163iile de sp\u0103lare de bani care i se aduc. Deputatul Sebastian Ghi\u0163\u0103 a [&hellip;]<\/p>\n","protected":false},"author":1,"featured_media":160412,"comment_status":"open","ping_status":"","sticky":false,"template":"","format":"standard","meta":{"footnotes":""},"categories":[2],"tags":[11],"class_list":["post-160411","post","type-post","status-publish","format-standard","has-post-thumbnail","hentry","category-politics","tag-digi24"],"_links":{"self":[{"href":"https:\/\/analyse.optim.biz\/index.php?rest_route=\/wp\/v2\/posts\/160411","targetHints":{"allow":["GET"]}}],"collection":[{"href":"https:\/\/analyse.optim.biz\/index.php?rest_route=\/wp\/v2\/posts"}],"about":[{"href":"https:\/\/analyse.optim.biz\/index.php?rest_route=\/wp\/v2\/types\/post"}],"author":[{"embeddable":true,"href":"https:\/\/analyse.optim.biz\/index.php?rest_route=\/wp\/v2\/users\/1"}],"replies":[{"embeddable":true,"href":"https:\/\/analyse.optim.biz\/index.php?rest_route=%2Fwp%2Fv2%2Fcomments&post=160411"}],"version-history":[{"count":0,"href":"https:\/\/analyse.optim.biz\/index.php?rest_route=\/wp\/v2\/posts\/160411\/revisions"}],"wp:featuredmedia":[{"embeddable":true,"href":"https:\/\/analyse.optim.biz\/index.php?rest_route=\/wp\/v2\/media\/160412"}],"wp:attachment":[{"href":"https:\/\/analyse.optim.biz\/index.php?rest_route=%2Fwp%2Fv2%2Fmedia&parent=160411"}],"wp:term":[{"taxonomy":"category","embeddable":true,"href":"https:\/\/analyse.optim.biz\/index.php?rest_route=%2Fwp%2Fv2%2Fcategories&post=160411"},{"taxonomy":"post_tag","embeddable":true,"href":"https:\/\/analyse.optim.biz\/index.php?rest_route=%2Fwp%2Fv2%2Ftags&post=160411"}],"curies":[{"name":"wp","href":"https:\/\/api.w.org\/{rel}","templated":true}]}}