{"id":160350,"date":"2016-09-09T15:25:12","date_gmt":"2016-09-09T12:25:12","guid":{"rendered":"https:\/\/analyse.optim.biz\/?p=160350"},"modified":"2016-09-09T15:25:12","modified_gmt":"2016-09-09T12:25:12","slug":"udrea-vrea-ca-ponta-sa-poata-vorbi-iar-blair-sa-fie-acuzat-in-romania","status":"publish","type":"post","link":"https:\/\/analyse.optim.biz\/?p=160350","title":{"rendered":"Udrea vrea ca Ponta s\u0103 poat\u0103 vorbi, iar Blair s\u0103 fie acuzat \u00een Rom\u00e2nia"},"content":{"rendered":"<div class=\"entry data-app-meta data-app-meta-article\" data-embed-base-url-canonical=\"https:\/\/www.digi24.ro\/embed\/fara-categorie\/udrea-vrea-ca-ponta-sa-poata-vorbi-iar-blair-sa-fie-acuzat-in-romania-562965\">\n<p data-index=\"1\">Elena Udrea consider\u0103 c\u0103 este abuziv\u0103 interdic\u021bia impus\u0103 de \u00ceCCJ lui Victor Ponta de a face declara\u021bii despre dosar, afirm\u00e2nd c\u0103 ar trebui ca \u0219i fostul premier britanic Tony Blair s\u0103 fie pus sub acuzare \u00een Rom\u00e2nia, \u00een dosarul DNA instrumentat de DNA la adresa lui Ponta, de complicitate la sp\u0103lare de bani.<\/p>\n<p data-index=\"2\"><img loading=\"lazy\" decoding=\"async\" class=\"alignnone size-full wp-image-562970\" src=\"https:\/\/analyse.optim.biz\/wp-content\/uploads\/2024\/09\/ad0yogq0nwq0odlizdjmymi1mjlinjcxota5mdk3ngi1zq-thumb_.jpg\" alt=\"160909_elena_udrea_iccj_00_INQUAM_Octav_Ganea\" width=\"3476\" height=\"2317\" data-skip-htmlfix=\"1\" title=\"ad0yogq0nwq0odlizdjmymi1mjlinjcxota5mdk3ngi1zq-thumb_\"><\/p>\n<p data-index=\"3\">Foto &#8211; INQUAM, Octav Ganea \u00a0 \u00a0 \u00a0 \u00a0 \u00a0 \u00a0 \u00a0 \u00a0 \u00a0 \u00a0 \u00a0 \u00a0 \u00a0\u00a0<em> Elena Udrea, \u00een drum spre \u00ceCCJ<\/em><\/p>\n<p data-index=\"4\">Udrea, care a fost \u0219i ea chemat\u0103 vineri la \u00cenalta Curte de Casa\u021bie \u0219i Justi\u021bie \u00een\u00a0dosarul Gala Bute, a declarat despre Ponta:\u00a0&#8220;Cred c\u0103 este o interdic\u0163ie abuziv\u0103. Din moment ce e\u015fti acuzat public \u015fi e\u015fti o persoan\u0103 public\u0103, mi se pare normal s\u0103 te po\u0163i ap\u0103ra public, pentru c\u0103, din momentul \u00een care \u0163i se formuleaz\u0103 acuza\u0163iile \u00een mod public, e\u015fti judecat \u015fi, de multe ori, e\u015fti deja g\u0103sit condamnat, vinovat de opinia public\u0103 \u00eenanite s\u0103 fie constatat printr-o decize judec\u0103toreasc\u0103. \u015ei pe Tony Blair sper s\u0103 \u00eel pun\u0103 sub acuzare \u00een Rom\u00e2nia&#8221;.<\/p>\n<p data-index=\"5\">Victor Ponta \u015fi Elena Udrea au fost contracandida\u0163i la alegerile preziden\u021biale din 2014, c\u00e2nd fostul ministru al Turismului a avut ca principal\u0103 tem\u0103 de discurs acuza\u021bii de corup\u021bie la adresa lui Ponta, pe atunci prim-ministru.<\/p>\n<p data-index=\"6\">\u00cen acela\u0219i timp, Victor Ponta a fost avocat al Elenei Udrea \u0219i al lui Dorin Coco\u0219 \u00een mai multe procese. De asemenea, spre sf\u00e2r\u0219itul mandatului preziden\u021bial al lui Traian B\u0103sescu, Elena Udrea \u0219i Victor Ponta au negociat numirea \u0219efilor de la DNA \u0219i de la Parchetul general, \u00een condi\u021biile \u00een care pe scena public\u0103 erau adversari care, la nivelul discursului, p\u0103reau ireconciliabili.<\/p>\n<\/div>\n<p> Source URL: https:\/\/www.digi24.ro\/fara-categorie\/udrea-vrea-ca-ponta-sa-poata-vorbi-iar-blair-sa-fie-acuzat-in-romania-562965<\/p>\n","protected":false},"excerpt":{"rendered":"<p>Elena Udrea consider\u0103 c\u0103 este abuziv\u0103 interdic\u021bia impus\u0103 de \u00ceCCJ lui Victor Ponta de a face declara\u021bii despre dosar, afirm\u00e2nd c\u0103 ar trebui ca \u0219i fostul premier britanic Tony Blair s\u0103 fie pus sub acuzare \u00een Rom\u00e2nia, \u00een dosarul DNA instrumentat de DNA la adresa lui Ponta, de complicitate la sp\u0103lare de bani. Foto &#8211; [&hellip;]<\/p>\n","protected":false},"author":1,"featured_media":160351,"comment_status":"open","ping_status":"","sticky":false,"template":"","format":"standard","meta":{"footnotes":""},"categories":[2],"tags":[11],"class_list":["post-160350","post","type-post","status-publish","format-standard","has-post-thumbnail","hentry","category-politics","tag-digi24"],"_links":{"self":[{"href":"https:\/\/analyse.optim.biz\/index.php?rest_route=\/wp\/v2\/posts\/160350","targetHints":{"allow":["GET"]}}],"collection":[{"href":"https:\/\/analyse.optim.biz\/index.php?rest_route=\/wp\/v2\/posts"}],"about":[{"href":"https:\/\/analyse.optim.biz\/index.php?rest_route=\/wp\/v2\/types\/post"}],"author":[{"embeddable":true,"href":"https:\/\/analyse.optim.biz\/index.php?rest_route=\/wp\/v2\/users\/1"}],"replies":[{"embeddable":true,"href":"https:\/\/analyse.optim.biz\/index.php?rest_route=%2Fwp%2Fv2%2Fcomments&post=160350"}],"version-history":[{"count":0,"href":"https:\/\/analyse.optim.biz\/index.php?rest_route=\/wp\/v2\/posts\/160350\/revisions"}],"wp:featuredmedia":[{"embeddable":true,"href":"https:\/\/analyse.optim.biz\/index.php?rest_route=\/wp\/v2\/media\/160351"}],"wp:attachment":[{"href":"https:\/\/analyse.optim.biz\/index.php?rest_route=%2Fwp%2Fv2%2Fmedia&parent=160350"}],"wp:term":[{"taxonomy":"category","embeddable":true,"href":"https:\/\/analyse.optim.biz\/index.php?rest_route=%2Fwp%2Fv2%2Fcategories&post=160350"},{"taxonomy":"post_tag","embeddable":true,"href":"https:\/\/analyse.optim.biz\/index.php?rest_route=%2Fwp%2Fv2%2Ftags&post=160350"}],"curies":[{"name":"wp","href":"https:\/\/api.w.org\/{rel}","templated":true}]}}