{"id":160075,"date":"2016-09-13T11:08:59","date_gmt":"2016-09-13T08:08:59","guid":{"rendered":"https:\/\/analyse.optim.biz\/?p=160075"},"modified":"2016-09-13T11:08:59","modified_gmt":"2016-09-13T08:08:59","slug":"dragnea-confirma-discutii-vechi-despre-un-guvern-psd-pnl","status":"publish","type":"post","link":"https:\/\/analyse.optim.biz\/?p=160075","title":{"rendered":"Dragnea confirm\u0103 discu\u021bii vechi despre un guvern PSD-PNL"},"content":{"rendered":"<div class=\"entry data-app-meta data-app-meta-article\" data-embed-base-url-canonical=\"https:\/\/www.digi24.ro\/embed\/stiri\/actualitate\/politica\/dragnea-confirma-discutii-vechi-despre-un-guvern-psd-pnl-565190\">\n<p data-index=\"1\"><span>Pre\u015fedintele PSD, Liviu Dragnea, a confirmat\u00a0c\u0103 \u00een interiorul partidului a existat o discu\u0163ie, la ini\u0163iativa unor lideri de organiza\u0163ii jude\u0163ene, despre un posibil guvern PSD-PNL dup\u0103 alegerile parlamentare, \u00eens\u0103 concluzia a fost c\u0103 nu po\u0163i avea \u00eencredere \u00een liberali pentru o guvernare comun\u0103.<img loading=\"lazy\" decoding=\"async\" class=\"alignnone size-full wp-image-565199\" src=\"https:\/\/analyse.optim.biz\/wp-content\/uploads\/2024\/09\/ztexywq1mtgxzdyxn2uwmjllnwuxzdmymjm-thumb_.jpg\" alt=\"liviu dragnea\" width=\"1651\" height=\"924\" data-skip-htmlfix=\"1\" title=\"ztexywq1mtgxzdyxn2uwmjllnwuxzdmymjm-thumb_\"><\/span><\/p>\n<p data-index=\"2\">\u201d<span>Mai bine este du\u015fmanul binelui. Recunosc c\u0103, undeva pe la \u00eenceputul anului, c\u00e2\u0163iva colegi din teritoriu au spus c\u0103 poate este nevoie de un guvern solid\u201d, a spus Liviu Dragnea r\u0103spunz\u00e2nd unei \u00eenteb\u0103ri legate de posibilitatea constiturii unui guvern PSD-PNL dup\u0103 alegerile parlamentare.<\/span><\/p>\n<p data-index=\"3\"><span>Potrivit liderului PSD, concluzia discu\u0163iei a fost c\u0103 social-democra\u0163ii nu mai pot avea \u00eencredere \u00eentr-o guvernare al\u0103turi de liberali \u015fi de fo\u015ftii pedeli\u015fti. \u201dNu pot avea \u00eencredere \u00een colegii de la PNL. Poate suntem noi r\u0103i, poate suntem noi nebuni, dar nu po\u0163i avea \u00eencredere \u00een ei\u201d, a comentat Dragnea, citat de news.ro.<\/span><\/p>\n<p data-index=\"4\"><span>El a spus c\u0103 nici pre\u015fedintele Iohannis nu va putea for\u0163a constituirea unui asemenea guvern de larg\u0103 coali\u0163ie. \u201dPre\u015fedintele Rom\u00e2niei ar trebui s\u0103 fie mul\u0163umit s\u0103 se formeze o majoritate stabil\u0103 \u00een \u0163ara noastr\u0103. Lumea este \u00een fierbere, lumea \u015fi Europea se rea\u015feaz\u0103. Dac\u0103 discut\u0103m cu curaj, fa\u0163\u0103 de acum 10 ani, nu mai sunt to\u0163i vecinii no\u015ftri orienta\u0163i c\u0103tre vest\u201d, a spus Dragnea referindu-se la situa\u0163ia din regiunea \u0163\u0103rii noastre.<\/span><\/p>\n<p data-index=\"5\"><span>\u00cen ce prive\u015fte afirma\u0163ia pre\u015fedintelui Iohannis potrivit c\u0103reia, dup\u0103 alegerile parlamentare, Rom\u00e2nia are nevoie de un guvern politic, Dragnea a spus c\u0103 aceast\u0103 idee i-a fost impus\u0103 de modul \u00een care este perceput de c\u0103tre popula\u0163ie guvernul actual. \u00a0\u201dO fi v\u0103zut \u015fi dumnealui care este percep\u0163ia rom\u00e2nilor fa\u0163\u0103 de presta\u0163ia \u00absenza\u0163ional\u0103\u00bb a guvernului tehnocrat (&#8230;) C\u00e2t s\u0103 mai vorbe\u015fti despre tehnocra\u0163i? Este un experiment care nu mai poate continua\u201d, a conchis Liviu Dragnea.<\/span><\/p>\n<p data-index=\"6\"><span>Pre\u015fedintele Klaus Iohannis a declarat, luni, c\u0103, dup\u0103 alegerile parlamentare, Rom\u00e2nia trebuie s\u0103 aib\u0103 un Guvern politic, cel tehnocrat, condus de Dacian Ciolo\u015f, fiind doar o solu\u0163ie de criz\u0103. El a spus c\u0103 &#8220;nu ar fi gre\u015fit&#8221; dac\u0103 unii dintre mini\u015ftri ar dori s\u0103 candideze, \u00eens\u0103 nu se g\u00e2nde\u015fte la o persoan\u0103 anume.<\/span><\/p>\n<p data-index=\"7\"><span>&#8220;O \u0163ar\u0103 trebuie s\u0103 aib\u0103 un guvern politic, e simplu de tot. Faptul c\u0103 \u00een aceast\u0103 perioad\u0103 de criz\u0103 am propus o persoan\u0103 neafiliat\u0103 politic (&#8230;) a fost o solu\u0163ie pentru o perioad\u0103 limitat\u0103. Eu cred c\u0103 dup\u0103 alegeri nu putem discuta despre altceva dec\u00e2t de un Guvern politic&#8221;, a spus Iohannis.<\/span><\/p>\n<p data-index=\"8\"><img loading=\"lazy\" decoding=\"async\" src=\"https:\/\/analyse.optim.biz\/wp-content\/uploads\/2024\/09\/ntuzyta0nzdhmwe3yjczmdgwngrmotqyma.gif\" width=\"1\" height=\"1\" align=\"BOTTOM\" border=\"0\" data-skip-htmlfix=\"1\" title=\"ntuzyta0nzdhmwe3yjczmdgwngrmotqyma\"><\/p>\n<\/div>\n<p> Source URL: https:\/\/www.digi24.ro\/stiri\/actualitate\/politica\/dragnea-confirma-discutii-vechi-despre-un-guvern-psd-pnl-565190<\/p>\n","protected":false},"excerpt":{"rendered":"<p>Pre\u015fedintele PSD, Liviu Dragnea, a confirmat\u00a0c\u0103 \u00een interiorul partidului a existat o discu\u0163ie, la ini\u0163iativa unor lideri de organiza\u0163ii jude\u0163ene, despre un posibil guvern PSD-PNL dup\u0103 alegerile parlamentare, \u00eens\u0103 concluzia a fost c\u0103 nu po\u0163i avea \u00eencredere \u00een liberali pentru o guvernare comun\u0103. \u201dMai bine este du\u015fmanul binelui. Recunosc c\u0103, undeva pe la \u00eenceputul anului, [&hellip;]<\/p>\n","protected":false},"author":1,"featured_media":160076,"comment_status":"open","ping_status":"","sticky":false,"template":"","format":"standard","meta":{"footnotes":""},"categories":[2],"tags":[11],"class_list":["post-160075","post","type-post","status-publish","format-standard","has-post-thumbnail","hentry","category-politics","tag-digi24"],"_links":{"self":[{"href":"https:\/\/analyse.optim.biz\/index.php?rest_route=\/wp\/v2\/posts\/160075","targetHints":{"allow":["GET"]}}],"collection":[{"href":"https:\/\/analyse.optim.biz\/index.php?rest_route=\/wp\/v2\/posts"}],"about":[{"href":"https:\/\/analyse.optim.biz\/index.php?rest_route=\/wp\/v2\/types\/post"}],"author":[{"embeddable":true,"href":"https:\/\/analyse.optim.biz\/index.php?rest_route=\/wp\/v2\/users\/1"}],"replies":[{"embeddable":true,"href":"https:\/\/analyse.optim.biz\/index.php?rest_route=%2Fwp%2Fv2%2Fcomments&post=160075"}],"version-history":[{"count":0,"href":"https:\/\/analyse.optim.biz\/index.php?rest_route=\/wp\/v2\/posts\/160075\/revisions"}],"wp:featuredmedia":[{"embeddable":true,"href":"https:\/\/analyse.optim.biz\/index.php?rest_route=\/wp\/v2\/media\/160076"}],"wp:attachment":[{"href":"https:\/\/analyse.optim.biz\/index.php?rest_route=%2Fwp%2Fv2%2Fmedia&parent=160075"}],"wp:term":[{"taxonomy":"category","embeddable":true,"href":"https:\/\/analyse.optim.biz\/index.php?rest_route=%2Fwp%2Fv2%2Fcategories&post=160075"},{"taxonomy":"post_tag","embeddable":true,"href":"https:\/\/analyse.optim.biz\/index.php?rest_route=%2Fwp%2Fv2%2Ftags&post=160075"}],"curies":[{"name":"wp","href":"https:\/\/api.w.org\/{rel}","templated":true}]}}