{"id":160064,"date":"2016-09-13T12:59:02","date_gmt":"2016-09-13T09:59:02","guid":{"rendered":"https:\/\/analyse.optim.biz\/?p=160064"},"modified":"2016-09-13T12:59:02","modified_gmt":"2016-09-13T09:59:02","slug":"dacian-ciolos-chemat-luni-in-parlament","status":"publish","type":"post","link":"https:\/\/analyse.optim.biz\/?p=160064","title":{"rendered":"Dacian Ciolo\u0219, chemat luni \u00een Parlament"},"content":{"rendered":"<div class=\"entry data-app-meta data-app-meta-article\" data-embed-base-url-canonical=\"https:\/\/www.digi24.ro\/embed\/stiri\/actualitate\/politica\/dacian-ciolos-chemat-luni-in-parlament-565323\">\n<p data-index=\"1\">Premierul Dacian Ciolo\u0219 este a\u0219teptat luni la ora 14.00 \u00een Parlament, unde va prezenta un raport privind starea economic\u0103 a Rom\u00e2niei.\u00a0<\/p>\n<p data-index=\"2\">\u00a0<\/p>\n<p data-index=\"3\"><em>\u201e<span lang=\"ro-RO\">S-<\/span>a decis invit<span lang=\"ro-RO\">area<\/span> prim ministr<span lang=\"ro-RO\">ui<\/span> p<span lang=\"ro-RO\">entru<\/span> a prezenta un raport <span lang=\"ro-RO\">\u00ee<\/span>n leg<span lang=\"ro-RO\">\u0103tur\u0103<\/span> cu <span lang=\"ro-RO\">execut\u021ba<\/span> bugetului. <span lang=\"ro-RO\">A<\/span>m convenit c<span lang=\"ro-RO\">\u0103<\/span> luni, <span lang=\"ro-RO\">s\u0103pt\u0103m\u00e2na<\/span> viitoare la 14.30, va fi prezent <span lang=\"ro-RO\">\u00ee<\/span>n <span lang=\"ro-RO\">fa\u021ba<\/span><span lang=\"ro-RO\">C<\/span>amerelor. <span lang=\"ro-RO\">Prim <\/span>ministr<span lang=\"ro-RO\">ul<\/span> va avea 30 de minute, urmeaz<span lang=\"ro-RO\">\u0103 o<\/span><span lang=\"ro-RO\">interven\u021bie<\/span> din partea grupurilor parlamentare <span lang=\"ro-RO\">\u0219<\/span>i la <span lang=\"ro-RO\">sf\u00e2r\u0219it<\/span> va putea s<span lang=\"ro-RO\">\u0103<\/span><span lang=\"ro-RO\">r\u0103spund\u0103<\/span><span lang=\"ro-RO\">\u00eentreb\u0103rilor<\/span>. <span lang=\"ro-RO\">\u00cen\u021beleg<\/span> c\u0103 urmeaz\u0103 s\u0103 plece <span lang=\"ro-RO\">\u00eentr-o<\/span> deplasare extern<span lang=\"ro-RO\">\u0103<\/span><span lang=\"ro-RO\">\u00ee<\/span>n <span lang=\"ro-RO\">aceea\u0219i<\/span> zi la <\/em><span lang=\"ro-RO\"><em>17.00\u201d<\/em>, a declarat pre\u0219edintele Senatului, C\u0103lin Popescu T\u0103riceanu<\/span>.<\/p>\n<p data-index=\"4\">Premierul Dacian Ciolo\u0219 va participa, la \u00eenceputul s\u0103pt\u0103m\u00e2nii viitoare, la Adunarea General\u0103 a ONU de la New York.\u00a0<\/p>\n<\/div>\n<p> Source URL: https:\/\/www.digi24.ro\/stiri\/actualitate\/politica\/dacian-ciolos-chemat-luni-in-parlament-565323<\/p>\n","protected":false},"excerpt":{"rendered":"<p>Premierul Dacian Ciolo\u0219 este a\u0219teptat luni la ora 14.00 \u00een Parlament, unde va prezenta un raport privind starea economic\u0103 a Rom\u00e2niei.\u00a0 \u00a0 \u201eS-a decis invitarea prim ministrui pentru a prezenta un raport \u00een leg\u0103tur\u0103 cu execut\u021ba bugetului. Am convenit c\u0103 luni, s\u0103pt\u0103m\u00e2na viitoare la 14.30, va fi prezent \u00een fa\u021baCamerelor. Prim ministrul va avea 30 [&hellip;]<\/p>\n","protected":false},"author":1,"featured_media":160065,"comment_status":"open","ping_status":"","sticky":false,"template":"","format":"standard","meta":{"footnotes":""},"categories":[2],"tags":[11],"class_list":["post-160064","post","type-post","status-publish","format-standard","has-post-thumbnail","hentry","category-politics","tag-digi24"],"_links":{"self":[{"href":"https:\/\/analyse.optim.biz\/index.php?rest_route=\/wp\/v2\/posts\/160064","targetHints":{"allow":["GET"]}}],"collection":[{"href":"https:\/\/analyse.optim.biz\/index.php?rest_route=\/wp\/v2\/posts"}],"about":[{"href":"https:\/\/analyse.optim.biz\/index.php?rest_route=\/wp\/v2\/types\/post"}],"author":[{"embeddable":true,"href":"https:\/\/analyse.optim.biz\/index.php?rest_route=\/wp\/v2\/users\/1"}],"replies":[{"embeddable":true,"href":"https:\/\/analyse.optim.biz\/index.php?rest_route=%2Fwp%2Fv2%2Fcomments&post=160064"}],"version-history":[{"count":0,"href":"https:\/\/analyse.optim.biz\/index.php?rest_route=\/wp\/v2\/posts\/160064\/revisions"}],"wp:featuredmedia":[{"embeddable":true,"href":"https:\/\/analyse.optim.biz\/index.php?rest_route=\/wp\/v2\/media\/160065"}],"wp:attachment":[{"href":"https:\/\/analyse.optim.biz\/index.php?rest_route=%2Fwp%2Fv2%2Fmedia&parent=160064"}],"wp:term":[{"taxonomy":"category","embeddable":true,"href":"https:\/\/analyse.optim.biz\/index.php?rest_route=%2Fwp%2Fv2%2Fcategories&post=160064"},{"taxonomy":"post_tag","embeddable":true,"href":"https:\/\/analyse.optim.biz\/index.php?rest_route=%2Fwp%2Fv2%2Ftags&post=160064"}],"curies":[{"name":"wp","href":"https:\/\/api.w.org\/{rel}","templated":true}]}}