{"id":160053,"date":"2016-09-13T13:56:17","date_gmt":"2016-09-13T10:56:17","guid":{"rendered":"https:\/\/analyse.optim.biz\/?p=160053"},"modified":"2016-09-13T13:56:17","modified_gmt":"2016-09-13T10:56:17","slug":"iohannis-romania-sprijina-initiativa-unei-armate-ue","status":"publish","type":"post","link":"https:\/\/analyse.optim.biz\/?p=160053","title":{"rendered":"Iohannis: Rom\u00e2nia sprijin\u0103 ini\u0163iativa unei armate UE"},"content":{"rendered":"<div class=\"entry data-app-meta data-app-meta-article\" data-embed-base-url-canonical=\"https:\/\/www.digi24.ro\/embed\/stiri\/actualitate\/iohannis-romania-sprijina-initiativa-unei-armate-ue-565369\">\n<p data-index=\"1\">Pre\u0219edintele Klaus Iohannis a declarat, mar\u021bi, dup\u0103 discu\u021biile cu omologul s\u0103u, Francois Hollande, c\u0103 Rom\u00e2nia sprijin\u0103 formarea unei armate a Uniunii Europene, care s\u0103 nu modifice formatul NATO.\u00a0La r\u00e2ndul s\u0103u, pre\u0219edintele francez a precizat c\u0103 UE nu se poate\u00a0baza doar pe for\u0163e externe \u015fi are nevoie de o anumit\u0103 autonomie.<\/p>\n<p data-index=\"2\">Pre\u0219edintele Rom\u00e2niei a atras aten\u021bia c\u0103 o armat\u0103 a UE nu ar \u00eenlocui NATO ci ar veni \u00een completarea lui.\u00a0<\/p>\n<p data-index=\"3\"><em>\u201eRom\u00e2nia este de acord \u015fi sprijin\u0103 aceast\u0103 ini\u0163iativ\u0103 franco-german\u0103. Este clar c\u0103 avem nevoie de o mai bun\u0103 coordonare, dotare, \u015fi avem nevoie de o revigorare a industriei de ap\u0103rare \u00een Europa. Garan\u0163ia (c\u0103 armata UE nu va \u00eenlocui NATO &#8211; n.r.) st\u0103 \u00een faptul c\u0103 nu se dore\u015fte a\u015fa ceva. Ap\u0103rarea Europei este o tem\u0103 important\u0103. Securitatea extern\u0103 trebuie garantat\u0103&#8221;<\/em>, a spus pre\u015fedintele.<\/p>\n<p data-index=\"4\">Subiectul armatei UE a fost adus \u00een discu\u021bie\u00a0de Francois Hollande, care precizat c\u0103\u00a0UE trebuie\u00a0s\u0103 investeasc\u0103 mai mult \u00een ap\u0103rare, \u00een special prin crearea unei industrii proprii de ap\u0103rare.<\/p>\n<p data-index=\"5\"><em>\u201eEforturile principalelor state europene nu sunt suficiente. Fran\u0163a face o parte, partea ei, este principalul buget de ap\u0103rare din Europa, dar trebuie s\u0103 facem \u00een a\u015fa fel \u00eenc\u00e2t toate \u0163\u0103rile s\u0103 se implice mai mult \u00een ap\u0103rarea Europei, \u00een sensul larg. Europa trebuie s\u0103 intre \u00eentr-o nou\u0103 etap\u0103 \u00een privin\u0163a ap\u0103r\u0103rii&#8221;<\/em>, a spus Francois Hollande.<\/p>\n<p data-index=\"6\">\u00a0<\/p>\n<p data-index=\"7\">Mai mult, pre\u0219edintele francez a pledat pentru mai mult\u0103 \u00a0autonomie \u00een deciziile militare pe care le ia Uniunea European\u0103.<\/p>\n<p data-index=\"8\"><em>\u201eMajoritatea \u0163\u0103rilor europene fac parte din NATO \u015fi trebuie s\u0103 r\u0103m\u00e2nem \u015fi s\u0103 particip\u0103m la ac\u0163iunea NATO, \u00eens\u0103 \u00een cadrul acestei alian\u0163e \u015fi Europa trebuie s\u0103 se organizeze. Nu se poate baza pe capacit\u0103\u0163ile unei puteri exterioare. Europa are nevoie de propria capacitate, industrie, \u015fi mijloace&#8221;,<\/em> a spus Francois Hollande.\u00a0<\/p>\n<p data-index=\"9\">Anul trecut, pre\u015fedintele Comisiei Europene, Jean-Claude Juncker, a pledat pentru o armat\u0103 european\u0103, care s\u0103 asigure UE mai mult\u0103 for\u0163\u0103 pentru a face fa\u0163\u0103 amenin\u0163\u0103rilor reprezentate de Rusia \u015fi nu numai.<\/p>\n<p data-index=\"10\">Propunerea este puternic sus\u0163inut\u0103 de Germania \u015fi Fran\u0163a, exist\u00e2nd semnale \u015fi din partea Italiei, \u00eens\u0103 o decizie nu a putut fi luat\u0103 p\u00e2n\u0103 acum, din cauza opozi\u0163iei tradi\u0163ionale a Marii Britanii. Pe 16 septembrie va avea loc, la Bratislava, prima reuniune a Consiliului European la care Marea Britanie nu va participa, subiectul armatei europene urm\u00e2nd a fi discutat de liderii UE.<\/p>\n<\/div>\n<p> Source URL: https:\/\/www.digi24.ro\/stiri\/actualitate\/iohannis-romania-sprijina-initiativa-unei-armate-ue-565369<\/p>\n","protected":false},"excerpt":{"rendered":"<p>Pre\u0219edintele Klaus Iohannis a declarat, mar\u021bi, dup\u0103 discu\u021biile cu omologul s\u0103u, Francois Hollande, c\u0103 Rom\u00e2nia sprijin\u0103 formarea unei armate a Uniunii Europene, care s\u0103 nu modifice formatul NATO.\u00a0La r\u00e2ndul s\u0103u, pre\u0219edintele francez a precizat c\u0103 UE nu se poate\u00a0baza doar pe for\u0163e externe \u015fi are nevoie de o anumit\u0103 autonomie. Pre\u0219edintele Rom\u00e2niei a atras aten\u021bia [&hellip;]<\/p>\n","protected":false},"author":1,"featured_media":160054,"comment_status":"open","ping_status":"","sticky":false,"template":"","format":"standard","meta":{"footnotes":""},"categories":[2],"tags":[11],"class_list":["post-160053","post","type-post","status-publish","format-standard","has-post-thumbnail","hentry","category-politics","tag-digi24"],"_links":{"self":[{"href":"https:\/\/analyse.optim.biz\/index.php?rest_route=\/wp\/v2\/posts\/160053","targetHints":{"allow":["GET"]}}],"collection":[{"href":"https:\/\/analyse.optim.biz\/index.php?rest_route=\/wp\/v2\/posts"}],"about":[{"href":"https:\/\/analyse.optim.biz\/index.php?rest_route=\/wp\/v2\/types\/post"}],"author":[{"embeddable":true,"href":"https:\/\/analyse.optim.biz\/index.php?rest_route=\/wp\/v2\/users\/1"}],"replies":[{"embeddable":true,"href":"https:\/\/analyse.optim.biz\/index.php?rest_route=%2Fwp%2Fv2%2Fcomments&post=160053"}],"version-history":[{"count":0,"href":"https:\/\/analyse.optim.biz\/index.php?rest_route=\/wp\/v2\/posts\/160053\/revisions"}],"wp:featuredmedia":[{"embeddable":true,"href":"https:\/\/analyse.optim.biz\/index.php?rest_route=\/wp\/v2\/media\/160054"}],"wp:attachment":[{"href":"https:\/\/analyse.optim.biz\/index.php?rest_route=%2Fwp%2Fv2%2Fmedia&parent=160053"}],"wp:term":[{"taxonomy":"category","embeddable":true,"href":"https:\/\/analyse.optim.biz\/index.php?rest_route=%2Fwp%2Fv2%2Fcategories&post=160053"},{"taxonomy":"post_tag","embeddable":true,"href":"https:\/\/analyse.optim.biz\/index.php?rest_route=%2Fwp%2Fv2%2Ftags&post=160053"}],"curies":[{"name":"wp","href":"https:\/\/api.w.org\/{rel}","templated":true}]}}