{"id":160050,"date":"2016-09-13T14:08:30","date_gmt":"2016-09-13T11:08:30","guid":{"rendered":"https:\/\/analyse.optim.biz\/?p=160050"},"modified":"2016-09-13T14:08:30","modified_gmt":"2016-09-13T11:08:30","slug":"pnl-nu-l-vrea-pe-listele-parlamentare-pe-augustin-zegrean","status":"publish","type":"post","link":"https:\/\/analyse.optim.biz\/?p=160050","title":{"rendered":"PNL nu-l vrea pe listele parlamentare pe Augustin Zegrean"},"content":{"rendered":"<div class=\"entry data-app-meta data-app-meta-article\" data-embed-base-url-canonical=\"https:\/\/www.digi24.ro\/embed\/stiri\/actualitate\/politica\/pnl-nu-l-vrea-pe-listele-parlamentare-pe-augustin-zegrean-565382\">\n<p data-index=\"1\">Conducerea PNL a discutat, mar\u0163i, \u00een \u015fedin\u0163a comisiei de unificare, posibilitatea unei candidaturi la alegerile parlamentare a fostului judec\u0103tor CCR Augustin Zegrean, \u015fansele ca acesta s\u0103 se afle pe lista PNL din toamn\u0103 fiind nule, potrivit unor surse din partid, \u00een condi\u0163iile \u00een care acesta nu este membru de partid \u015fi, \u00een plus, imaginea sa este legat\u0103 prea mult de cea a lui Traian B\u0103sescu, relateaz\u0103 news.ro<\/p>\n<p data-index=\"2\"><img loading=\"lazy\" decoding=\"async\" class=\"alignnone size-full wp-image-565383\" src=\"https:\/\/analyse.optim.biz\/wp-content\/uploads\/2024\/09\/odawjmhhc2g9odlmnwniyji3ngeznwmyzjyyzjuwowzlyjfkyjy2nwu-thumb_.jpg\" alt=\"augustin zegrean capturacrop\" width=\"713\" height=\"401\" data-skip-htmlfix=\"1\" title=\"odawjmhhc2g9odlmnwniyji3ngeznwmyzjyyzjuwowzlyjfkyjy2nwu-thumb_\"><\/p>\n<p data-index=\"3\">Potrivit surselor citate, Augustin Zegrean nu este membru PNL, astfel c\u0103 dorin\u0163a acestuia de a candida \u00een toamn\u0103, din partea liberalilor era imposibil\u0103 \u00een lipsa unei adeziuni politice.\u00a0<\/p>\n<p data-index=\"4\">\u00cen plus, imaginea acestuia este legat\u0103 de cea a fostului pre\u015fedinte Traian B\u0103sescu, iar liberalii consider\u0103 c\u0103 acest lucru nu ajut\u0103 partidul \u00een perspectiva alegerilor.\u00a0<\/p>\n<p data-index=\"5\">Augustin Zegrean a anun\u0163at la sf\u00e2r\u015fitul s\u0103pt\u0103m\u00e2nii trecute c\u0103 ar dori s\u0103 candideze din partea PNL la alegerile parlamentare, pentru a contribui la refacerea legisla\u0163iei \u00een anumite domenii, folosindu-se de expertiza dob\u00e2ndit\u0103 \u00een cei 9 ani de mandat ca judec\u0103tor la Curtea Constitu\u0163ional\u0103.<\/p>\n<p data-index=\"6\">\u201dMi-am depus candidatura intern\u0103 pentru un loc \u00een Senat. Vreau s\u0103 merg \u00een Parlament pentru c\u0103 este nevoie de corectarea legisla\u0163iei, pentru c\u0103 totul s-a f\u0103cut \u00een fug\u0103, toat\u0103 legisla\u0163ia trebuie rescris\u0103. M\u0103 g\u00e2ndesc la \u00eenv\u0103\u0163\u0103m\u00e2nt, s\u0103n\u0103tate, domeniul pensiilor, spre exemplu, dar sunt multe altele. Mai bine ca mine nu le \u015ftie nimeni pe astea, eu am trecut prin toate. De aia m\u0103 duc acolo, s\u0103 fac legi, eu chiar nu mai am nevoie de nimic, am tot ce \u00eemi trebuie, dar efectiv am senza\u0163ia c\u0103 nu mai putem l\u0103sa lucrurile s\u0103 mearg\u0103 tot a\u015fa, adic\u0103 prost\u201d, a spus Zegrean, pentru timponline.ro.\u00a0<\/p>\n<p data-index=\"7\">El a precizat c\u0103 a discutat despre inten\u0163ia sa cu Ioan Oltean, fostul lider al PDL Bistri\u0163a-N\u0103s\u0103ud.<\/p>\n<p data-index=\"8\">\u201dNu m-a invitat nimeni \u00een mod special s\u0103 candidez, a fost ideea mea. S\u0103pt\u0103m\u00e2na viitoare va fi votat\u0103 \u00een cadrul partidului ordinea pe list\u0103, dar nu voi fi de fa\u0163\u0103, pentru c\u0103 voi fi\u00a0plecat din \u0163ar\u0103. \u00cemi aduc aminte c\u0103 ultimul meu mandat de parlamentar a fost preluat de Ioan Turc, poate s\u0103 a\u015ftepte iar vreo doi ani c\u0103 poate \u00eel las iar\u201d, \u00a0a mai spus Zegrean.<\/p>\n<p data-index=\"9\">Augustin Zegrean a activat \u00een politic\u0103, \u00eenainte de a deveni judec\u0103tor al Cur\u0163ii Constitu\u0163ionale. Astfel, la alegerile din 1990\u00a0a ob\u0163inut un mandat de senator \u00een jude\u0163ul Bistri\u0163a N\u0103s\u0103ud,\u00a0din partea Frontului Salv\u0103rii Na\u0163ionale (FSN). Ulterior a devenit membru al Partidului Democrat. Augustin Zegrean a fost judec\u0103tor al Cur\u0163ii Constitu\u0163ionale, numit de Pre\u015fedin\u0163ie, \u00eencep\u00e2nd cu anul 2007, iar din 2010 a de\u0163inut func\u0163ia de pre\u015fedinte al CCR. Mandatul s\u0103u de judec\u0103tor al Cur\u0163ii s-a \u00eencheiat anul acesta, \u00een luna iulie.<\/p>\n<\/div>\n<p> Source URL: https:\/\/www.digi24.ro\/stiri\/actualitate\/politica\/pnl-nu-l-vrea-pe-listele-parlamentare-pe-augustin-zegrean-565382<\/p>\n","protected":false},"excerpt":{"rendered":"<p>Conducerea PNL a discutat, mar\u0163i, \u00een \u015fedin\u0163a comisiei de unificare, posibilitatea unei candidaturi la alegerile parlamentare a fostului judec\u0103tor CCR Augustin Zegrean, \u015fansele ca acesta s\u0103 se afle pe lista PNL din toamn\u0103 fiind nule, potrivit unor surse din partid, \u00een condi\u0163iile \u00een care acesta nu este membru de partid \u015fi, \u00een plus, imaginea sa [&hellip;]<\/p>\n","protected":false},"author":1,"featured_media":160051,"comment_status":"open","ping_status":"","sticky":false,"template":"","format":"standard","meta":{"footnotes":""},"categories":[2],"tags":[11],"class_list":["post-160050","post","type-post","status-publish","format-standard","has-post-thumbnail","hentry","category-politics","tag-digi24"],"_links":{"self":[{"href":"https:\/\/analyse.optim.biz\/index.php?rest_route=\/wp\/v2\/posts\/160050","targetHints":{"allow":["GET"]}}],"collection":[{"href":"https:\/\/analyse.optim.biz\/index.php?rest_route=\/wp\/v2\/posts"}],"about":[{"href":"https:\/\/analyse.optim.biz\/index.php?rest_route=\/wp\/v2\/types\/post"}],"author":[{"embeddable":true,"href":"https:\/\/analyse.optim.biz\/index.php?rest_route=\/wp\/v2\/users\/1"}],"replies":[{"embeddable":true,"href":"https:\/\/analyse.optim.biz\/index.php?rest_route=%2Fwp%2Fv2%2Fcomments&post=160050"}],"version-history":[{"count":0,"href":"https:\/\/analyse.optim.biz\/index.php?rest_route=\/wp\/v2\/posts\/160050\/revisions"}],"wp:featuredmedia":[{"embeddable":true,"href":"https:\/\/analyse.optim.biz\/index.php?rest_route=\/wp\/v2\/media\/160051"}],"wp:attachment":[{"href":"https:\/\/analyse.optim.biz\/index.php?rest_route=%2Fwp%2Fv2%2Fmedia&parent=160050"}],"wp:term":[{"taxonomy":"category","embeddable":true,"href":"https:\/\/analyse.optim.biz\/index.php?rest_route=%2Fwp%2Fv2%2Fcategories&post=160050"},{"taxonomy":"post_tag","embeddable":true,"href":"https:\/\/analyse.optim.biz\/index.php?rest_route=%2Fwp%2Fv2%2Ftags&post=160050"}],"curies":[{"name":"wp","href":"https:\/\/api.w.org\/{rel}","templated":true}]}}