{"id":1600395,"date":"2014-04-27T09:09:45","date_gmt":"2014-04-27T06:09:45","guid":{"rendered":"https:\/\/analyse.optim.biz\/?p=1600395"},"modified":"2014-04-27T09:09:45","modified_gmt":"2014-04-27T06:09:45","slug":"doi-minori-acidentati-in-weekend-suceavalive","status":"publish","type":"post","link":"https:\/\/analyse.optim.biz\/?p=1600395","title":{"rendered":"Doi minori acidenta\u021bi \u00een weekend &#8211; SuceavaLIVE"},"content":{"rendered":"<article id=\"post-36535\" class=\"clearfix post-36535 post type-post status-publish format-standard has-post-thumbnail hentry category-comunicate tag-accident tag-bibicleta tag-minori tag-suceava\">\n<header id=\"cb-standard-featured\">\n<div id=\"cb-fis-wrap\" class=\"cb-entry-header cb-fis cb-style-standard\"><span class=\"cb-title-fi\"><\/p>\n<h1 class=\"entry-title cb-entry-title cb-single-title\">Doi minori acidenta\u021bi \u00een weekend<\/h1>\n<div class=\"cb-byline cb-font-header\">\n<div class=\"cb-date cb-byline-element\"><time datetime=\"2014-04-27\">27 aprilie 2014<\/time><\/div>\n<\/div>\n<p><\/span><\/div>\n<div class=\"cb-mask\"><img decoding=\"async\" width=\"620\" height=\"350\" src=\"https:\/\/analyse.optim.biz\/wp-content\/uploads\/2026\/01\/accident-23.jpg\" class=\"attachment-cb-full-full size-cb-full-full wp-post-image\" loading=\"lazy\" title=\"accident-23\"><\/div>\n<\/header>\n<p>Doi minori au fost accidenta\u021bi \u00een acest weekend \u00een jude\u021bul Suceava. Primul a intrat cu bicicleta \u00eentr-un autoturism, iar al doilea a traversat strada printr-un loc nepermis \u0219i a fost lovit de un t\u00e2n\u0103r \u0219ofer.<\/p>\n<section class=\"cb-entry-content entry-content clearfix\">\n<p>La 25.04.2014, ora 16.30, pe DC 1 Ude\u015fti, un minor de 11 ani, din localitate, \u00een timp ce se deplasa cu bicicleta, a p\u0103truns pe contrasens \u015fi a intrat \u00een coliziune frontal\u0103 cu autoturismul condus regulamentar din sens opus de o femeie de 38 ani din localitate. Minorul a fost transportat la spital cu ambulan\u0163a, pentru \u00eengrijiri medicale. Conduc\u0103toarea auto a fost testat\u0103 cu aparatul etilotest, rezultatul fiind negativ \u015fi i s-au recoltat probe biologice de s\u00e2nge \u00een vederea stabilirii alcoolemiei.<\/p>\n<p>La 26.04.2014, ora 13.00, pe strada Jean Bart, din municipiul Suceava, un localnic de 30 ani, \u00een timp ce conducea autoturismul, a surprins \u015fi accidentat o minor\u0103 de 11 ani, din aceea\u015fi localitate, care s-a angajat \u00een traversarea str\u0103zii prin loc nepermis \u015fi f\u0103r\u0103 s\u0103 se asigure. Conduc\u0103torul auto a fost testat cu aparatul etilotest, rezultatul fiind negativ, dup\u0103 care i s-au prelevat mostre biologice de s\u00e2nge \u00een vederea stabilirii alcoolemiei.<\/p>\n<\/section>\n<footer class=\"article-footer\">\n<p class=\"cb-tags\"><a href=\"https:\/\/suceavalive.ro\/tag\/accident\/\" rel=\"tag\">accident<\/a><a href=\"https:\/\/suceavalive.ro\/tag\/bibicleta\/\" rel=\"tag\">bibicleta<\/a><a href=\"https:\/\/suceavalive.ro\/tag\/minori\/\" rel=\"tag\">minori<\/a><a href=\"https:\/\/suceavalive.ro\/tag\/suceava\/\" rel=\"tag\">Suceava<\/a><\/p>\n<div class=\"cb-social-sharing cb-post-footer-block cb-beside clearfix\">\n<div class=\"cb-title-subtle\">Share On:<\/div>\n<div class=\"cb-twitter\"><a href=\"https:\/\/twitter.com\/share\" class=\"twitter-share-button\" data-dnt=\"true\" data-count=\"horizontal\">Tweet<\/a><\/div>\n<\/div>\n<div id=\"cb-previous-next-links\" class=\"cb-post-footer-block clearfix\">\n<div id=\"cb-previous-link\"><a href=\"https:\/\/suceavalive.ro\/oameni-de-langa-noi-cu-cristian-tonolla-5\/\" rel=\"prev\">OAMENI DE L\u00c2NG\u0102 NOI: Bobby Stroe \u2013 muzician<\/a><\/div>\n<div id=\"cb-next-link\"><a href=\"https:\/\/suceavalive.ro\/tractorist-beat-s-a-rasturnat-intr-un-sant\/\" rel=\"next\">Tractorist beat s-a r\u0103sturnat \u00eentr-un \u0219an\u021b<\/a><\/div>\n<\/div>\n<div id=\"cb-author-box\" class=\"clearfix\">\n<h3 class=\"cb-block-title\">Despre autor<\/h3>\n<div class=\"cb-mask\"><a href=\"https:\/\/suceavalive.ro\/author\/tilihoi\/\"><img decoding=\"async\" src=\"https:\/\/analyse.optim.biz\/wp-content\/uploads\/2026\/01\/fa2d18728c5d81a58c6469ecd1ad7e557d4f11a4993458ce4a8238aca4504c9f-24.jpg\" class=\"avatar avatar-120 photo\" height=\"120\" width=\"120\" loading=\"lazy\" title=\"fa2d18728c5d81a58c6469ecd1ad7e557d4f11a4993458ce4a8238aca4504c9f-24\"><\/a><\/div>\n<div class=\"cb-meta\">\n<div class=\"cb-info\">\n<div class=\"cb-author-title vcard\"><a href=\"https:\/\/suceavalive.ro\/author\/tilihoi\/\"><span class=\"fn\">Cornel Tilihoi<\/span><\/a><\/div>\n<\/div>\n<\/div>\n<\/div>\n<div id=\"cb-related-posts\" class=\"cb-related-posts-block cb-post-end-block clearfix\">\n<h3 class=\"cb-block-title\">Postari asemanatoare<\/h3>\n<ul>\n<li class=\"cb-style-overlay cb-grid-entry cb-related-post no-1\">\n<div class=\"cb-mask\"><a href=\"https:\/\/suceavalive.ro\/calendarul-zilei-de-23-ianuarie\/\"><img decoding=\"async\" width=\"360\" height=\"240\" src=\"https:\/\/analyse.optim.biz\/wp-content\/uploads\/2026\/01\/vladimirescucover-interior-360x240-17.jpg\" class=\"attachment-cb-360-240 size-cb-360-240 wp-post-image\" loading=\"lazy\" title=\"vladimirescucover-interior-360x240-17\"><\/a><\/div>\n<div class=\"cb-meta cb-article-meta\">\n<h4 class=\"h3 cb-post-title\"><a href=\"https:\/\/suceavalive.ro\/calendarul-zilei-de-23-ianuarie\/\">Calendarul zilei de 23 ianuarie<\/a><\/h4>\n<div class=\"cb-byline cb-font-header\">\n<div class=\"cb-date cb-byline-element\"><time datetime=\"2026-01-23\">23 ianuarie 2026<\/time><\/div>\n<\/div>\n<\/div>\n<\/li>\n<li class=\"cb-style-overlay cb-grid-entry cb-related-post no-2\">\n<div class=\"cb-mask\"><a href=\"https:\/\/suceavalive.ro\/calendarul-zilei-de-22-ianuarie\/\"><img decoding=\"async\" width=\"360\" height=\"240\" src=\"https:\/\/analyse.optim.biz\/wp-content\/uploads\/2026\/01\/george-motoi-360x240-19.jpg\" class=\"attachment-cb-360-240 size-cb-360-240 wp-post-image\" loading=\"lazy\" title=\"george-motoi-360x240-19\"><\/a><\/div>\n<div class=\"cb-meta cb-article-meta\">\n<h4 class=\"h3 cb-post-title\"><a href=\"https:\/\/suceavalive.ro\/calendarul-zilei-de-22-ianuarie\/\">Calendarul zilei de 22 ianuarie<\/a><\/h4>\n<div class=\"cb-byline cb-font-header\">\n<div class=\"cb-date cb-byline-element\"><time datetime=\"2026-01-22\">22 ianuarie 2026<\/time><\/div>\n<\/div>\n<\/div>\n<\/li>\n<\/ul>\n<\/div>\n<\/footer>\n<div id=\"respond\" class=\"comment-respond\">\n<h3 id=\"reply-title\" class=\"comment-reply-title\">Lasa un raspuns <small><a rel=\"nofollow\" id=\"cancel-comment-reply-link\" href=\"https:\/\/suceavalive.ro\/doi-minori-acidentati-in-weekend\/#respond\">Anuleaza raspunsul<\/a><\/small><\/h3>\n<p class=\"comment-notes\">Adresa ta de email nu va fi publicat\u0103.<\/p>\n<\/div>\n<\/article>\n<section class=\"cb-entry-content entry-content clearfix\">\n<p>La 25.04.2014, ora 16.30, pe DC 1 Ude\u015fti, un minor de 11 ani, din localitate, \u00een timp ce se deplasa cu bicicleta, a p\u0103truns pe contrasens \u015fi a intrat \u00een coliziune frontal\u0103 cu autoturismul condus regulamentar din sens opus de o femeie de 38 ani din localitate. Minorul a fost transportat la spital cu ambulan\u0163a, pentru \u00eengrijiri medicale. Conduc\u0103toarea auto a fost testat\u0103 cu aparatul etilotest, rezultatul fiind negativ \u015fi i s-au recoltat probe biologice de s\u00e2nge \u00een vederea stabilirii alcoolemiei.<\/p>\n<p>La 26.04.2014, ora 13.00, pe strada Jean Bart, din municipiul Suceava, un localnic de 30 ani, \u00een timp ce conducea autoturismul, a surprins \u015fi accidentat o minor\u0103 de 11 ani, din aceea\u015fi localitate, care s-a angajat \u00een traversarea str\u0103zii prin loc nepermis \u015fi f\u0103r\u0103 s\u0103 se asigure. Conduc\u0103torul auto a fost testat cu aparatul etilotest, rezultatul fiind negativ, dup\u0103 care i s-au prelevat mostre biologice de s\u00e2nge \u00een vederea stabilirii alcoolemiei.<\/p>\n<\/section>\n<section class=\"cb-entry-content entry-content clearfix\">\n<p>La 25.04.2014, ora 16.30, pe DC 1 Ude\u015fti, un minor de 11 ani, din localitate, \u00een timp ce se deplasa cu bicicleta, a p\u0103truns pe contrasens \u015fi a intrat \u00een coliziune frontal\u0103 cu autoturismul condus regulamentar din sens opus de o femeie de 38 ani din localitate. Minorul a fost transportat la spital cu ambulan\u0163a, pentru \u00eengrijiri medicale. Conduc\u0103toarea auto a fost testat\u0103 cu aparatul etilotest, rezultatul fiind negativ \u015fi i s-au recoltat probe biologice de s\u00e2nge \u00een vederea stabilirii alcoolemiei.<\/p>\n<p>La 26.04.2014, ora 13.00, pe strada Jean Bart, din municipiul Suceava, un localnic de 30 ani, \u00een timp ce conducea autoturismul, a surprins \u015fi accidentat o minor\u0103 de 11 ani, din aceea\u015fi localitate, care s-a angajat \u00een traversarea str\u0103zii prin loc nepermis \u015fi f\u0103r\u0103 s\u0103 se asigure. Conduc\u0103torul auto a fost testat cu aparatul etilotest, rezultatul fiind negativ, dup\u0103 care i s-au prelevat mostre biologice de s\u00e2nge \u00een vederea stabilirii alcoolemiei.<\/p>\n<\/section>\n<p> Source URL: https:\/\/suceavalive.ro\/doi-minori-acidentati-in-weekend\/<\/p>\n","protected":false},"excerpt":{"rendered":"<p>Doi minori acidenta\u021bi \u00een weekend 27 aprilie 2014 Doi minori au fost accidenta\u021bi \u00een acest weekend \u00een jude\u021bul Suceava. Primul a intrat cu bicicleta \u00eentr-un autoturism, iar al doilea a traversat strada printr-un loc nepermis \u0219i a fost lovit de un t\u00e2n\u0103r \u0219ofer. La 25.04.2014, ora 16.30, pe DC 1 Ude\u015fti, un minor de 11 [&hellip;]<\/p>\n","protected":false},"author":1,"featured_media":1600400,"comment_status":"open","ping_status":"","sticky":false,"template":"","format":"standard","meta":{"footnotes":""},"categories":[89],"tags":[173],"class_list":["post-1600395","post","type-post","status-publish","format-standard","has-post-thumbnail","hentry","category-romania","tag-suceavalive-ro"],"_links":{"self":[{"href":"https:\/\/analyse.optim.biz\/index.php?rest_route=\/wp\/v2\/posts\/1600395","targetHints":{"allow":["GET"]}}],"collection":[{"href":"https:\/\/analyse.optim.biz\/index.php?rest_route=\/wp\/v2\/posts"}],"about":[{"href":"https:\/\/analyse.optim.biz\/index.php?rest_route=\/wp\/v2\/types\/post"}],"author":[{"embeddable":true,"href":"https:\/\/analyse.optim.biz\/index.php?rest_route=\/wp\/v2\/users\/1"}],"replies":[{"embeddable":true,"href":"https:\/\/analyse.optim.biz\/index.php?rest_route=%2Fwp%2Fv2%2Fcomments&post=1600395"}],"version-history":[{"count":0,"href":"https:\/\/analyse.optim.biz\/index.php?rest_route=\/wp\/v2\/posts\/1600395\/revisions"}],"wp:featuredmedia":[{"embeddable":true,"href":"https:\/\/analyse.optim.biz\/index.php?rest_route=\/wp\/v2\/media\/1600400"}],"wp:attachment":[{"href":"https:\/\/analyse.optim.biz\/index.php?rest_route=%2Fwp%2Fv2%2Fmedia&parent=1600395"}],"wp:term":[{"taxonomy":"category","embeddable":true,"href":"https:\/\/analyse.optim.biz\/index.php?rest_route=%2Fwp%2Fv2%2Fcategories&post=1600395"},{"taxonomy":"post_tag","embeddable":true,"href":"https:\/\/analyse.optim.biz\/index.php?rest_route=%2Fwp%2Fv2%2Ftags&post=1600395"}],"curies":[{"name":"wp","href":"https:\/\/api.w.org\/{rel}","templated":true}]}}