{"id":1592811,"date":"2026-01-30T19:52:04","date_gmt":"2026-01-30T16:52:04","guid":{"rendered":"https:\/\/analyse.optim.biz\/?p=1592811"},"modified":"2026-01-30T19:52:04","modified_gmt":"2026-01-30T16:52:04","slug":"cel-mai-scazut-somaj-in-municipiul-buzau","status":"publish","type":"post","link":"https:\/\/analyse.optim.biz\/?p=1592811","title":{"rendered":"Cel mai sc\u0103zut \u015fomaj \u00een municipiul Buz\u0103u"},"content":{"rendered":"<div class=\"td-ss-main-content\">\n<article id=\"post-117911\" class=\"post-117911 post type-post status-publish format-video has-post-thumbnail hentry category-actualitate post_format-post-format-video\">\n<div class=\"td-post-header\">\n<ul class=\"td-category\">\n<li class=\"entry-category\"><a href=\"https:\/\/www.tvbuzau.ro\/category\/actualitate\/\">Actualitate<\/a><\/li>\n<\/ul>\n<header class=\"td-post-title\">\n<h1 class=\"entry-title\">Cel mai sc\u0103zut \u015fomaj \u00een municipiul Buz\u0103u<\/h1>\n<div class=\"td-module-meta-info\">\n<div class=\"td-post-author-name\">De c\u0103tre <a href=\"https:\/\/www.tvbuzau.ro\/author\/mihai-vasilescu\/\">TV Buz\u0103u<\/a> &#8211; <\/div>\n<p><span class=\"td-post-date\"><time class=\"entry-date updated td-module-date\" datetime=\"2026-01-30T19:52:04+00:00\">ianuarie 30, 2026<\/time><\/span><\/p>\n<div class=\"td-post-comments\"><a href=\"https:\/\/www.tvbuzau.ro\/cel-mai-scazut-somaj-in-municipiul-buzau\/#respond\">0<\/a><\/div>\n<div class=\"td-post-views\"><span class=\"td-nr-views-117911\">9<\/span><\/div>\n<\/div>\n<\/header>\n<\/div>\n<div class=\"td-post-sharing td-post-sharing-top td-with-like\">\n<div class=\"td-default-sharing\"><a class=\"td-social-sharing-buttons td-social-facebook\" href=\"http:\/\/www.facebook.com\/sharer.php?u=https%3A%2F%2Fwww.tvbuzau.ro%2Fcel-mai-scazut-somaj-in-municipiul-buzau%2F\"><\/p>\n<div class=\"td-social-but-text\">Distribui\u021bi pe Facebook<\/div>\n<p><\/a><a class=\"td-social-sharing-buttons td-social-twitter\" href=\"https:\/\/twitter.com\/intent\/tweet?text=Cel+mai+sc%C4%83zut+%C5%9Fomaj+%C3%AEn+municipiul+Buz%C4%83u&amp;url=https%3A%2F%2Fwww.tvbuzau.ro%2Fcel-mai-scazut-somaj-in-municipiul-buzau%2F&amp;via=TV+Buz%C4%83u\"><\/p>\n<div class=\"td-social-but-text\">Distribui\u021bi pe Twitter<\/div>\n<p><\/a><\/div>\n<div class=\"td-classic-sharing\">\n<ul>\n<li class=\"td-classic-facebook\"><iframe frameborder src=\"https:\/\/www.facebook.com\/plugins\/like.php?href=https:\/\/www.tvbuzau.ro\/cel-mai-scazut-somaj-in-municipiul-buzau\/&amp;layout=button_count&amp;show_faces=false&amp;width=105&amp;action=like&amp;colorscheme=light&amp;height=21\"><\/iframe><\/li>\n<li class=\"td-classic-twitter\"><a href=\"https:\/\/twitter.com\/share\" class=\"twitter-share-button\" data-url=\"https:\/\/www.tvbuzau.ro\/cel-mai-scazut-somaj-in-municipiul-buzau\/\" data-text=\"Cel mai sc\u0103zut \u015fomaj \u00een municipiul Buz\u0103u\" data-via data-lang=\"en\">tweet<\/a><\/li>\n<\/ul>\n<\/div>\n<\/div>\n<div class=\"td-post-content\">\n<div class=\"td-featured-image-rec\">\n<div class=\"wpb_video_wrapper\">\n                    <iframe loading=\"lazy\" id=\"td_youtube_player\" width=\"600\" height=\"560\" src=\"https:\/\/www.youtube.com\/embed\/Z5qdRdw3EIA?enablejsapi=1&amp;feature=oembed&amp;wmode=opaque&amp;vq=hd720\" frameborder allowfullscreen><\/iframe><\/p><\/div>\n<\/div>\n<p>Deficitul de for\u0163\u0103 de munc\u0103, unul cronic<br \/>\n\u00cen ciuda perioadei dificile cu care ne confrunt\u0103m \u00een care o prte dintre angajatori \u015fi-au \u00eenchis por\u0163ile afacerilor ori au ales s\u0103 \u00ee\u015fi restr\u00e2ng\u0103 activitatea, muicipiul Buz\u0103u r\u0103m\u00e2ne cel care \u00eenglobeaz\u0103 cei mai mul\u0163i agaja\u0163i \u015fi angajatori.<br \/>\nCu toate acestea, nevoia de angaja\u0163i este una substan\u0163ial\u0103, \u00een situa\u0163ia \u00een care angajatorii g\u0103sesc cu dificultate personal pentru a-l \u00eencadra. O situa\u0163ie de altfel general\u0103 la nivelul \u00eentregii \u0163\u0103ri.<br \/>\nLa nivelul anului 2025, rata \u015fomajului \u00een anul precedent, rata \u015fomajului a fost \u00een medie de 4 %.<\/p>\n<div class=\"post-views post-117911 entry-meta\"><span class=\"post-views-label\">Post Views: <\/span><span class=\"post-views-count\">64<\/span><\/div>\n<\/div>\n<footer>\n<div class=\"td-post-sharing td-post-sharing-bottom td-with-like\"><span class=\"td-post-share-title\">DISTRIBUI\u021aI<\/span><\/p>\n<div class=\"td-default-sharing\"><a class=\"td-social-sharing-buttons td-social-facebook\" href=\"http:\/\/www.facebook.com\/sharer.php?u=https%3A%2F%2Fwww.tvbuzau.ro%2Fcel-mai-scazut-somaj-in-municipiul-buzau%2F\"><\/p>\n<div class=\"td-social-but-text\">Facebook<\/div>\n<p><\/a><a class=\"td-social-sharing-buttons td-social-twitter\" href=\"https:\/\/twitter.com\/intent\/tweet?text=Cel+mai+sc%C4%83zut+%C5%9Fomaj+%C3%AEn+municipiul+Buz%C4%83u&amp;url=https%3A%2F%2Fwww.tvbuzau.ro%2Fcel-mai-scazut-somaj-in-municipiul-buzau%2F&amp;via=TV+Buz%C4%83u\"><\/p>\n<div class=\"td-social-but-text\">Twitter<\/div>\n<p><\/a><\/div>\n<div class=\"td-classic-sharing\">\n<ul>\n<li class=\"td-classic-facebook\"><iframe frameborder src=\"https:\/\/www.facebook.com\/plugins\/like.php?href=https:\/\/www.tvbuzau.ro\/cel-mai-scazut-somaj-in-municipiul-buzau\/&amp;layout=button_count&amp;show_faces=false&amp;width=105&amp;action=like&amp;colorscheme=light&amp;height=21\"><\/iframe><\/li>\n<li class=\"td-classic-twitter\"><a href=\"https:\/\/twitter.com\/share\" class=\"twitter-share-button\" data-url=\"https:\/\/www.tvbuzau.ro\/cel-mai-scazut-somaj-in-municipiul-buzau\/\" data-text=\"Cel mai sc\u0103zut \u015fomaj \u00een municipiul Buz\u0103u\" data-via data-lang=\"en\">tweet<\/a><\/li>\n<\/ul>\n<\/div>\n<\/div>\n<div class=\"td-author-name vcard author\"><span class=\"fn\"><a href=\"https:\/\/www.tvbuzau.ro\/author\/mihai-vasilescu\/\">TV Buz\u0103u<\/a><\/span><\/div>\n<p><span><\/span><span><span><\/span><\/span><span><\/span><\/footer>\n<\/article>\n<div class=\"td_block_wrap td_block_related_posts td_uid_1_697d27d8dfd4a_rand td_with_ajax_pagination td-pb-border-top\" data-td-block-uid=\"td_uid_1_697d27d8dfd4a\">\n<h4 class=\"td-related-title\"><a id=\"td_uid_2_697d27d8e4e23\" class=\"td-related-left td-cur-simple-item\" data-td_filter_value data-td_block_id=\"td_uid_1_697d27d8dfd4a\" href=\"https:\/\/www.tvbuzau.ro\/cel-mai-scazut-somaj-in-municipiul-buzau\/\">ARTICOLE SIMILARE<\/a><a id=\"td_uid_3_697d27d8e4e5c\" class=\"td-related-right\" data-td_filter_value=\"td_related_more_from_author\" data-td_block_id=\"td_uid_1_697d27d8dfd4a\" href=\"https:\/\/www.tvbuzau.ro\/cel-mai-scazut-somaj-in-municipiul-buzau\/\">DE LA ACELA\u0218I AUTOR<\/a><\/h4>\n<div id=\"td_uid_1_697d27d8dfd4a\" class=\"td_block_inner\">\n<div class=\"td-related-row\">\n<div class=\"td-related-span4\">\n<div class=\"td_module_related_posts td-animation-stack td_mod_related_posts\">\n<div class=\"td-module-image\">\n<div class=\"td-module-thumb\"><a href=\"https:\/\/www.tvbuzau.ro\/demersuri-pentru-un-consortiu-de-sanatate-la-buzau\/\" rel=\"bookmark\" title=\"Demersuri pentru un consor\u0163iu de s\u0103n\u0103tate la Buz\u0103u\"><img loading=\"lazy\" decoding=\"async\" width=\"218\" height=\"150\" class=\"entry-thumb\" src=\"https:\/\/analyse.optim.biz\/wp-content\/uploads\/2026\/01\/hqdefault-41-218x150-3.jpg\" title=\"Demersuri pentru un consor\u0163iu de s\u0103n\u0103tate la Buz\u0103u\"><span class=\"td-video-play-ico\"><img loading=\"lazy\" decoding=\"async\" width=\"40\" height=\"40\" class=\"td-retina\" src=\"https:\/\/analyse.optim.biz\/wp-content\/uploads\/2026\/01\/ico-video-large-76.png\" alt=\"video\" title=\"ico-video-large-76\"><\/span><\/a><\/div>\n<p><a href=\"https:\/\/www.tvbuzau.ro\/category\/actualitate\/\" class=\"td-post-category\">Actualitate<\/a><\/div>\n<div class=\"item-details\">\n<h3 class=\"entry-title td-module-title\"><a href=\"https:\/\/www.tvbuzau.ro\/demersuri-pentru-un-consortiu-de-sanatate-la-buzau\/\" rel=\"bookmark\" title=\"Demersuri pentru un consor\u0163iu de s\u0103n\u0103tate la Buz\u0103u\">Demersuri pentru un consor\u0163iu de s\u0103n\u0103tate la Buz\u0103u<\/a><\/h3>\n<\/div>\n<\/div>\n<\/div>\n<div class=\"td-related-span4\">\n<div class=\"td_module_related_posts td-animation-stack td_mod_related_posts\">\n<div class=\"td-module-image\">\n<div class=\"td-module-thumb\"><a href=\"https:\/\/www.tvbuzau.ro\/mii-de-obiecte-vor-fi-tratate-cu-aparatul-de-anoxie-al-muzeului-judetean\/\" rel=\"bookmark\" title=\"Mii de obiecte vor fi tratate cu aparatul de anoxie al Muzeului Jude\u0163ean\"><img loading=\"lazy\" decoding=\"async\" width=\"218\" height=\"150\" class=\"entry-thumb\" src=\"https:\/\/analyse.optim.biz\/wp-content\/uploads\/2026\/01\/hqdefault-40-218x150-3.jpg\" title=\"Mii de obiecte vor fi tratate cu aparatul de anoxie al Muzeului Jude\u0163ean\"><span class=\"td-video-play-ico\"><img loading=\"lazy\" decoding=\"async\" width=\"40\" height=\"40\" class=\"td-retina\" src=\"https:\/\/analyse.optim.biz\/wp-content\/uploads\/2026\/01\/ico-video-large-76.png\" alt=\"video\" title=\"ico-video-large-76\"><\/span><\/a><\/div>\n<p><a href=\"https:\/\/www.tvbuzau.ro\/category\/actualitate\/\" class=\"td-post-category\">Actualitate<\/a><\/div>\n<div class=\"item-details\">\n<h3 class=\"entry-title td-module-title\"><a href=\"https:\/\/www.tvbuzau.ro\/mii-de-obiecte-vor-fi-tratate-cu-aparatul-de-anoxie-al-muzeului-judetean\/\" rel=\"bookmark\" title=\"Mii de obiecte vor fi tratate cu aparatul de anoxie al Muzeului Jude\u0163ean\">Mii de obiecte vor fi tratate cu aparatul de anoxie al Muzeului Jude\u0163ean<\/a><\/h3>\n<\/div>\n<\/div>\n<\/div>\n<div class=\"td-related-span4\">\n<div class=\"td_module_related_posts td-animation-stack td_mod_related_posts\">\n<div class=\"td-module-image\">\n<div class=\"td-module-thumb\"><a href=\"https:\/\/www.tvbuzau.ro\/final-de-2025-cu-amezi-de-la-itm\/\" rel=\"bookmark\" title=\"Final de 2025 cu amezi de la ITM\"><img loading=\"lazy\" decoding=\"async\" width=\"218\" height=\"150\" class=\"entry-thumb\" src=\"https:\/\/analyse.optim.biz\/wp-content\/uploads\/2026\/01\/sddefault-43-218x150-4.jpg\" title=\"Final de 2025 cu amezi de la ITM\"><span class=\"td-video-play-ico\"><img loading=\"lazy\" decoding=\"async\" width=\"40\" height=\"40\" class=\"td-retina\" src=\"https:\/\/analyse.optim.biz\/wp-content\/uploads\/2026\/01\/ico-video-large-76.png\" alt=\"video\" title=\"ico-video-large-76\"><\/span><\/a><\/div>\n<p><a href=\"https:\/\/www.tvbuzau.ro\/category\/actualitate\/\" class=\"td-post-category\">Actualitate<\/a><\/div>\n<div class=\"item-details\">\n<h3 class=\"entry-title td-module-title\"><a href=\"https:\/\/www.tvbuzau.ro\/final-de-2025-cu-amezi-de-la-itm\/\" rel=\"bookmark\" title=\"Final de 2025 cu amezi de la ITM\">Final de 2025 cu amezi de la ITM<\/a><\/h3>\n<\/div>\n<\/div>\n<\/div>\n<\/div>\n<div class=\"td-related-row\">\n<div class=\"td-related-span4\">\n<div class=\"td_module_related_posts td-animation-stack td_mod_related_posts\">\n<div class=\"td-module-image\">\n<div class=\"td-module-thumb\"><a href=\"https:\/\/www.tvbuzau.ro\/alunecari-de-teren-in-judet\/\" rel=\"bookmark\" title=\"Alunec\u0103ri de teren \u00een jude\u0163\"><img loading=\"lazy\" decoding=\"async\" width=\"218\" height=\"150\" class=\"entry-thumb\" src=\"https:\/\/analyse.optim.biz\/wp-content\/uploads\/2026\/01\/hqdefault-39-218x150-22.jpg\" title=\"Alunec\u0103ri de teren \u00een jude\u0163\"><span class=\"td-video-play-ico\"><img loading=\"lazy\" decoding=\"async\" width=\"40\" height=\"40\" class=\"td-retina\" src=\"https:\/\/analyse.optim.biz\/wp-content\/uploads\/2026\/01\/ico-video-large-76.png\" alt=\"video\" title=\"ico-video-large-76\"><\/span><\/a><\/div>\n<p><a href=\"https:\/\/www.tvbuzau.ro\/category\/actualitate\/\" class=\"td-post-category\">Actualitate<\/a><\/div>\n<div class=\"item-details\">\n<h3 class=\"entry-title td-module-title\"><a href=\"https:\/\/www.tvbuzau.ro\/alunecari-de-teren-in-judet\/\" rel=\"bookmark\" title=\"Alunec\u0103ri de teren \u00een jude\u0163\">Alunec\u0103ri de teren \u00een jude\u0163<\/a><\/h3>\n<\/div>\n<\/div>\n<\/div>\n<div class=\"td-related-span4\">\n<div class=\"td_module_related_posts td-animation-stack td_mod_related_posts\">\n<div class=\"td-module-image\">\n<div class=\"td-module-thumb\"><a href=\"https:\/\/www.tvbuzau.ro\/marcel-ciolacu-a-cerut-audit-extern-la-cj-buzau\/\" rel=\"bookmark\" title=\"Marcel Ciolacu a cerut audit extern la CJ Buz\u0103u\"><img loading=\"lazy\" decoding=\"async\" width=\"218\" height=\"150\" class=\"entry-thumb\" src=\"https:\/\/analyse.optim.biz\/wp-content\/uploads\/2026\/01\/hqdefault-38-218x150-22.jpg\" title=\"Marcel Ciolacu a cerut audit extern la CJ Buz\u0103u\"><span class=\"td-video-play-ico\"><img loading=\"lazy\" decoding=\"async\" width=\"40\" height=\"40\" class=\"td-retina\" src=\"https:\/\/analyse.optim.biz\/wp-content\/uploads\/2026\/01\/ico-video-large-76.png\" alt=\"video\" title=\"ico-video-large-76\"><\/span><\/a><\/div>\n<p><a href=\"https:\/\/www.tvbuzau.ro\/category\/actualitate\/\" class=\"td-post-category\">Actualitate<\/a><\/div>\n<div class=\"item-details\">\n<h3 class=\"entry-title td-module-title\"><a href=\"https:\/\/www.tvbuzau.ro\/marcel-ciolacu-a-cerut-audit-extern-la-cj-buzau\/\" rel=\"bookmark\" title=\"Marcel Ciolacu a cerut audit extern la CJ Buz\u0103u\">Marcel Ciolacu a cerut audit extern la CJ Buz\u0103u<\/a><\/h3>\n<\/div>\n<\/div>\n<\/div>\n<div class=\"td-related-span4\">\n<div class=\"td_module_related_posts td-animation-stack td_mod_related_posts\">\n<div class=\"td-module-image\">\n<div class=\"td-module-thumb\"><a href=\"https:\/\/www.tvbuzau.ro\/dupa-ce-a-fost-in-siberia-buzoianul-cosmin-craciun-a-plecat-in-africa\/\" rel=\"bookmark\" title=\"Dup\u0103 ce a fost \u00een Siberia, buzoianul Cosmin Cr\u0103ciun a plecat \u00een Africa\"><img loading=\"lazy\" decoding=\"async\" width=\"218\" height=\"150\" class=\"entry-thumb\" src=\"https:\/\/analyse.optim.biz\/wp-content\/uploads\/2026\/01\/hqdefault-37-218x150-22.jpg\" title=\"Dup\u0103 ce a fost \u00een Siberia, buzoianul Cosmin Cr\u0103ciun a plecat \u00een Africa\"><span class=\"td-video-play-ico\"><img loading=\"lazy\" decoding=\"async\" width=\"40\" height=\"40\" class=\"td-retina\" src=\"https:\/\/analyse.optim.biz\/wp-content\/uploads\/2026\/01\/ico-video-large-76.png\" alt=\"video\" title=\"ico-video-large-76\"><\/span><\/a><\/div>\n<p><a href=\"https:\/\/www.tvbuzau.ro\/category\/actualitate\/\" class=\"td-post-category\">Actualitate<\/a><\/div>\n<div class=\"item-details\">\n<h3 class=\"entry-title td-module-title\"><a href=\"https:\/\/www.tvbuzau.ro\/dupa-ce-a-fost-in-siberia-buzoianul-cosmin-craciun-a-plecat-in-africa\/\" rel=\"bookmark\" title=\"Dup\u0103 ce a fost \u00een Siberia, buzoianul Cosmin Cr\u0103ciun a plecat \u00een Africa\">Dup\u0103 ce a fost \u00een Siberia, buzoianul Cosmin Cr\u0103ciun a plecat \u00een Africa<\/a><\/h3>\n<\/div>\n<\/div>\n<\/div>\n<\/div>\n<\/div>\n<\/div>\n<div class=\"comments\" id=\"comments\">\n<div id=\"respond\" class=\"comment-respond\">\n<h3 id=\"reply-title\" class=\"comment-reply-title\">L\u0102SA\u021aI UN MESAJ <small><a rel=\"nofollow\" id=\"cancel-comment-reply-link\" href=\"https:\/\/www.tvbuzau.ro\/cel-mai-scazut-somaj-in-municipiul-buzau\/#respond\">Renun\u021ba\u021bi la r\u0103spuns<\/a><\/small><\/h3>\n<\/div>\n<\/div>\n<\/div>\n<div class=\"td-post-content\">\n<div class=\"td-featured-image-rec\">\n<div class=\"wpb_video_wrapper\">\n                    <iframe loading=\"lazy\" id=\"td_youtube_player\" width=\"600\" height=\"560\" src=\"https:\/\/www.youtube.com\/embed\/Z5qdRdw3EIA?enablejsapi=1&amp;feature=oembed&amp;wmode=opaque&amp;vq=hd720\" frameborder allowfullscreen><\/iframe><\/p><\/div>\n<\/div>\n<p>Deficitul de for\u0163\u0103 de munc\u0103, unul cronic<br \/>\n\u00cen ciuda perioadei dificile cu care ne confrunt\u0103m \u00een care o prte dintre angajatori \u015fi-au \u00eenchis por\u0163ile afacerilor ori au ales s\u0103 \u00ee\u015fi restr\u00e2ng\u0103 activitatea, muicipiul Buz\u0103u r\u0103m\u00e2ne cel care \u00eenglobeaz\u0103 cei mai mul\u0163i agaja\u0163i \u015fi angajatori.<br \/>\nCu toate acestea, nevoia de angaja\u0163i este una substan\u0163ial\u0103, \u00een situa\u0163ia \u00een care angajatorii g\u0103sesc cu dificultate personal pentru a-l \u00eencadra. O situa\u0163ie de altfel general\u0103 la nivelul \u00eentregii \u0163\u0103ri.<br \/>\nLa nivelul anului 2025, rata \u015fomajului \u00een anul precedent, rata \u015fomajului a fost \u00een medie de 4 %.<\/p>\n<div class=\"post-views post-117911 entry-meta\"><span class=\"post-views-label\">Post Views: <\/span><span class=\"post-views-count\">64<\/span><\/div>\n<\/div>\n<p> Source URL: https:\/\/www.tvbuzau.ro\/cel-mai-scazut-somaj-in-municipiul-buzau\/<\/p>\n","protected":false},"excerpt":{"rendered":"<p>Actualitate Cel mai sc\u0103zut \u015fomaj \u00een municipiul Buz\u0103u De c\u0103tre TV Buz\u0103u &#8211; ianuarie 30, 2026 0 9 Distribui\u021bi pe Facebook Distribui\u021bi pe Twitter tweet Deficitul de for\u0163\u0103 de munc\u0103, unul cronic \u00cen ciuda perioadei dificile cu care ne confrunt\u0103m \u00een care o prte dintre angajatori \u015fi-au \u00eenchis por\u0163ile afacerilor ori au ales s\u0103 \u00ee\u015fi [&hellip;]<\/p>\n","protected":false},"author":1,"featured_media":1592812,"comment_status":"open","ping_status":"","sticky":false,"template":"","format":"standard","meta":{"footnotes":""},"categories":[2],"tags":[116],"class_list":["post-1592811","post","type-post","status-publish","format-standard","has-post-thumbnail","hentry","category-politics","tag-tvbuzau-ro"],"_links":{"self":[{"href":"https:\/\/analyse.optim.biz\/index.php?rest_route=\/wp\/v2\/posts\/1592811","targetHints":{"allow":["GET"]}}],"collection":[{"href":"https:\/\/analyse.optim.biz\/index.php?rest_route=\/wp\/v2\/posts"}],"about":[{"href":"https:\/\/analyse.optim.biz\/index.php?rest_route=\/wp\/v2\/types\/post"}],"author":[{"embeddable":true,"href":"https:\/\/analyse.optim.biz\/index.php?rest_route=\/wp\/v2\/users\/1"}],"replies":[{"embeddable":true,"href":"https:\/\/analyse.optim.biz\/index.php?rest_route=%2Fwp%2Fv2%2Fcomments&post=1592811"}],"version-history":[{"count":0,"href":"https:\/\/analyse.optim.biz\/index.php?rest_route=\/wp\/v2\/posts\/1592811\/revisions"}],"wp:featuredmedia":[{"embeddable":true,"href":"https:\/\/analyse.optim.biz\/index.php?rest_route=\/wp\/v2\/media\/1592812"}],"wp:attachment":[{"href":"https:\/\/analyse.optim.biz\/index.php?rest_route=%2Fwp%2Fv2%2Fmedia&parent=1592811"}],"wp:term":[{"taxonomy":"category","embeddable":true,"href":"https:\/\/analyse.optim.biz\/index.php?rest_route=%2Fwp%2Fv2%2Fcategories&post=1592811"},{"taxonomy":"post_tag","embeddable":true,"href":"https:\/\/analyse.optim.biz\/index.php?rest_route=%2Fwp%2Fv2%2Ftags&post=1592811"}],"curies":[{"name":"wp","href":"https:\/\/api.w.org\/{rel}","templated":true}]}}