{"id":1592781,"date":"2026-01-30T19:53:02","date_gmt":"2026-01-30T16:53:02","guid":{"rendered":"https:\/\/analyse.optim.biz\/?p=1592781"},"modified":"2026-01-30T19:53:02","modified_gmt":"2026-01-30T16:53:02","slug":"final-de-2025-cu-amezi-de-la-itm","status":"publish","type":"post","link":"https:\/\/analyse.optim.biz\/?p=1592781","title":{"rendered":"Final de 2025 cu amezi de la ITM"},"content":{"rendered":"<div class=\"td-ss-main-content\">\n<article id=\"post-117914\" class=\"post-117914 post type-post status-publish format-video has-post-thumbnail hentry category-actualitate post_format-post-format-video\">\n<div class=\"td-post-header\">\n<ul class=\"td-category\">\n<li class=\"entry-category\"><a href=\"https:\/\/www.tvbuzau.ro\/category\/actualitate\/\">Actualitate<\/a><\/li>\n<\/ul>\n<header class=\"td-post-title\">\n<h1 class=\"entry-title\">Final de 2025 cu amezi de la ITM<\/h1>\n<div class=\"td-module-meta-info\">\n<div class=\"td-post-author-name\">De c\u0103tre <a href=\"https:\/\/www.tvbuzau.ro\/author\/mihai-vasilescu\/\">TV Buz\u0103u<\/a> &#8211; <\/div>\n<p><span class=\"td-post-date\"><time class=\"entry-date updated td-module-date\" datetime=\"2026-01-30T19:53:02+00:00\">ianuarie 30, 2026<\/time><\/span><\/p>\n<div class=\"td-post-comments\"><a href=\"https:\/\/www.tvbuzau.ro\/final-de-2025-cu-amezi-de-la-itm\/#respond\">0<\/a><\/div>\n<div class=\"td-post-views\"><span class=\"td-nr-views-117914\">15<\/span><\/div>\n<\/div>\n<\/header>\n<\/div>\n<div class=\"td-post-sharing td-post-sharing-top td-with-like\">\n<div class=\"td-default-sharing\"><a class=\"td-social-sharing-buttons td-social-facebook\" href=\"http:\/\/www.facebook.com\/sharer.php?u=https%3A%2F%2Fwww.tvbuzau.ro%2Ffinal-de-2025-cu-amezi-de-la-itm%2F\"><\/p>\n<div class=\"td-social-but-text\">Distribui\u021bi pe Facebook<\/div>\n<p><\/a><a class=\"td-social-sharing-buttons td-social-twitter\" href=\"https:\/\/twitter.com\/intent\/tweet?text=Final+de+2025+cu+amezi+de+la+ITM&amp;url=https%3A%2F%2Fwww.tvbuzau.ro%2Ffinal-de-2025-cu-amezi-de-la-itm%2F&amp;via=TV+Buz%C4%83u\"><\/p>\n<div class=\"td-social-but-text\">Distribui\u021bi pe Twitter<\/div>\n<p><\/a><\/div>\n<div class=\"td-classic-sharing\">\n<ul>\n<li class=\"td-classic-facebook\"><iframe frameborder src=\"https:\/\/www.facebook.com\/plugins\/like.php?href=https:\/\/www.tvbuzau.ro\/final-de-2025-cu-amezi-de-la-itm\/&amp;layout=button_count&amp;show_faces=false&amp;width=105&amp;action=like&amp;colorscheme=light&amp;height=21\"><\/iframe><\/li>\n<li class=\"td-classic-twitter\"><a href=\"https:\/\/twitter.com\/share\" class=\"twitter-share-button\" data-url=\"https:\/\/www.tvbuzau.ro\/final-de-2025-cu-amezi-de-la-itm\/\" data-text=\"Final de 2025 cu amezi de la ITM\" data-via data-lang=\"en\">tweet<\/a><\/li>\n<\/ul>\n<\/div>\n<\/div>\n<div class=\"td-post-content\">\n<div class=\"td-featured-image-rec\">\n<div class=\"wpb_video_wrapper\">\n                    <iframe loading=\"lazy\" id=\"td_youtube_player\" width=\"600\" height=\"560\" src=\"https:\/\/www.youtube.com\/embed\/PoB2AqvRf38?enablejsapi=1&amp;feature=oembed&amp;wmode=opaque&amp;vq=hd720\" frameborder allowfullscreen><\/iframe><\/p><\/div>\n<\/div>\n<p>Controale  \u00een domeniul rela\u0163iilor de munc\u0103<br \/>\nInspectoratul Teritorial de Munc\u0103 Buz\u0103u, a  efectuat ac\u0163iuni de control \u00een  luna decembrie 2025  av\u00e2nd ca obiectiv verificarea modului \u00een care angajatorii respect\u0103 prevederile legisla\u0163iei \u00een vigoare \u00een domeniul rela\u0163iilor de munc\u0103. Au fost efectuate<\/p>\n<p>ITM Buz\u0103u<br \/>\n\u201e91 controale la agen\u0163i economici din jude\u0163ul Buz\u0103u; au fost sanc\u0163iona\u0163i 9 angajatori \u015fi  s-au aplicat 12 sanc\u0163iuni contraven\u0163ionale (6 amenzi contraven\u0163ionale \u00een cuantum de 24.500 lei \u015fi  6 avertismente; s-au dispus 287 m\u0103suri cu termene concrete de realizare pentru remedierea   neconformit\u0103\u0163ilor constatate de inspectorii de munc\u0103\u201d, informeaz\u0103 ITM Buz\u0103u.<br \/>\n\u00cen luna decembrie 2025, la Inspectoratul Teritorial de Munc\u0103 Buz\u0103u au fost \u00eenregistrate 30 de peti\u021bii \u00een domeniul rela\u021biilor de munc\u0103. Au fost reclamate aspecte referitoare la neacordarea drepturilor b\u0103ne\u0219ti, nereguli privind timpul de munc\u0103 \u0219i timpul de odihn\u0103, cazuri de munc\u0103 nedeclarat\u0103 sau alte aspecte din domeniul rela\u021biilor de munc\u0103. Pentru identificarea \u0219i combaterea muncii nedeclate \u0219i subdeclarate, Inspectoratul Teritorial de Munca Buz\u0103u a intensificat  ac\u021biunile de control \u00een jude\u021bul Buz\u0103u menite s\u0103 conduc\u0103 la diminuarea consecin\u0163elor juridice, sociale \u015fi economice ce decurg din fenomenul muncii nedeclarate \u015fi subdeclarate, un fenomen care afecteaz\u0103 grav drepturile angaja\u021bilor \u0219i concuren\u021ba loial\u0103 pe pia\u021ba muncii.<\/p>\n<p>ITM Buz\u0103u<br \/>\n\u201cAstfel, \u00een luna decembrie 2025 a fost identificat  1  angajator care, a primit la munc\u0103 o persoan\u0103 cu dep\u0103\u0219irea timpului de munc\u0103 stabilit \u00een cadrul contractului  individual  de munc\u0103 cu timp par\u021bial. Fapta angajatorului \u2026 a fost sanc\u021bionat\u0103 de inspectorii de munc\u0103 prin aplicarea de amenzi \u00een cuantum de 10.000 lei si s-au dispus m\u0103suri obligatorii de respectare a prevederilor legale \u00een vigoare\u201d, arat\u0103 institu\u0163ia.<\/p>\n<p>Combaterea muncii nedeclarate ram\u00e2ne o prioritate pentru Inspectoratul Teritorial de Munc\u0103 Buz\u0103u, care va intensifica ac\u021biunile de verificare \u00een toate domeniile de activitate \u0219i va intreprinde toate demersurile \u00een vederea aplic\u0103rii unitare de c\u0103tre angajatori a prevederilor legale \u00een domeniul rela\u021biilor de munc\u0103.<\/p>\n<div class=\"post-views post-117914 entry-meta\"><span class=\"post-views-label\">Post Views: <\/span><span class=\"post-views-count\">93<\/span><\/div>\n<\/div>\n<footer>\n<div class=\"td-post-sharing td-post-sharing-bottom td-with-like\"><span class=\"td-post-share-title\">DISTRIBUI\u021aI<\/span><\/p>\n<div class=\"td-default-sharing\"><a class=\"td-social-sharing-buttons td-social-facebook\" href=\"http:\/\/www.facebook.com\/sharer.php?u=https%3A%2F%2Fwww.tvbuzau.ro%2Ffinal-de-2025-cu-amezi-de-la-itm%2F\"><\/p>\n<div class=\"td-social-but-text\">Facebook<\/div>\n<p><\/a><a class=\"td-social-sharing-buttons td-social-twitter\" href=\"https:\/\/twitter.com\/intent\/tweet?text=Final+de+2025+cu+amezi+de+la+ITM&amp;url=https%3A%2F%2Fwww.tvbuzau.ro%2Ffinal-de-2025-cu-amezi-de-la-itm%2F&amp;via=TV+Buz%C4%83u\"><\/p>\n<div class=\"td-social-but-text\">Twitter<\/div>\n<p><\/a><\/div>\n<div class=\"td-classic-sharing\">\n<ul>\n<li class=\"td-classic-facebook\"><iframe frameborder src=\"https:\/\/www.facebook.com\/plugins\/like.php?href=https:\/\/www.tvbuzau.ro\/final-de-2025-cu-amezi-de-la-itm\/&amp;layout=button_count&amp;show_faces=false&amp;width=105&amp;action=like&amp;colorscheme=light&amp;height=21\"><\/iframe><\/li>\n<li class=\"td-classic-twitter\"><a href=\"https:\/\/twitter.com\/share\" class=\"twitter-share-button\" data-url=\"https:\/\/www.tvbuzau.ro\/final-de-2025-cu-amezi-de-la-itm\/\" data-text=\"Final de 2025 cu amezi de la ITM\" data-via data-lang=\"en\">tweet<\/a><\/li>\n<\/ul>\n<\/div>\n<\/div>\n<div class=\"td-author-name vcard author\"><span class=\"fn\"><a href=\"https:\/\/www.tvbuzau.ro\/author\/mihai-vasilescu\/\">TV Buz\u0103u<\/a><\/span><\/div>\n<p><span><\/span><span><span><\/span><\/span><span><\/span><\/footer>\n<\/article>\n<div class=\"td_block_wrap td_block_related_posts td_uid_1_697d279eb60fe_rand td_with_ajax_pagination td-pb-border-top\" data-td-block-uid=\"td_uid_1_697d279eb60fe\">\n<h4 class=\"td-related-title\"><a id=\"td_uid_2_697d279ebb246\" class=\"td-related-left td-cur-simple-item\" data-td_filter_value data-td_block_id=\"td_uid_1_697d279eb60fe\" href=\"https:\/\/www.tvbuzau.ro\/final-de-2025-cu-amezi-de-la-itm\/\">ARTICOLE SIMILARE<\/a><a id=\"td_uid_3_697d279ebb280\" class=\"td-related-right\" data-td_filter_value=\"td_related_more_from_author\" data-td_block_id=\"td_uid_1_697d279eb60fe\" href=\"https:\/\/www.tvbuzau.ro\/final-de-2025-cu-amezi-de-la-itm\/\">DE LA ACELA\u0218I AUTOR<\/a><\/h4>\n<div id=\"td_uid_1_697d279eb60fe\" class=\"td_block_inner\">\n<div class=\"td-related-row\">\n<div class=\"td-related-span4\">\n<div class=\"td_module_related_posts td-animation-stack td_mod_related_posts\">\n<div class=\"td-module-image\">\n<div class=\"td-module-thumb\"><a href=\"https:\/\/www.tvbuzau.ro\/demersuri-pentru-un-consortiu-de-sanatate-la-buzau\/\" rel=\"bookmark\" title=\"Demersuri pentru un consor\u0163iu de s\u0103n\u0103tate la Buz\u0103u\"><img loading=\"lazy\" decoding=\"async\" width=\"218\" height=\"150\" class=\"entry-thumb\" src=\"https:\/\/analyse.optim.biz\/wp-content\/uploads\/2026\/01\/hqdefault-41-218x150-2.jpg\" title=\"Demersuri pentru un consor\u0163iu de s\u0103n\u0103tate la Buz\u0103u\"><span class=\"td-video-play-ico\"><img loading=\"lazy\" decoding=\"async\" width=\"40\" height=\"40\" class=\"td-retina\" src=\"https:\/\/analyse.optim.biz\/wp-content\/uploads\/2026\/01\/ico-video-large-75.png\" alt=\"video\" title=\"ico-video-large-75\"><\/span><\/a><\/div>\n<p><a href=\"https:\/\/www.tvbuzau.ro\/category\/actualitate\/\" class=\"td-post-category\">Actualitate<\/a><\/div>\n<div class=\"item-details\">\n<h3 class=\"entry-title td-module-title\"><a href=\"https:\/\/www.tvbuzau.ro\/demersuri-pentru-un-consortiu-de-sanatate-la-buzau\/\" rel=\"bookmark\" title=\"Demersuri pentru un consor\u0163iu de s\u0103n\u0103tate la Buz\u0103u\">Demersuri pentru un consor\u0163iu de s\u0103n\u0103tate la Buz\u0103u<\/a><\/h3>\n<\/div>\n<\/div>\n<\/div>\n<div class=\"td-related-span4\">\n<div class=\"td_module_related_posts td-animation-stack td_mod_related_posts\">\n<div class=\"td-module-image\">\n<div class=\"td-module-thumb\"><a href=\"https:\/\/www.tvbuzau.ro\/mii-de-obiecte-vor-fi-tratate-cu-aparatul-de-anoxie-al-muzeului-judetean\/\" rel=\"bookmark\" title=\"Mii de obiecte vor fi tratate cu aparatul de anoxie al Muzeului Jude\u0163ean\"><img loading=\"lazy\" decoding=\"async\" width=\"218\" height=\"150\" class=\"entry-thumb\" src=\"https:\/\/analyse.optim.biz\/wp-content\/uploads\/2026\/01\/hqdefault-40-218x150-2.jpg\" title=\"Mii de obiecte vor fi tratate cu aparatul de anoxie al Muzeului Jude\u0163ean\"><span class=\"td-video-play-ico\"><img loading=\"lazy\" decoding=\"async\" width=\"40\" height=\"40\" class=\"td-retina\" src=\"https:\/\/analyse.optim.biz\/wp-content\/uploads\/2026\/01\/ico-video-large-75.png\" alt=\"video\" title=\"ico-video-large-75\"><\/span><\/a><\/div>\n<p><a href=\"https:\/\/www.tvbuzau.ro\/category\/actualitate\/\" class=\"td-post-category\">Actualitate<\/a><\/div>\n<div class=\"item-details\">\n<h3 class=\"entry-title td-module-title\"><a href=\"https:\/\/www.tvbuzau.ro\/mii-de-obiecte-vor-fi-tratate-cu-aparatul-de-anoxie-al-muzeului-judetean\/\" rel=\"bookmark\" title=\"Mii de obiecte vor fi tratate cu aparatul de anoxie al Muzeului Jude\u0163ean\">Mii de obiecte vor fi tratate cu aparatul de anoxie al Muzeului Jude\u0163ean<\/a><\/h3>\n<\/div>\n<\/div>\n<\/div>\n<div class=\"td-related-span4\">\n<div class=\"td_module_related_posts td-animation-stack td_mod_related_posts\">\n<div class=\"td-module-image\">\n<div class=\"td-module-thumb\"><a href=\"https:\/\/www.tvbuzau.ro\/cel-mai-scazut-somaj-in-municipiul-buzau\/\" rel=\"bookmark\" title=\"Cel mai sc\u0103zut \u015fomaj \u00een municipiul Buz\u0103u\"><img loading=\"lazy\" decoding=\"async\" width=\"218\" height=\"150\" class=\"entry-thumb\" src=\"https:\/\/analyse.optim.biz\/wp-content\/uploads\/2026\/01\/sddefault-42-218x150-3.jpg\" title=\"Cel mai sc\u0103zut \u015fomaj \u00een municipiul Buz\u0103u\"><span class=\"td-video-play-ico\"><img loading=\"lazy\" decoding=\"async\" width=\"40\" height=\"40\" class=\"td-retina\" src=\"https:\/\/analyse.optim.biz\/wp-content\/uploads\/2026\/01\/ico-video-large-75.png\" alt=\"video\" title=\"ico-video-large-75\"><\/span><\/a><\/div>\n<p><a href=\"https:\/\/www.tvbuzau.ro\/category\/actualitate\/\" class=\"td-post-category\">Actualitate<\/a><\/div>\n<div class=\"item-details\">\n<h3 class=\"entry-title td-module-title\"><a href=\"https:\/\/www.tvbuzau.ro\/cel-mai-scazut-somaj-in-municipiul-buzau\/\" rel=\"bookmark\" title=\"Cel mai sc\u0103zut \u015fomaj \u00een municipiul Buz\u0103u\">Cel mai sc\u0103zut \u015fomaj \u00een municipiul Buz\u0103u<\/a><\/h3>\n<\/div>\n<\/div>\n<\/div>\n<\/div>\n<div class=\"td-related-row\">\n<div class=\"td-related-span4\">\n<div class=\"td_module_related_posts td-animation-stack td_mod_related_posts\">\n<div class=\"td-module-image\">\n<div class=\"td-module-thumb\"><a href=\"https:\/\/www.tvbuzau.ro\/alunecari-de-teren-in-judet\/\" rel=\"bookmark\" title=\"Alunec\u0103ri de teren \u00een jude\u0163\"><img loading=\"lazy\" decoding=\"async\" width=\"218\" height=\"150\" class=\"entry-thumb\" src=\"https:\/\/analyse.optim.biz\/wp-content\/uploads\/2026\/01\/hqdefault-39-218x150-21.jpg\" title=\"Alunec\u0103ri de teren \u00een jude\u0163\"><span class=\"td-video-play-ico\"><img loading=\"lazy\" decoding=\"async\" width=\"40\" height=\"40\" class=\"td-retina\" src=\"https:\/\/analyse.optim.biz\/wp-content\/uploads\/2026\/01\/ico-video-large-75.png\" alt=\"video\" title=\"ico-video-large-75\"><\/span><\/a><\/div>\n<p><a href=\"https:\/\/www.tvbuzau.ro\/category\/actualitate\/\" class=\"td-post-category\">Actualitate<\/a><\/div>\n<div class=\"item-details\">\n<h3 class=\"entry-title td-module-title\"><a href=\"https:\/\/www.tvbuzau.ro\/alunecari-de-teren-in-judet\/\" rel=\"bookmark\" title=\"Alunec\u0103ri de teren \u00een jude\u0163\">Alunec\u0103ri de teren \u00een jude\u0163<\/a><\/h3>\n<\/div>\n<\/div>\n<\/div>\n<div class=\"td-related-span4\">\n<div class=\"td_module_related_posts td-animation-stack td_mod_related_posts\">\n<div class=\"td-module-image\">\n<div class=\"td-module-thumb\"><a href=\"https:\/\/www.tvbuzau.ro\/marcel-ciolacu-a-cerut-audit-extern-la-cj-buzau\/\" rel=\"bookmark\" title=\"Marcel Ciolacu a cerut audit extern la CJ Buz\u0103u\"><img loading=\"lazy\" decoding=\"async\" width=\"218\" height=\"150\" class=\"entry-thumb\" src=\"https:\/\/analyse.optim.biz\/wp-content\/uploads\/2026\/01\/hqdefault-38-218x150-21.jpg\" title=\"Marcel Ciolacu a cerut audit extern la CJ Buz\u0103u\"><span class=\"td-video-play-ico\"><img loading=\"lazy\" decoding=\"async\" width=\"40\" height=\"40\" class=\"td-retina\" src=\"https:\/\/analyse.optim.biz\/wp-content\/uploads\/2026\/01\/ico-video-large-75.png\" alt=\"video\" title=\"ico-video-large-75\"><\/span><\/a><\/div>\n<p><a href=\"https:\/\/www.tvbuzau.ro\/category\/actualitate\/\" class=\"td-post-category\">Actualitate<\/a><\/div>\n<div class=\"item-details\">\n<h3 class=\"entry-title td-module-title\"><a href=\"https:\/\/www.tvbuzau.ro\/marcel-ciolacu-a-cerut-audit-extern-la-cj-buzau\/\" rel=\"bookmark\" title=\"Marcel Ciolacu a cerut audit extern la CJ Buz\u0103u\">Marcel Ciolacu a cerut audit extern la CJ Buz\u0103u<\/a><\/h3>\n<\/div>\n<\/div>\n<\/div>\n<div class=\"td-related-span4\">\n<div class=\"td_module_related_posts td-animation-stack td_mod_related_posts\">\n<div class=\"td-module-image\">\n<div class=\"td-module-thumb\"><a href=\"https:\/\/www.tvbuzau.ro\/dupa-ce-a-fost-in-siberia-buzoianul-cosmin-craciun-a-plecat-in-africa\/\" rel=\"bookmark\" title=\"Dup\u0103 ce a fost \u00een Siberia, buzoianul Cosmin Cr\u0103ciun a plecat \u00een Africa\"><img loading=\"lazy\" decoding=\"async\" width=\"218\" height=\"150\" class=\"entry-thumb\" src=\"https:\/\/analyse.optim.biz\/wp-content\/uploads\/2026\/01\/hqdefault-37-218x150-21.jpg\" title=\"Dup\u0103 ce a fost \u00een Siberia, buzoianul Cosmin Cr\u0103ciun a plecat \u00een Africa\"><span class=\"td-video-play-ico\"><img loading=\"lazy\" decoding=\"async\" width=\"40\" height=\"40\" class=\"td-retina\" src=\"https:\/\/analyse.optim.biz\/wp-content\/uploads\/2026\/01\/ico-video-large-75.png\" alt=\"video\" title=\"ico-video-large-75\"><\/span><\/a><\/div>\n<p><a href=\"https:\/\/www.tvbuzau.ro\/category\/actualitate\/\" class=\"td-post-category\">Actualitate<\/a><\/div>\n<div class=\"item-details\">\n<h3 class=\"entry-title td-module-title\"><a href=\"https:\/\/www.tvbuzau.ro\/dupa-ce-a-fost-in-siberia-buzoianul-cosmin-craciun-a-plecat-in-africa\/\" rel=\"bookmark\" title=\"Dup\u0103 ce a fost \u00een Siberia, buzoianul Cosmin Cr\u0103ciun a plecat \u00een Africa\">Dup\u0103 ce a fost \u00een Siberia, buzoianul Cosmin Cr\u0103ciun a plecat \u00een Africa<\/a><\/h3>\n<\/div>\n<\/div>\n<\/div>\n<\/div>\n<\/div>\n<\/div>\n<div class=\"comments\" id=\"comments\">\n<div id=\"respond\" class=\"comment-respond\">\n<h3 id=\"reply-title\" class=\"comment-reply-title\">L\u0102SA\u021aI UN MESAJ <small><a rel=\"nofollow\" id=\"cancel-comment-reply-link\" href=\"https:\/\/www.tvbuzau.ro\/final-de-2025-cu-amezi-de-la-itm\/#respond\">Renun\u021ba\u021bi la r\u0103spuns<\/a><\/small><\/h3>\n<\/div>\n<\/div>\n<\/div>\n<div class=\"td-post-content\">\n<div class=\"td-featured-image-rec\">\n<div class=\"wpb_video_wrapper\">\n                    <iframe loading=\"lazy\" id=\"td_youtube_player\" width=\"600\" height=\"560\" src=\"https:\/\/www.youtube.com\/embed\/PoB2AqvRf38?enablejsapi=1&amp;feature=oembed&amp;wmode=opaque&amp;vq=hd720\" frameborder allowfullscreen><\/iframe><\/p><\/div>\n<\/div>\n<p>Controale  \u00een domeniul rela\u0163iilor de munc\u0103<br \/>\nInspectoratul Teritorial de Munc\u0103 Buz\u0103u, a  efectuat ac\u0163iuni de control \u00een  luna decembrie 2025  av\u00e2nd ca obiectiv verificarea modului \u00een care angajatorii respect\u0103 prevederile legisla\u0163iei \u00een vigoare \u00een domeniul rela\u0163iilor de munc\u0103. Au fost efectuate<\/p>\n<p>ITM Buz\u0103u<br \/>\n\u201e91 controale la agen\u0163i economici din jude\u0163ul Buz\u0103u; au fost sanc\u0163iona\u0163i 9 angajatori \u015fi  s-au aplicat 12 sanc\u0163iuni contraven\u0163ionale (6 amenzi contraven\u0163ionale \u00een cuantum de 24.500 lei \u015fi  6 avertismente; s-au dispus 287 m\u0103suri cu termene concrete de realizare pentru remedierea   neconformit\u0103\u0163ilor constatate de inspectorii de munc\u0103\u201d, informeaz\u0103 ITM Buz\u0103u.<br \/>\n\u00cen luna decembrie 2025, la Inspectoratul Teritorial de Munc\u0103 Buz\u0103u au fost \u00eenregistrate 30 de peti\u021bii \u00een domeniul rela\u021biilor de munc\u0103. Au fost reclamate aspecte referitoare la neacordarea drepturilor b\u0103ne\u0219ti, nereguli privind timpul de munc\u0103 \u0219i timpul de odihn\u0103, cazuri de munc\u0103 nedeclarat\u0103 sau alte aspecte din domeniul rela\u021biilor de munc\u0103. Pentru identificarea \u0219i combaterea muncii nedeclate \u0219i subdeclarate, Inspectoratul Teritorial de Munca Buz\u0103u a intensificat  ac\u021biunile de control \u00een jude\u021bul Buz\u0103u menite s\u0103 conduc\u0103 la diminuarea consecin\u0163elor juridice, sociale \u015fi economice ce decurg din fenomenul muncii nedeclarate \u015fi subdeclarate, un fenomen care afecteaz\u0103 grav drepturile angaja\u021bilor \u0219i concuren\u021ba loial\u0103 pe pia\u021ba muncii.<\/p>\n<p>ITM Buz\u0103u<br \/>\n\u201cAstfel, \u00een luna decembrie 2025 a fost identificat  1  angajator care, a primit la munc\u0103 o persoan\u0103 cu dep\u0103\u0219irea timpului de munc\u0103 stabilit \u00een cadrul contractului  individual  de munc\u0103 cu timp par\u021bial. Fapta angajatorului \u2026 a fost sanc\u021bionat\u0103 de inspectorii de munc\u0103 prin aplicarea de amenzi \u00een cuantum de 10.000 lei si s-au dispus m\u0103suri obligatorii de respectare a prevederilor legale \u00een vigoare\u201d, arat\u0103 institu\u0163ia.<\/p>\n<p>Combaterea muncii nedeclarate ram\u00e2ne o prioritate pentru Inspectoratul Teritorial de Munc\u0103 Buz\u0103u, care va intensifica ac\u021biunile de verificare \u00een toate domeniile de activitate \u0219i va intreprinde toate demersurile \u00een vederea aplic\u0103rii unitare de c\u0103tre angajatori a prevederilor legale \u00een domeniul rela\u021biilor de munc\u0103.<\/p>\n<div class=\"post-views post-117914 entry-meta\"><span class=\"post-views-label\">Post Views: <\/span><span class=\"post-views-count\">93<\/span><\/div>\n<\/div>\n<p> Source URL: https:\/\/www.tvbuzau.ro\/final-de-2025-cu-amezi-de-la-itm\/<\/p>\n","protected":false},"excerpt":{"rendered":"<p>Actualitate Final de 2025 cu amezi de la ITM De c\u0103tre TV Buz\u0103u &#8211; ianuarie 30, 2026 0 15 Distribui\u021bi pe Facebook Distribui\u021bi pe Twitter tweet Controale \u00een domeniul rela\u0163iilor de munc\u0103 Inspectoratul Teritorial de Munc\u0103 Buz\u0103u, a efectuat ac\u0163iuni de control \u00een luna decembrie 2025 av\u00e2nd ca obiectiv verificarea modului \u00een care angajatorii respect\u0103 [&hellip;]<\/p>\n","protected":false},"author":1,"featured_media":1592784,"comment_status":"open","ping_status":"","sticky":false,"template":"","format":"standard","meta":{"footnotes":""},"categories":[2],"tags":[116],"class_list":["post-1592781","post","type-post","status-publish","format-standard","has-post-thumbnail","hentry","category-politics","tag-tvbuzau-ro"],"_links":{"self":[{"href":"https:\/\/analyse.optim.biz\/index.php?rest_route=\/wp\/v2\/posts\/1592781","targetHints":{"allow":["GET"]}}],"collection":[{"href":"https:\/\/analyse.optim.biz\/index.php?rest_route=\/wp\/v2\/posts"}],"about":[{"href":"https:\/\/analyse.optim.biz\/index.php?rest_route=\/wp\/v2\/types\/post"}],"author":[{"embeddable":true,"href":"https:\/\/analyse.optim.biz\/index.php?rest_route=\/wp\/v2\/users\/1"}],"replies":[{"embeddable":true,"href":"https:\/\/analyse.optim.biz\/index.php?rest_route=%2Fwp%2Fv2%2Fcomments&post=1592781"}],"version-history":[{"count":0,"href":"https:\/\/analyse.optim.biz\/index.php?rest_route=\/wp\/v2\/posts\/1592781\/revisions"}],"wp:featuredmedia":[{"embeddable":true,"href":"https:\/\/analyse.optim.biz\/index.php?rest_route=\/wp\/v2\/media\/1592784"}],"wp:attachment":[{"href":"https:\/\/analyse.optim.biz\/index.php?rest_route=%2Fwp%2Fv2%2Fmedia&parent=1592781"}],"wp:term":[{"taxonomy":"category","embeddable":true,"href":"https:\/\/analyse.optim.biz\/index.php?rest_route=%2Fwp%2Fv2%2Fcategories&post=1592781"},{"taxonomy":"post_tag","embeddable":true,"href":"https:\/\/analyse.optim.biz\/index.php?rest_route=%2Fwp%2Fv2%2Ftags&post=1592781"}],"curies":[{"name":"wp","href":"https:\/\/api.w.org\/{rel}","templated":true}]}}