{"id":159101,"date":"2016-09-26T09:11:21","date_gmt":"2016-09-26T06:11:21","guid":{"rendered":"https:\/\/analyse.optim.biz\/?p=159101"},"modified":"2016-09-26T09:11:21","modified_gmt":"2016-09-26T06:11:21","slug":"nicusor-dan-pru-este-o-gluma","status":"publish","type":"post","link":"https:\/\/analyse.optim.biz\/?p=159101","title":{"rendered":"Nicu\u0219or Dan: PRU este o glum\u0103"},"content":{"rendered":"<div class=\"entry data-app-meta data-app-meta-article\" data-embed-base-url-canonical=\"https:\/\/www.digi24.ro\/embed\/stiri\/actualitate\/politica\/nicusor-dan-pru-este-o-gluma-574399\">\n<p data-index=\"1\"><strong>Nicu\u0219or Dan a vorbit, la Digi24, despre guvernul din umbr\u0103 anun\u021bat de PRU, \u00een care Victor Ponta ar fi premier, de\u0219i ar candida pe listele PSD, iar liderul forma\u021biunii, Bogdan Diaconu, ar fi ministrul Internelor.<\/strong><\/p>\n<p data-index=\"2\">\u201eAcest partid e o glum\u0103. Domnul acesta&#8230; \u00eent\u00e2mpl\u0103tor am fost colegi \u00een campania electoral\u0103 pentru Prim\u0103ria Bucure\u0219tiului \u0219i \u00eei ataca exact pe oamenii \u0103\u0219tia, spunea c\u0103 sunt din vechile partide \u0219i c\u0103 el vrea s\u0103 vin\u0103 s\u0103 fac\u0103 o alt\u0103 politic\u0103 \u0219i acum \u00eei prime\u0219te. Oricine vrea un loc \u00eel g\u0103se\u0219ti pe listele acestui partid\u201d, a declarat Nicu\u0219or Dan.<\/p>\n<p data-index=\"3\"><a href=\"https:\/\/www.digi24.ro\/stiri\/actualitate\/politica\/propunerile-pru-pentru-guvern-ponta-premier-sebastian-ghita-mirel-palada-si-mihai-sturzu-ministri-574104\" target=\"_blank\" data-skip-linkfix=\"1\" rel=\"noopener\">Bogdan Diaconu a anun\u021bat, duminic\u0103<\/a>,\u00a0componen\u0163a Guvernului pe care \u00eel propune, cu Victor Ponta \u00een func\u0163ia de premier \u015fi el ca ministru de Interne, Sebastian Ghi\u0163\u0103 urm\u00e2nd s\u0103 fie ministru al Comunica\u0163iilor, Mirel Palada ministru al Muncii \u015fi Mihai Sturzu ministru al Culturii.<\/p>\n<\/div>\n<p> Source URL: https:\/\/www.digi24.ro\/stiri\/actualitate\/politica\/nicusor-dan-pru-este-o-gluma-574399<\/p>\n","protected":false},"excerpt":{"rendered":"<p>Nicu\u0219or Dan a vorbit, la Digi24, despre guvernul din umbr\u0103 anun\u021bat de PRU, \u00een care Victor Ponta ar fi premier, de\u0219i ar candida pe listele PSD, iar liderul forma\u021biunii, Bogdan Diaconu, ar fi ministrul Internelor. \u201eAcest partid e o glum\u0103. Domnul acesta&#8230; \u00eent\u00e2mpl\u0103tor am fost colegi \u00een campania electoral\u0103 pentru Prim\u0103ria Bucure\u0219tiului \u0219i \u00eei ataca [&hellip;]<\/p>\n","protected":false},"author":1,"featured_media":159102,"comment_status":"open","ping_status":"","sticky":false,"template":"","format":"standard","meta":{"footnotes":""},"categories":[2],"tags":[11],"class_list":["post-159101","post","type-post","status-publish","format-standard","has-post-thumbnail","hentry","category-politics","tag-digi24"],"_links":{"self":[{"href":"https:\/\/analyse.optim.biz\/index.php?rest_route=\/wp\/v2\/posts\/159101","targetHints":{"allow":["GET"]}}],"collection":[{"href":"https:\/\/analyse.optim.biz\/index.php?rest_route=\/wp\/v2\/posts"}],"about":[{"href":"https:\/\/analyse.optim.biz\/index.php?rest_route=\/wp\/v2\/types\/post"}],"author":[{"embeddable":true,"href":"https:\/\/analyse.optim.biz\/index.php?rest_route=\/wp\/v2\/users\/1"}],"replies":[{"embeddable":true,"href":"https:\/\/analyse.optim.biz\/index.php?rest_route=%2Fwp%2Fv2%2Fcomments&post=159101"}],"version-history":[{"count":0,"href":"https:\/\/analyse.optim.biz\/index.php?rest_route=\/wp\/v2\/posts\/159101\/revisions"}],"wp:featuredmedia":[{"embeddable":true,"href":"https:\/\/analyse.optim.biz\/index.php?rest_route=\/wp\/v2\/media\/159102"}],"wp:attachment":[{"href":"https:\/\/analyse.optim.biz\/index.php?rest_route=%2Fwp%2Fv2%2Fmedia&parent=159101"}],"wp:term":[{"taxonomy":"category","embeddable":true,"href":"https:\/\/analyse.optim.biz\/index.php?rest_route=%2Fwp%2Fv2%2Fcategories&post=159101"},{"taxonomy":"post_tag","embeddable":true,"href":"https:\/\/analyse.optim.biz\/index.php?rest_route=%2Fwp%2Fv2%2Ftags&post=159101"}],"curies":[{"name":"wp","href":"https:\/\/api.w.org\/{rel}","templated":true}]}}