{"id":159090,"date":"2016-09-26T09:27:12","date_gmt":"2016-09-26T06:27:12","guid":{"rendered":"https:\/\/analyse.optim.biz\/?p=159090"},"modified":"2016-09-26T09:27:12","modified_gmt":"2016-09-26T06:27:12","slug":"gabriel-oprea-asteptat-sa-si-depuna-demisia-in-parlament","status":"publish","type":"post","link":"https:\/\/analyse.optim.biz\/?p=159090","title":{"rendered":"Gabriel Oprea, a\u0219teptat s\u0103-\u0219i depun\u0103 demisia \u00een Parlament"},"content":{"rendered":"<div class=\"entry data-app-meta data-app-meta-article\" data-embed-base-url-canonical=\"https:\/\/www.digi24.ro\/embed\/stiri\/actualitate\/politica\/gabriel-oprea-asteptat-sa-si-depuna-demisia-in-parlament-574397\">\n<p data-index=\"1\">Gabriel Oprea \u015fi-ar putea depune ast\u0103zi demisia din Parlament.\u00a0Conform Regulamentului, fostul ministru al Internelor trebuie s\u0103 anun\u0163e demisia \u015fi de la tribuna Senatului.<\/p>\n<p data-index=\"2\">Av\u00e2nd \u00een vedere calitatea de fost ministru a lui Gabriel Oprea, dup\u0103 ce Senatul va lua act de demisie, procurorii anticorup\u0163ie \u00eei pot cere \u015fefului statului aviz pentru \u00eenceperea urm\u0103ririi penale \u00een dosarul mor\u0163ii poli\u0163istului Bogdan Gigin\u0103.<\/p>\n<p data-index=\"3\">Cererea trimis\u0103 Senatului a fost respins\u0103 de plen s\u0103pt\u0103m\u00e2na trecut\u0103. 73 de senatori au votat \u00eempotriv\u0103 \u015fi doar 45 \u201epentru\u201d. Dosarul prin care DNA cere urm\u0103rirea penal\u0103 a lui Gabriel Oprea con\u0163ine 28 volume.<\/p>\n<p data-index=\"4\">Fostul ministru de Interne Gabriel Oprea a anun\u021bat c\u0103 nu se ascunde \u00een spatele imunit\u0103\u021bii pe care i-o asigur\u0103 statulul de parlamentar \u0219i prin urmare renun\u021b\u0103 la mandatul de senator. Ar urma s\u0103 fac\u0103 acest lucru s\u0103pt\u0103m\u00e2na aceasta, dup\u0103 cum a anun\u021bat senatorul pe pagina sa de Facebook.<\/p>\n<p data-index=\"5\">\u201eNu m\u0103 ascund \u00een spatele niciunei imunit\u0103\u021bi \u0219i, la fel ca familia Gigin\u0103, doresc adev\u0103rul despre acel accident. \u00cen\u021beleg c\u0103 sunt opinii juridice divergente cu privire la posibilitatea relu\u0103rii votului. Prin urmare, ca s\u0103 nu mai existe vreo \u00eendoial\u0103, v\u0103 anun\u021b c\u0103 demisionez din Senatul Rom\u00e2niei\u201d, a scris senatorul pe Facebook.<\/p>\n<p data-index=\"6\">Solu\u0163ia \u00eei fusese recomandat\u0103 \u015fi de pre\u015fedintele Klaus Iohannis, \u00eengrijorat de protestele oamenilor nemul\u0163umi\u0163i c\u0103 parlamentarii blocheaz\u0103 anchetele penale.<\/p>\n<p data-index=\"7\">\u201e<span lang=\"ro-RO\">Pe bun\u0103 dreptate. Oamenii sunt revolta\u021bi. Adic\u0103 cum \u00ee\u015fi permit s\u0103 protejeze pe cineva printr-un vot? S\u0103 demisioneze, dac\u0103 vrea s\u0103 detensioneze situa\u021bia\u201d, a spus, vineri, pre\u0219edintele.<\/span><\/p>\n<p data-index=\"8\">Senatorul Ecaterina Andronescu a explicat la emisiunea \u201e\u00cen fa\u0163a ta\u201d de ce majoritatea senatorilor nu au fost de acord s\u0103 \u00eel pun\u0103 la dispozi\u0163ia DNA pe fostul ministru \u015fi c\u0103 ea a fost de acord.<\/p>\n<p data-index=\"9\">\u201e<span lang=\"ro-RO\">Am socotit c\u0103 mai sunt dou\u0103 luni de mandat. Tot acolo ajunge\u201d, a spus Ecaterina Andronescu.<\/span><\/p>\n<p data-index=\"10\"><span lang=\"ro-RO\">Pre\u015fedintele Senatului a comentat scurt demisia lui Gabriel Oprea: \u201eCred c\u0103 \u00een contextul actual, gestul domniei sale este foarte binevenit\u201d. <\/span><\/p>\n<p data-index=\"11\"><span lang=\"ro-RO\">Procurorii anticorup\u0163ie au cerut aprobarea Senatului ca s\u0103 \u00eel ancheteze pe Gabriel Oprea pentru ucidere din culp\u0103 \u00een cazul mor\u0163ii poli\u0163istului Bogdan Gigin\u0103. Agentul a murit anul trecut \u00een timp ce deschidea calea coloanei oficiale a lui Gabriel Oprea, pe atunci ministru de interne. Gigin\u0103 a c\u0103zut de pe motociclet\u0103 \u00eentr-o groap\u0103 pe care nu ar fi putut s\u0103 o evite, spun anchetatorii, pentru c\u0103 ministrul \u00eei ordonase s\u0103 mearg\u0103 cu vitez\u0103 mare chiar dac\u0103 afar\u0103 ploua.<\/span><\/p>\n<\/div>\n<p> Source URL: https:\/\/www.digi24.ro\/stiri\/actualitate\/politica\/gabriel-oprea-asteptat-sa-si-depuna-demisia-in-parlament-574397<\/p>\n","protected":false},"excerpt":{"rendered":"<p>Gabriel Oprea \u015fi-ar putea depune ast\u0103zi demisia din Parlament.\u00a0Conform Regulamentului, fostul ministru al Internelor trebuie s\u0103 anun\u0163e demisia \u015fi de la tribuna Senatului. Av\u00e2nd \u00een vedere calitatea de fost ministru a lui Gabriel Oprea, dup\u0103 ce Senatul va lua act de demisie, procurorii anticorup\u0163ie \u00eei pot cere \u015fefului statului aviz pentru \u00eenceperea urm\u0103ririi penale \u00een [&hellip;]<\/p>\n","protected":false},"author":1,"featured_media":159091,"comment_status":"open","ping_status":"","sticky":false,"template":"","format":"standard","meta":{"footnotes":""},"categories":[2],"tags":[11],"class_list":["post-159090","post","type-post","status-publish","format-standard","has-post-thumbnail","hentry","category-politics","tag-digi24"],"_links":{"self":[{"href":"https:\/\/analyse.optim.biz\/index.php?rest_route=\/wp\/v2\/posts\/159090","targetHints":{"allow":["GET"]}}],"collection":[{"href":"https:\/\/analyse.optim.biz\/index.php?rest_route=\/wp\/v2\/posts"}],"about":[{"href":"https:\/\/analyse.optim.biz\/index.php?rest_route=\/wp\/v2\/types\/post"}],"author":[{"embeddable":true,"href":"https:\/\/analyse.optim.biz\/index.php?rest_route=\/wp\/v2\/users\/1"}],"replies":[{"embeddable":true,"href":"https:\/\/analyse.optim.biz\/index.php?rest_route=%2Fwp%2Fv2%2Fcomments&post=159090"}],"version-history":[{"count":0,"href":"https:\/\/analyse.optim.biz\/index.php?rest_route=\/wp\/v2\/posts\/159090\/revisions"}],"wp:featuredmedia":[{"embeddable":true,"href":"https:\/\/analyse.optim.biz\/index.php?rest_route=\/wp\/v2\/media\/159091"}],"wp:attachment":[{"href":"https:\/\/analyse.optim.biz\/index.php?rest_route=%2Fwp%2Fv2%2Fmedia&parent=159090"}],"wp:term":[{"taxonomy":"category","embeddable":true,"href":"https:\/\/analyse.optim.biz\/index.php?rest_route=%2Fwp%2Fv2%2Fcategories&post=159090"},{"taxonomy":"post_tag","embeddable":true,"href":"https:\/\/analyse.optim.biz\/index.php?rest_route=%2Fwp%2Fv2%2Ftags&post=159090"}],"curies":[{"name":"wp","href":"https:\/\/api.w.org\/{rel}","templated":true}]}}