{"id":159087,"date":"2016-09-26T13:16:14","date_gmt":"2016-09-26T10:16:14","guid":{"rendered":"https:\/\/analyse.optim.biz\/?p=159087"},"modified":"2016-09-26T13:16:14","modified_gmt":"2016-09-26T10:16:14","slug":"dacian-ciolos-multi-din-generatia-noastra-se-regasesc-in-ideile-promovate-de-ioan-gyuri-pascu","status":"publish","type":"post","link":"https:\/\/analyse.optim.biz\/?p=159087","title":{"rendered":"Dacian Ciolo\u0219: Mul\u021bi din genera\u021bia noastr\u0103 se reg\u0103sesc \u00een ideile promovate de Ioan Gyuri Pascu"},"content":{"rendered":"<div class=\"entry data-app-meta data-app-meta-article\" data-embed-base-url-canonical=\"https:\/\/www.digi24.ro\/embed\/stiri\/actualitate\/social\/dacian-ciolos-multi-din-generatia-noastra-se-regasesc-in-ideile-promovate-de-ioan-gyuri-pascu-574624\">\n<p data-index=\"1\"><strong>Dacian Ciolo\u0219 a transmis condolean\u021be familiei lui Ioan Gyuri Pascu. Premierul a mai scris pe contul de Facebook c\u0103 artistul \u0219i-a pus amprenta asupra Grupului Divertis prin \u201ecurajul \u0219i dezinvoltura izvor\u00e2te din bunul sim\u021b \u0219i profunzimea cu care \u00een\u021belegea vremurile.\u201d<\/strong><\/p>\n<p data-index=\"2\"><img loading=\"lazy\" decoding=\"async\" class=\"alignnone size-full wp-image-574625\" src=\"https:\/\/analyse.optim.biz\/wp-content\/uploads\/2024\/09\/dz04mdamagfzad00mtdlntgwndrjn2ezmzu0ywrizja1nziyngi3ogm1na-thumb_-1.jpg\" alt=\"ciolos\" width=\"1200\" height=\"801\" data-skip-htmlfix=\"1\" title=\"dz04mdamagfzad00mtdlntgwndrjn2ezmzu0ywrizja1nziyngi3ogm1na-thumb_-1\"><\/p>\n<p data-index=\"3\">\u201e<span lang=\"ro-RO\">Mi-ar fi foarte greu s\u0103 \u00eemi imaginez ast\u0103zi momentul de cotitur\u0103 al anilor 90 f\u0103r\u0103 satira politic\u0103, umorul, subtilitatea \u0219i energia Grupului Divertis, asupra c\u0103ruia Ioan Gyuri Pascu \u0219i-a pus amprenta originalit\u0103\u021bii \u0219i sensibilit\u0103\u021bii, cu curajul \u0219i dezinvoltura izvor\u00e2te din bunul sim\u021b \u0219i profunzimea cu care \u00een\u021belegea vremurile. Talentul \u0219i popularitatea sa au crescut \u00een timp \u0219i au devenit mai puternice prin ideile promovate, contur\u00e2nd un profil \u00een care se reg\u0103sesc mul\u021bi din cei ai genera\u021biei noastre\u201d, se arat\u0103 \u00een mesajul premierul.<\/span><\/p>\n<p data-index=\"4\">\u201e<span lang=\"ro-RO\">Ioan Gyuri Pascu a fost un artist complet \u2013 actor creativ \u0219i muzician inspirat, om al cuv\u00e2ntului vorbit \u0219i scris, spontan \u0219i profund spiritual \u2013 \u0219i astfel ne va r\u0103m\u00e2ne \u00een amintire. Condolean\u021be familiei \u0219i prietenilor! Drum Bun, Gyuri\u201d, a completat Dacian Ciolo\u0219.<\/span><\/p>\n<p class=\"gdpr-placeholder gdpr-social-media gdpr-iframe-fix\" data-index=\"6\"> Setarile tale privind cookie-urile nu permit afisarea continutul din aceasta sectiune. Poti actualiza setarile modulelor coookie direct din browser sau de <a class=\"ot-sdk-show-settings\" data-skip-linkfix=\"1\">aici<\/a> \u2013 e nevoie sa accepti cookie-urile social media<\/p>\n<p data-index=\"7\">Actorul \u015fi muzicianul Ioan Gyuri Pascu<a href=\"https:\/\/www.digi24.ro\/stiri\/actualitate\/evenimente\/ioan-gyuri-pascu-a-murit-574370\" target=\"_blank\" data-skip-linkfix=\"1\" rel=\"noopener\"> a murit \u00een aceast\u0103 diminea\u021b\u0103<\/a>, la v\u00e2rsta de 55 de ani, \u00een locuin\u021ba\u00a0sa din Bucure\u015fti, \u00een urma unui stop cardio-respirator.<\/p>\n<\/div>\n<p> Source URL: https:\/\/www.digi24.ro\/stiri\/actualitate\/social\/dacian-ciolos-multi-din-generatia-noastra-se-regasesc-in-ideile-promovate-de-ioan-gyuri-pascu-574624<\/p>\n","protected":false},"excerpt":{"rendered":"<p>Dacian Ciolo\u0219 a transmis condolean\u021be familiei lui Ioan Gyuri Pascu. Premierul a mai scris pe contul de Facebook c\u0103 artistul \u0219i-a pus amprenta asupra Grupului Divertis prin \u201ecurajul \u0219i dezinvoltura izvor\u00e2te din bunul sim\u021b \u0219i profunzimea cu care \u00een\u021belegea vremurile.\u201d \u201eMi-ar fi foarte greu s\u0103 \u00eemi imaginez ast\u0103zi momentul de cotitur\u0103 al anilor 90 f\u0103r\u0103 [&hellip;]<\/p>\n","protected":false},"author":1,"featured_media":159088,"comment_status":"open","ping_status":"","sticky":false,"template":"","format":"standard","meta":{"footnotes":""},"categories":[2],"tags":[11],"class_list":["post-159087","post","type-post","status-publish","format-standard","has-post-thumbnail","hentry","category-politics","tag-digi24"],"_links":{"self":[{"href":"https:\/\/analyse.optim.biz\/index.php?rest_route=\/wp\/v2\/posts\/159087","targetHints":{"allow":["GET"]}}],"collection":[{"href":"https:\/\/analyse.optim.biz\/index.php?rest_route=\/wp\/v2\/posts"}],"about":[{"href":"https:\/\/analyse.optim.biz\/index.php?rest_route=\/wp\/v2\/types\/post"}],"author":[{"embeddable":true,"href":"https:\/\/analyse.optim.biz\/index.php?rest_route=\/wp\/v2\/users\/1"}],"replies":[{"embeddable":true,"href":"https:\/\/analyse.optim.biz\/index.php?rest_route=%2Fwp%2Fv2%2Fcomments&post=159087"}],"version-history":[{"count":0,"href":"https:\/\/analyse.optim.biz\/index.php?rest_route=\/wp\/v2\/posts\/159087\/revisions"}],"wp:featuredmedia":[{"embeddable":true,"href":"https:\/\/analyse.optim.biz\/index.php?rest_route=\/wp\/v2\/media\/159088"}],"wp:attachment":[{"href":"https:\/\/analyse.optim.biz\/index.php?rest_route=%2Fwp%2Fv2%2Fmedia&parent=159087"}],"wp:term":[{"taxonomy":"category","embeddable":true,"href":"https:\/\/analyse.optim.biz\/index.php?rest_route=%2Fwp%2Fv2%2Fcategories&post=159087"},{"taxonomy":"post_tag","embeddable":true,"href":"https:\/\/analyse.optim.biz\/index.php?rest_route=%2Fwp%2Fv2%2Ftags&post=159087"}],"curies":[{"name":"wp","href":"https:\/\/api.w.org\/{rel}","templated":true}]}}