{"id":159076,"date":"2016-09-26T13:41:29","date_gmt":"2016-09-26T10:41:29","guid":{"rendered":"https:\/\/analyse.optim.biz\/?p=159076"},"modified":"2016-09-26T13:41:29","modified_gmt":"2016-09-26T10:41:29","slug":"d-barbu-valul-de-amenintari-confirma-ca-e-riscant-sa-fii-politician","status":"publish","type":"post","link":"https:\/\/analyse.optim.biz\/?p=159076","title":{"rendered":"D. Barbu: Valul de amenin\u021b\u0103ri confirm\u0103 c\u0103 e riscant s\u0103 fii politician"},"content":{"rendered":"<div class=\"entry data-app-meta data-app-meta-article\" data-embed-base-url-canonical=\"https:\/\/www.digi24.ro\/embed\/stiri\/actualitate\/politica\/daniel-barbu-compararea-politicienilor-cu-soldatii-din-afganistan-o-metafora-574640\">\n<p lang=\"ro-RO\" data-index=\"1\"><strong>Senatorul Daniel Barbu a venit cu preciz\u0103ri, \u00een urm\u0103 cu pu\u021bin timp, dup\u0103 ce vineri a comparat munca parlamentarilor cu cea a solda\u021bilor rom\u00e2ni din Afganistan. Duminic\u0103, patru militari au fost r\u0103ni\u021bi \u00een aceast\u0103 \u021bar\u0103. Declara\u021bia senatorului a st\u00e2rnit reac\u0163ii virulente pe re\u021bele de socializare. Intervievat \u00een urm\u0103 cu doar c\u00e2teva momente de reporterul Digi24 Toma Petcu, Daniel Barbu \u015fi-a cerut scuze pentru aceast\u0103 declara\u0163ie despre care a spus c\u0103 a fost o metafor\u0103.<\/strong><\/p>\n<p lang=\"ro-RO\" data-index=\"2\">Daniel Barbu a declarat c\u0103 reac\u021biile solda\u021bilor i s-au p\u0103rut \u201einacceptabile pentru o societate civilizat\u0103, raportate la o simpl\u0103 metafor\u0103\u201d.<\/p>\n<p lang=\"ro-RO\" data-index=\"3\">\u201eEvident c\u0103 politicienii nu-\u0219i risc\u0103 via\u021ba. N-am vrut s\u0103 lezez sensibilitatea cuiva, am vrut s\u0103 atrag aten\u021bia asupra unei probleme \u0219i, ca s\u0103 spun a\u0219a, s-a v\u0103dit c\u0103 am avut dreptate. Valul de violen\u021b\u0103 verbal\u0103 \u0219i de atitudine, de amenin\u021b\u0103ri fizice care mi-au fost adresate confirm\u0103 faptul c\u0103 e riscant s\u0103 fii politician\u201d, a mai spus senatorul ALDE.<\/p>\n<p lang=\"ro-RO\" data-index=\"4\">Referitor la faptul c\u0103 militarii din teatrele de opera\u021biuni au sesizat diferen\u021bele foarte mari din Parlament \u0219i cele de acolo, Daniel Barbu a spus c\u0103 \u201ese \u00eenva\u021b\u0103 \u00een gimanziu folosirea limbii rom\u00e2ne cu metafore \u0219i compara\u021bii\u201d.<\/p>\n<p lang=\"ro-RO\" data-index=\"5\">\u201eEvident c\u0103 era o metafor\u0103, putea s\u0103 spun un teatru de r\u0103zboi. Am spus Afganistan, un soldat, n-am spus un soldat rom\u00e2n, sunt \u0219i talibani acolo, sunt solda\u021bi \u00een multe uniforme&#8230; Era o simpl\u0103 compara\u021bie pentru a ar\u0103ta c\u0103 exist\u0103 riscul de a-\u021bi pierde reputa\u021bia. Eu \u00e2nsumi am fost atacat violent de o hoard\u0103 de a\u0219a-zi\u0219i manifestan\u021bi. Eu personal mi-am riscat via\u021ba, \u00een Bucure\u0219ti, \u00een anul 2013\u201d, a ad\u0103ugat Daniel Barbu.\u00a0<\/p>\n<p lang=\"ro-RO\" data-index=\"6\">\u201eA fost o simpl\u0103 metafor\u0103, m\u0103 adresam unor ale\u0219i locali, \u00eencercam s\u0103-i \u00eemb\u0103rb\u0103tez, nu era o declara\u021bie public\u0103, nu era un manifest politic. Asta este calitatea vie\u021bii publice rom\u00e2ne\u0219ti\u201d, a punctat senatorul.<\/p>\n<p lang=\"ro-RO\" data-index=\"7\">\u201eRegret dac\u0103 am lezat sensibilitatea\u00a0cuiva, n-am vrut s\u0103 ofensez pe nimeni. Dimpotriv\u0103, am vrut s\u0103 \u00eemb\u0103rb\u0103tez ni\u0219te ale\u0219i locali\u201d, a apreciat Daniel Barbu.<\/p>\n<p lang=\"ro-RO\" data-index=\"8\">\u00a0<\/p>\n<\/div>\n<p> Source URL: https:\/\/www.digi24.ro\/stiri\/actualitate\/politica\/daniel-barbu-compararea-politicienilor-cu-soldatii-din-afganistan-o-metafora-574640<\/p>\n","protected":false},"excerpt":{"rendered":"<p>Senatorul Daniel Barbu a venit cu preciz\u0103ri, \u00een urm\u0103 cu pu\u021bin timp, dup\u0103 ce vineri a comparat munca parlamentarilor cu cea a solda\u021bilor rom\u00e2ni din Afganistan. Duminic\u0103, patru militari au fost r\u0103ni\u021bi \u00een aceast\u0103 \u021bar\u0103. Declara\u021bia senatorului a st\u00e2rnit reac\u0163ii virulente pe re\u021bele de socializare. Intervievat \u00een urm\u0103 cu doar c\u00e2teva momente de reporterul Digi24 [&hellip;]<\/p>\n","protected":false},"author":1,"featured_media":159077,"comment_status":"open","ping_status":"","sticky":false,"template":"","format":"standard","meta":{"footnotes":""},"categories":[2],"tags":[11],"class_list":["post-159076","post","type-post","status-publish","format-standard","has-post-thumbnail","hentry","category-politics","tag-digi24"],"_links":{"self":[{"href":"https:\/\/analyse.optim.biz\/index.php?rest_route=\/wp\/v2\/posts\/159076","targetHints":{"allow":["GET"]}}],"collection":[{"href":"https:\/\/analyse.optim.biz\/index.php?rest_route=\/wp\/v2\/posts"}],"about":[{"href":"https:\/\/analyse.optim.biz\/index.php?rest_route=\/wp\/v2\/types\/post"}],"author":[{"embeddable":true,"href":"https:\/\/analyse.optim.biz\/index.php?rest_route=\/wp\/v2\/users\/1"}],"replies":[{"embeddable":true,"href":"https:\/\/analyse.optim.biz\/index.php?rest_route=%2Fwp%2Fv2%2Fcomments&post=159076"}],"version-history":[{"count":0,"href":"https:\/\/analyse.optim.biz\/index.php?rest_route=\/wp\/v2\/posts\/159076\/revisions"}],"wp:featuredmedia":[{"embeddable":true,"href":"https:\/\/analyse.optim.biz\/index.php?rest_route=\/wp\/v2\/media\/159077"}],"wp:attachment":[{"href":"https:\/\/analyse.optim.biz\/index.php?rest_route=%2Fwp%2Fv2%2Fmedia&parent=159076"}],"wp:term":[{"taxonomy":"category","embeddable":true,"href":"https:\/\/analyse.optim.biz\/index.php?rest_route=%2Fwp%2Fv2%2Fcategories&post=159076"},{"taxonomy":"post_tag","embeddable":true,"href":"https:\/\/analyse.optim.biz\/index.php?rest_route=%2Fwp%2Fv2%2Ftags&post=159076"}],"curies":[{"name":"wp","href":"https:\/\/api.w.org\/{rel}","templated":true}]}}