{"id":159061,"date":"2016-09-26T14:00:05","date_gmt":"2016-09-26T11:00:05","guid":{"rendered":"https:\/\/analyse.optim.biz\/?p=159061"},"modified":"2016-09-26T14:00:05","modified_gmt":"2016-09-26T11:00:05","slug":"varianta-lui-calimente-ungureanu-mi-a-spus-ca-e-o-problema-destul-de-grava-ca-trebuie-sa-stea-la-pat","status":"publish","type":"post","link":"https:\/\/analyse.optim.biz\/?p=159061","title":{"rendered":"Varianta lui Calimente: Ungureanu \u201emi-a spus c\u0103 e o problem\u0103 destul de grav\u0103, c\u0103 trebuie s\u0103 stea la pat\u201d"},"content":{"rendered":"<div class=\"entry data-app-meta data-app-meta-article\" data-embed-base-url-canonical=\"https:\/\/www.digi24.ro\/embed\/stiri\/actualitate\/politica\/seful-sie-mihai-razvan-ungureanu-a-demisionat-574669\">\n<p data-index=\"1\"><strong><span lang=\"ro-RO\">\u0218eful Serviciului de Informa\u021bii Externe, Mihai R\u0103zvan Ungureanu, a demisionat.<\/span><\/strong><\/p>\n<figure class=\"article-thumb\"><img decoding=\"async\" src=\"https:\/\/analyse.optim.biz\/wp-content\/uploads\/2024\/09\/ptgwmcz6yz0xjmhhc2g9nwnjothjndfjntc3mdhkymi0odnkowmyyjmzy2zlmgu-thumb_.jpg\" alt=\"mru sie parlament agerpres 7872142 crop2\" data-skip-htmlfix=\"1\" title=\"ptgwmcz6yz0xjmhhc2g9nwnjothjndfjntc3mdhkymi0odnkowmyyjmzy2zlmgu-thumb_\"><figcaption> Foto: Agerpres <\/figcaption><\/figure>\n<p data-index=\"2\"><strong>ACTUALIZARE.<\/strong>\u00a0Pre\u0219edintele Klaus Iohannis a transmis o scrisoare Parlamentului \u00een care le propune ale\u0219ilor s\u0103 ia act de demisia lui Mihai R\u0103zvan Ungureanu de la conducerea SIE \u0219i s\u0103 declare vacant\u0103 aceast\u0103 func\u021bie.<\/p>\n<hr>\n<p data-index=\"3\">\u00a0<\/p>\n<p data-index=\"4\"><strong>ACTUALIZARE.\u00a0<\/strong>Mihai R\u0103zvan Ungureanu <a href=\"https:\/\/www.digi24.ro\/stiri\/actualitate\/evenimente\/motivul-pentru-care-mihai-razvan-ungureanu-a-demisionat-de-la-conducerea-sie-574827\" target=\"_blank\" data-skip-linkfix=\"1\" rel=\"noopener\">\u0219i-a dat demisia de la conducerea Serviciului de Informa\u021bii Externe din motive de s\u0103n\u0103tate<\/a>, spune deputatul Mih\u0103i\u021b\u0103 Calimente, membru al Comisiei pentru ap\u0103rare, ordine public\u0103 \u015fi siguran\u0163\u0103 na\u0163ional\u0103.<\/p>\n<p lang=\"ro-RO\" data-index=\"5\">\u201eDemisia se \u00eenainteaz\u0103 pre\u0219edintelui, pre\u0219edintele a acceptat-o. Am putea avea o discu\u021bie, dar din moment ce dl director ne-a comunicat care e motivul pentru care \u0219i-a dat demisia, cred c\u0103 comisia (de ap\u0103rare, n.r.) s-ar reuni de prisos, pentru c\u0103 r\u0103spunsul probabil ar fi acela\u0219i. Mi-a spus c\u0103 e o problem\u0103 destul de grav\u0103, c\u0103 trebuie s\u0103 stea la pat \u0219i c\u0103 s\u0103n\u0103tatea o consider\u0103 prioritar\u0103 oric\u0103rei activit\u0103\u021bi\u201d, a spus Mih\u0103i\u021b\u0103 Calimente.<\/p>\n<p data-index=\"6\">\u00cen acest contest, liderul PSD; Liviu Dragnea, a cerut l\u0103muriri.<\/p>\n<p data-index=\"7\">\u201e<span lang=\"ro-RO\">Sper ca acest act s\u0103 nu fac\u0103 parte dintr-un r\u0103zboi politic subteran. (&#8230;) Opinia public\u0103 din Rom\u00e2nia trebuie s\u0103 \u0219tie care au fost motivele reale care au dus la aceast\u0103 demisie (&#8230;) Dac\u0103 au fost motive strict personale, atunci e \u00een regul\u0103, dar dac\u0103 au fost alte motive, care \u021bin de buna func\u021bionare a acestui serviciu, atunci Comisia de control a SIE ar trebui s\u0103 fie informat\u0103, pentru c\u0103 e vorba de o institu\u021bie important\u0103 a statului.&#8221;, spune liderul PSD Liviu Dragnea \u00eentr-un mesaj pe Facebook.<\/span><\/p>\n<p data-index=\"8\">Despre posibila plecare a \u015fefului SIE se vorbea \u00eenc\u0103 din aprilie. Atunci, \u015fefa DNA a criticat dur Serviciul de Informa\u0163ii Externe.<\/p>\n<p data-index=\"9\">Laura Codru\u0163a Kovesi, \u00een 26 aprilie: \u201e<span lang=\"ro-RO\">Sunt companii str\u0103ine anchetate \u00een \u0163ara lor pentru c\u0103 au dat mit\u0103 \u00een Rom\u00e2nia \u015fi nu am primit sesiz\u0103ri cu aceste infrac\u0163iuni. Nu am primit sesiz\u0103ri nici despre conturile din str\u0103in\u0103tate, nu am primit sesiz\u0103ri nici despre iahturile din str\u0103in\u0103tate, nici despre vilele de lux din str\u0103in\u0103tate.\u201d<\/span><\/p>\n<p data-index=\"10\">Replica SIE a fost la fel de t\u0103ioas\u0103: \u201eSIE nu monitorizeaz\u0103 cet\u0103\u0163enii rom\u00e2ni afla\u0163i \u00een str\u0103in\u0103tate, aceast\u0103 practic\u0103 fiind una specific\u0103 fostei Securit\u0103\u0163i, a\u015fa cum nu monitorizeaz\u0103 conturile \u015fi transferurile bancare, achizi\u0163iile imobiliare sau de alt\u0103 natur\u0103 efectuate de cet\u0103\u0163enii rom\u00e2ni \u00een str\u0103in\u0103tate.&#8221;<\/p>\n<p data-index=\"11\"><span lang=\"ro-RO\">La dou\u0103 zile distan\u0163\u0103, pre\u015fedintele Klaus Iohannis anun\u0163a c\u0103 s-a implicat \u00een acest conflict, lucru f\u0103r\u0103 precedent. <\/span><\/p>\n<p data-index=\"12\">\u201e<span lang=\"ro-RO\">S-au l\u0103murit lucrurile \u015fi \u00een continuare urmeaz\u0103 ca ei \u00eempreun\u0103 s\u0103 g\u0103seasc\u0103 solu\u0163ia consider c\u0103 problema s-a rezolvat\u201d.<\/span><\/p>\n<p data-index=\"13\"><span lang=\"ro-RO\">\u00cen acest context, Hotnews.ro a scris c\u0103 \u015feful statului i-ar fi cerut demisia directorului SIE, dar acest lucru nu a fost niciodat\u0103 confirmat. <\/span><\/p>\n<hr>\n<p lang=\"ro-RO\" data-index=\"14\">\u00a0<\/p>\n<p data-index=\"15\">Demisia lui Mihai R\u0103zvan Ungureanu a ajuns la Cotroceni, iar pre\u0219edintele Klaus Iohannis a acceptat-o, a declarat la Digi24 purt\u0103torul de cuv\u00e2nt al Administra\u021biei Preziden\u021biale, M\u0103d\u0103lina Dobrovolschi.<\/p>\n<p data-index=\"16\">Conducerea SIE va fi asigurat\u0103 de <a href=\"https:\/\/www.digi24.ro\/stiri\/actualitate\/evenimente\/cine-este-silviu-predoiu-seful-interimar-al-sie-574768\" target=\"_blank\" data-skip-linkfix=\"1\" rel=\"noopener\">generalul Silviu Predoiu<\/a>, adjunct al \u0219efului SIE, a ad\u0103ugat ea.<\/p>\n<p data-index=\"17\">M\u0103d\u0103lina Dobrovolschi nu a oferit informa\u021bii despre motivele demisiei lui MIhai R\u0103zvan Ungureanu \u0219i nici dac\u0103 a avut loc o \u00eent\u00e2lnire \u00eentre pre\u0219edinte \u0219i \u0219eful demisionar al SIE.<\/p>\n<p data-index=\"18\"><span lang=\"ro-RO\">Mihai R\u0103zvan Ungureanu \u00ee\u0219i \u00eencheie astfel cel de-al doilea mandat de \u0219ef al Serviciului de Informa\u021bii Externe. <\/span><\/p>\n<p data-index=\"19\"><span lang=\"ro-RO\">A ocupat aceast\u0103 func\u021bie pentru prima dat\u0103 \u00een perioada decembrie 2007 \u2013 2012. A revenit \u00een fruntea SIE \u00een iunie 2015. <\/span><\/p>\n<p data-index=\"20\"><span lang=\"ro-RO\">Timp de c\u00e2teva luni, \u00een perioada februarie-aprilie 2012, a ocupat func\u021bia de premier.<\/span><\/p>\n<p data-index=\"21\"><span lang=\"ro-RO\">\u00cenainte de a deveni \u0219ef al SIE, Mihai R\u0103zvan Ungureanu a fost ministru de Externe \u00een Guvernul T\u0103riceanu (decembrie 2004 &#8211; martie 2007).<\/span><\/p>\n<p data-index=\"22\"><span lang=\"ro-RO\">A absolvit Facultatea de Istorie a Universit\u0103\u0163ii \u201eAl. I. Cuza\u201d din Ia\u015fi.<\/span><\/p>\n<p data-index=\"23\">Silviu Predoiu, care asigur\u0103 conducerea interimar\u0103 a SIE, este adjunct al \u0219efului serviciului din noiembrie 2005. El a fost \u0219ef interimar al Serviciului de Informa\u021bii Externe \u0219i \u00een 2014, dup\u0103 demisia lui Teodor Mele\u0219canu, care a renun\u021bat la aceast\u0103 func\u021bie pentru a candida la pre\u0219edin\u021bie.<\/p>\n<p data-index=\"24\"><strong>CV Mihai R\u0103zvan Ungureanu:\u00a0<\/strong><\/p>\n<p data-index=\"25\">\u2022 iunie\u00a0<span lang=\"en-US\">2015- 26 septembrie &#8211;\u00a0director al SIE<\/span><\/p>\n<p data-index=\"26\">\u2022 <span lang=\"en-US\">februarie 2012 &#8211; Mai 2012, Prim-Ministrul\u00a0<\/span>Rom\u00e2niei<\/p>\n<p data-index=\"27\">\u2022 <span lang=\"en-US\">decembrie 2007 &#8211; 2012 &#8211; director al SIE<\/span><\/p>\n<p data-index=\"28\">\u2022 <span lang=\"en-US\">decembrie 2004 &#8211; martie 2007- Ministru\u00a0al Afacerilor Externe<\/span><\/p>\n<p data-index=\"29\">\u2022 <span lang=\"en-US\">2003-2004 &#8211; Coordonator adjunct, Ini\u0163iativa\u00a0<\/span>de Cooperare pentru Europa de Sud-Est, Viena<\/p>\n<p data-index=\"30\">\u2022 <span lang=\"en-US\">2001-2003 &#8211; Director general &#8211; Emisar special\u00a0<\/span>al Pactului de Stabilitate pentru Europa de\u00a0Sud-Est<\/p>\n<p data-index=\"31\">\u2022<span lang=\"en-US\">1998-2001 &#8211; Secretar de stat MAE<\/span><\/p>\n<h3>Disputa SIE-DNA pe banii din offshore-uri ai rom\u00e2nilor<\/h3>\n<p data-index=\"32\"><span lang=\"ro-RO\">SIE a fost implicat \u00een aceast\u0103 prim\u0103var\u0103 \u00eentr-un r\u0103zboi al declara\u021biilor cu DNA, dup\u0103 ce \u0219efa direc\u021biei anticorup\u021bie a criticat serviciul pentru c\u0103 nu a oferit nicio informa\u021bie \u00een scandalul Panama Papers.<\/span><\/p>\n<p data-index=\"33\">\u201e<span lang=\"en-US\">Nu pot s\u0103 \u00eemi explic de ce de la SIE \u00een ultimii ani nu am primit vreo sesizare. Mi-e greu s\u0103 cred c\u0103 ofi\u021berii SIE nu au informa\u021bi<\/span><span lang=\"ro-RO\">i. <a href=\"https:\/\/www.digi24.ro\/stiri\/actualitate\/justitie\/sefa-dna-critica-sie-nu-pot-sa-mi-explic-de-ce-de-la-sie-in-ultimii-ani-nu-am-primit-vreo-sesizare-511130\" target=\"_blank\" data-skip-linkfix=\"1\" rel=\"noopener\">Nu am primit niciodat\u0103 inform\u0103ri de la SIE<\/a>, am aflat din comisii rogatorii sau din investiga\u021bii jurnalistice. Mi-e greu s\u0103 cred c\u0103 ofi\u021berii de informa\u021bii nu dau peste aceste elemente \u0219i nu \u00een\u021beleg de ce nu sesizeaz\u0103 DNA. Am vazut c\u0103 foarte mul\u021bi dintre cerceta\u021bi \u00ee\u0219i mut\u0103 averea \u0219i bunurile \u00een str\u0103in\u0103tate. Este de siguran\u021b\u0103 na\u021bional\u0103, ca atunci c\u00e2nd milioane de euro sunt transferate \u00een off-shore, sau c\u00e2nd sume considerabile de bani sunt date ca mit\u0103 prin off-shore-uri pentru licita\u021bii publice\u201d, spunea Laura Codru\u021ba Kovesi \u00een 26 aprilie, dup\u0103 ce documentele Panama au descoperit mai multe cazuri de rom\u00e2ni care aveau offshore-uri \u00een Panama.<\/span><\/p>\n<p data-index=\"34\"><span lang=\"ro-RO\">Reprezentan\u0163ii SIE s-au gr\u0103bit s\u0103 dea replica: <a href=\"https:\/\/www.digi24.ro\/stiri\/actualitate\/justitie\/sie-ii-raspunde-codrutei-kovesi-serviciul-nu-monitorizeaza-cetatenii-romani-din-strainatate-511314\" target=\"_blank\" data-skip-linkfix=\"1\" rel=\"noopener\">serviciul nu monitorizeaz\u0103 cet\u0103\u0163enii rom\u00e2ni<\/a> afla\u0163i \u00een str\u0103in\u0103tate sau conturile \u015fi achizi\u0163iile lor.<\/span><\/p>\n<p data-index=\"35\">\u201e<span lang=\"ro-RO\">Informa\u021biile SIE nu se pot constitui \u00een probe \u00een instan\u021b\u0103, \u00eentruc\u00e2t sunt ob\u021binute prin surse umane cet\u0103\u021beni str\u0103ini, cu mijloace \u0219i metode specifice, care &#8220;nu pot fi dezv\u0103luite nim\u0103nui \u0219i \u00een nicio \u00eemprejurare&#8221;. Respect\u00e2nd cu stricte\u021be at\u00e2t propria lege de organizare \u0219i func\u021bionare c\u00e2t \u0219i protocoalele de cooperare \u0219i competen\u021bele celorlalte structuri din Sistemul Securit\u0103\u021bii Na\u021bionale, acest tip de informa\u021bii sunt transmise spre completare, validare \u0219i exploatare acelor institu\u021bii ale statului cu atribu\u021bii \u0219i posibilit\u0103\u021bi legale\u201d, ar\u0103tau reprezentan\u021bii SIE \u00eentr-un comunicat.<\/span><\/p>\n<p data-index=\"36\"><span lang=\"ro-RO\">\u00cen urma acestui schimb de replici, <a href=\"https:\/\/www.digi24.ro\/stiri\/actualitate\/politica\/sefii-dna-si-sie-chemati-la-cotroceni-511922\" target=\"_blank\" data-skip-linkfix=\"1\" rel=\"noopener\">\u0219efii celor dou\u0103 institu\u021bii au fost chema\u021bi la Cotroceni<\/a>. <\/span><\/p>\n<p data-index=\"37\">\u201e<span lang=\"ro-RO\">Am avut o discu\u021bie cu Laura Codur\u021ba Kovesi \u0219i cu R\u0103zvan Ungureanu. A fost o discu\u021bie constructiv\u0103, s-au l\u0103murit lucrurile \u0219i \u00een continuare urmeaz\u0103 ca ei s\u0103 g\u0103seasc\u0103 solu\u021bii la probleme \u00eempreun\u0103, s\u0103 l\u0103mureasc\u0103 ne\u00een\u021belegerile \u00eentre cele dou\u0103 institu\u021bii. Consider c\u0103 problema s-a rezolvat\u201d, spunea Klaus Iohannis \u00een 28 aprilie. <\/span><\/p>\n<\/div>\n<p> Source URL: https:\/\/www.digi24.ro\/stiri\/actualitate\/politica\/seful-sie-mihai-razvan-ungureanu-a-demisionat-574669<\/p>\n","protected":false},"excerpt":{"rendered":"<p>\u0218eful Serviciului de Informa\u021bii Externe, Mihai R\u0103zvan Ungureanu, a demisionat. Foto: Agerpres ACTUALIZARE.\u00a0Pre\u0219edintele Klaus Iohannis a transmis o scrisoare Parlamentului \u00een care le propune ale\u0219ilor s\u0103 ia act de demisia lui Mihai R\u0103zvan Ungureanu de la conducerea SIE \u0219i s\u0103 declare vacant\u0103 aceast\u0103 func\u021bie. \u00a0 ACTUALIZARE.\u00a0Mihai R\u0103zvan Ungureanu \u0219i-a dat demisia de la conducerea Serviciului [&hellip;]<\/p>\n","protected":false},"author":1,"featured_media":159062,"comment_status":"open","ping_status":"","sticky":false,"template":"","format":"standard","meta":{"footnotes":""},"categories":[2],"tags":[11],"class_list":["post-159061","post","type-post","status-publish","format-standard","has-post-thumbnail","hentry","category-politics","tag-digi24"],"_links":{"self":[{"href":"https:\/\/analyse.optim.biz\/index.php?rest_route=\/wp\/v2\/posts\/159061","targetHints":{"allow":["GET"]}}],"collection":[{"href":"https:\/\/analyse.optim.biz\/index.php?rest_route=\/wp\/v2\/posts"}],"about":[{"href":"https:\/\/analyse.optim.biz\/index.php?rest_route=\/wp\/v2\/types\/post"}],"author":[{"embeddable":true,"href":"https:\/\/analyse.optim.biz\/index.php?rest_route=\/wp\/v2\/users\/1"}],"replies":[{"embeddable":true,"href":"https:\/\/analyse.optim.biz\/index.php?rest_route=%2Fwp%2Fv2%2Fcomments&post=159061"}],"version-history":[{"count":0,"href":"https:\/\/analyse.optim.biz\/index.php?rest_route=\/wp\/v2\/posts\/159061\/revisions"}],"wp:featuredmedia":[{"embeddable":true,"href":"https:\/\/analyse.optim.biz\/index.php?rest_route=\/wp\/v2\/media\/159062"}],"wp:attachment":[{"href":"https:\/\/analyse.optim.biz\/index.php?rest_route=%2Fwp%2Fv2%2Fmedia&parent=159061"}],"wp:term":[{"taxonomy":"category","embeddable":true,"href":"https:\/\/analyse.optim.biz\/index.php?rest_route=%2Fwp%2Fv2%2Fcategories&post=159061"},{"taxonomy":"post_tag","embeddable":true,"href":"https:\/\/analyse.optim.biz\/index.php?rest_route=%2Fwp%2Fv2%2Ftags&post=159061"}],"curies":[{"name":"wp","href":"https:\/\/api.w.org\/{rel}","templated":true}]}}