{"id":1590186,"date":"2015-09-24T09:29:21","date_gmt":"2015-09-24T06:29:21","guid":{"rendered":"https:\/\/analyse.optim.biz\/?p=1590186"},"modified":"2015-09-24T09:29:21","modified_gmt":"2015-09-24T06:29:21","slug":"evenimente-rutiere-neplacute-suceavalive","status":"publish","type":"post","link":"https:\/\/analyse.optim.biz\/?p=1590186","title":{"rendered":"Evenimente rutiere nepl\u0103cute &#8211; SuceavaLIVE"},"content":{"rendered":"<article id=\"post-64261\" class=\"clearfix post-64261 post type-post status-publish format-standard has-post-thumbnail hentry category-comunicate category-slide tag-accident tag-autoturism tag-soferi tag-suceava\">\n<header id=\"cb-standard-featured\">\n<div id=\"cb-fis-wrap\" class=\"cb-entry-header cb-fis cb-style-standard\"><span class=\"cb-title-fi\"><\/p>\n<h1 class=\"entry-title cb-entry-title cb-single-title\">Evenimente rutiere nepl\u0103cute<\/h1>\n<div class=\"cb-byline cb-font-header\">\n<div class=\"cb-date cb-byline-element\"><time datetime=\"2015-09-24\">24 septembrie 2015<\/time><\/div>\n<\/div>\n<p><\/span><\/div>\n<div class=\"cb-mask\"><img decoding=\"async\" width=\"800\" height=\"600\" src=\"https:\/\/analyse.optim.biz\/wp-content\/uploads\/2026\/01\/accident6-1.jpg\" class=\"attachment-cb-full-full size-cb-full-full wp-post-image\" loading=\"lazy\" title=\"accident6-1\"><\/div>\n<\/header>\n<p>\u0218i \u00een aceast\u0103 s\u0103pt\u0103m\u00e2n\u0103, \u0219oferii neaten\u021bi au provocat o serie de accidente pe raza jude\u021bului Suceava. Din fericire, nimeni nu a fost r\u0103nit grav.<\/p>\n<section class=\"cb-entry-content entry-content clearfix\">\n<p>Un pieton \u00een v\u00e2rst\u0103 de 89 de ani, \u00een timp ce traversa drumul printr-un loc nepermis, a fost acro\u0219at de un autoturism condus de un b\u0103rbat de 51 de ani \u00een comuna Arbore. \u00cen urma impactului, victima a suferit r\u0103ni u\u0219oare, fiind transportat\u0103 la spital pentru acordarea de \u00eengrijiri medicale corespunz\u0103toare. \u0218oferul vinovat a fost testat cu aparatul etilotest, rezultatul fiind unul negativ.<br \/>\n\u00cen localitatea P\u0103ltinoasa, din cauza neadapt\u0103rii vitezei \u00een curba, un b\u0103rbat de 31 de ani a pierdut controlul autoturismului \u0219i a p\u0103r\u0103sit partea carosabil\u0103, intr\u00e2nd \u00een coliziune frontal\u0103 cu gardul unei gospod\u0103rii, dup\u0103 care s-a oprit \u00een peretele casei. Trei tineri au fost r\u0103ni\u021bi. Conduc\u0103torul auto a fost testat cu aparatul etilotest, rezultatul fiind negativ, dup\u0103 care a fost transportat la spital \u00een vederea stabilirii alcoolemiei.<br \/>\n\u00cen timp ce conducea autoturismul pe Calea Unirii din Suceava, un t\u00e2n\u0103r de 18 ani din comuna Zvori\u0219tea nu s-a asigurat la schimbarea sensului de mers \u0219i a lovit autoturismul condus de un b\u0103rbat de 48 de ani din localitate, acesta fiind r\u0103nit u\u0219or. \u00cen urma testelor, s-a constatat c\u0103 ambii conduc\u0103tori auto nu consumaser\u0103 alcool, fiind transporta\u021bi la spital pentru recoltarea de probe biologice. <\/p>\n<\/section>\n<footer class=\"article-footer\">\n<p class=\"cb-tags\"><a href=\"https:\/\/suceavalive.ro\/tag\/accident\/\" rel=\"tag\">accident<\/a><a href=\"https:\/\/suceavalive.ro\/tag\/autoturism\/\" rel=\"tag\">autoturism<\/a><a href=\"https:\/\/suceavalive.ro\/tag\/soferi\/\" rel=\"tag\">soferi<\/a><a href=\"https:\/\/suceavalive.ro\/tag\/suceava\/\" rel=\"tag\">Suceava<\/a><\/p>\n<div class=\"cb-social-sharing cb-post-footer-block cb-beside clearfix\">\n<div class=\"cb-title-subtle\">Share On:<\/div>\n<div class=\"cb-twitter\"><a href=\"https:\/\/twitter.com\/share\" class=\"twitter-share-button\" data-dnt=\"true\" data-count=\"horizontal\">Tweet<\/a><\/div>\n<\/div>\n<div id=\"cb-previous-next-links\" class=\"cb-post-footer-block clearfix\">\n<div id=\"cb-previous-link\"><a href=\"https:\/\/suceavalive.ro\/contrabanda-cu-tigari-2\/\" rel=\"prev\">Contraband\u0103 cu \u021big\u0103ri<\/a><\/div>\n<div id=\"cb-next-link\"><a href=\"https:\/\/suceavalive.ro\/hotii-nu-iau-vacanta\/\" rel=\"next\">Ho\u021bii nu iau vacan\u021b\u0103<\/a><\/div>\n<\/div>\n<div id=\"cb-author-box\" class=\"clearfix\">\n<h3 class=\"cb-block-title\">Despre autor<\/h3>\n<div class=\"cb-mask\"><a href=\"https:\/\/suceavalive.ro\/author\/tilihoi\/\"><img decoding=\"async\" src=\"https:\/\/analyse.optim.biz\/wp-content\/uploads\/2026\/01\/fa2d18728c5d81a58c6469ecd1ad7e557d4f11a4993458ce4a8238aca4504c9f-23.jpg\" class=\"avatar avatar-120 photo\" height=\"120\" width=\"120\" loading=\"lazy\" title=\"fa2d18728c5d81a58c6469ecd1ad7e557d4f11a4993458ce4a8238aca4504c9f-23\"><\/a><\/div>\n<div class=\"cb-meta\">\n<div class=\"cb-info\">\n<div class=\"cb-author-title vcard\"><a href=\"https:\/\/suceavalive.ro\/author\/tilihoi\/\"><span class=\"fn\">Cornel Tilihoi<\/span><\/a><\/div>\n<\/div>\n<\/div>\n<\/div>\n<div id=\"cb-related-posts\" class=\"cb-related-posts-block cb-post-end-block clearfix\">\n<h3 class=\"cb-block-title\">Postari asemanatoare<\/h3>\n<ul>\n<li class=\"cb-style-overlay cb-grid-entry cb-related-post no-1\">\n<div class=\"cb-mask\"><a href=\"https:\/\/suceavalive.ro\/calendarul-zilei-de-23-ianuarie\/\"><img decoding=\"async\" width=\"360\" height=\"240\" src=\"https:\/\/analyse.optim.biz\/wp-content\/uploads\/2026\/01\/vladimirescucover-interior-360x240-16.jpg\" class=\"attachment-cb-360-240 size-cb-360-240 wp-post-image\" loading=\"lazy\" title=\"vladimirescucover-interior-360x240-16\"><\/a><\/div>\n<div class=\"cb-meta cb-article-meta\">\n<h4 class=\"h3 cb-post-title\"><a href=\"https:\/\/suceavalive.ro\/calendarul-zilei-de-23-ianuarie\/\">Calendarul zilei de 23 ianuarie<\/a><\/h4>\n<div class=\"cb-byline cb-font-header\">\n<div class=\"cb-date cb-byline-element\"><time datetime=\"2026-01-23\">23 ianuarie 2026<\/time><\/div>\n<\/div>\n<\/div>\n<\/li>\n<li class=\"cb-style-overlay cb-grid-entry cb-related-post no-2\">\n<div class=\"cb-mask\"><a href=\"https:\/\/suceavalive.ro\/calendarul-zilei-de-22-ianuarie\/\"><img decoding=\"async\" width=\"360\" height=\"240\" src=\"https:\/\/analyse.optim.biz\/wp-content\/uploads\/2026\/01\/george-motoi-360x240-18.jpg\" class=\"attachment-cb-360-240 size-cb-360-240 wp-post-image\" loading=\"lazy\" title=\"george-motoi-360x240-18\"><\/a><\/div>\n<div class=\"cb-meta cb-article-meta\">\n<h4 class=\"h3 cb-post-title\"><a href=\"https:\/\/suceavalive.ro\/calendarul-zilei-de-22-ianuarie\/\">Calendarul zilei de 22 ianuarie<\/a><\/h4>\n<div class=\"cb-byline cb-font-header\">\n<div class=\"cb-date cb-byline-element\"><time datetime=\"2026-01-22\">22 ianuarie 2026<\/time><\/div>\n<\/div>\n<\/div>\n<\/li>\n<\/ul>\n<\/div>\n<\/footer>\n<div id=\"respond\" class=\"comment-respond\">\n<h3 id=\"reply-title\" class=\"comment-reply-title\">Lasa un raspuns <small><a rel=\"nofollow\" id=\"cancel-comment-reply-link\" href=\"https:\/\/suceavalive.ro\/evenimente-rutiere-neplacute\/#respond\">Anuleaza raspunsul<\/a><\/small><\/h3>\n<p class=\"comment-notes\">Adresa ta de email nu va fi publicat\u0103.<\/p>\n<\/div>\n<\/article>\n<section class=\"cb-entry-content entry-content clearfix\">\n<p>Un pieton \u00een v\u00e2rst\u0103 de 89 de ani, \u00een timp ce traversa drumul printr-un loc nepermis, a fost acro\u0219at de un autoturism condus de un b\u0103rbat de 51 de ani \u00een comuna Arbore. \u00cen urma impactului, victima a suferit r\u0103ni u\u0219oare, fiind transportat\u0103 la spital pentru acordarea de \u00eengrijiri medicale corespunz\u0103toare. \u0218oferul vinovat a fost testat cu aparatul etilotest, rezultatul fiind unul negativ.<br \/>\n\u00cen localitatea P\u0103ltinoasa, din cauza neadapt\u0103rii vitezei \u00een curba, un b\u0103rbat de 31 de ani a pierdut controlul autoturismului \u0219i a p\u0103r\u0103sit partea carosabil\u0103, intr\u00e2nd \u00een coliziune frontal\u0103 cu gardul unei gospod\u0103rii, dup\u0103 care s-a oprit \u00een peretele casei. Trei tineri au fost r\u0103ni\u021bi. Conduc\u0103torul auto a fost testat cu aparatul etilotest, rezultatul fiind negativ, dup\u0103 care a fost transportat la spital \u00een vederea stabilirii alcoolemiei.<br \/>\n\u00cen timp ce conducea autoturismul pe Calea Unirii din Suceava, un t\u00e2n\u0103r de 18 ani din comuna Zvori\u0219tea nu s-a asigurat la schimbarea sensului de mers \u0219i a lovit autoturismul condus de un b\u0103rbat de 48 de ani din localitate, acesta fiind r\u0103nit u\u0219or. \u00cen urma testelor, s-a constatat c\u0103 ambii conduc\u0103tori auto nu consumaser\u0103 alcool, fiind transporta\u021bi la spital pentru recoltarea de probe biologice. <\/p>\n<\/section>\n<section class=\"cb-entry-content entry-content clearfix\">\n<p>Un pieton \u00een v\u00e2rst\u0103 de 89 de ani, \u00een timp ce traversa drumul printr-un loc nepermis, a fost acro\u0219at de un autoturism condus de un b\u0103rbat de 51 de ani \u00een comuna Arbore. \u00cen urma impactului, victima a suferit r\u0103ni u\u0219oare, fiind transportat\u0103 la spital pentru acordarea de \u00eengrijiri medicale corespunz\u0103toare. \u0218oferul vinovat a fost testat cu aparatul etilotest, rezultatul fiind unul negativ.<br \/>\n\u00cen localitatea P\u0103ltinoasa, din cauza neadapt\u0103rii vitezei \u00een curba, un b\u0103rbat de 31 de ani a pierdut controlul autoturismului \u0219i a p\u0103r\u0103sit partea carosabil\u0103, intr\u00e2nd \u00een coliziune frontal\u0103 cu gardul unei gospod\u0103rii, dup\u0103 care s-a oprit \u00een peretele casei. Trei tineri au fost r\u0103ni\u021bi. Conduc\u0103torul auto a fost testat cu aparatul etilotest, rezultatul fiind negativ, dup\u0103 care a fost transportat la spital \u00een vederea stabilirii alcoolemiei.<br \/>\n\u00cen timp ce conducea autoturismul pe Calea Unirii din Suceava, un t\u00e2n\u0103r de 18 ani din comuna Zvori\u0219tea nu s-a asigurat la schimbarea sensului de mers \u0219i a lovit autoturismul condus de un b\u0103rbat de 48 de ani din localitate, acesta fiind r\u0103nit u\u0219or. \u00cen urma testelor, s-a constatat c\u0103 ambii conduc\u0103tori auto nu consumaser\u0103 alcool, fiind transporta\u021bi la spital pentru recoltarea de probe biologice. <\/p>\n<\/section>\n<p> Source URL: https:\/\/suceavalive.ro\/evenimente-rutiere-neplacute\/<\/p>\n","protected":false},"excerpt":{"rendered":"<p>Evenimente rutiere nepl\u0103cute 24 septembrie 2015 \u0218i \u00een aceast\u0103 s\u0103pt\u0103m\u00e2n\u0103, \u0219oferii neaten\u021bi au provocat o serie de accidente pe raza jude\u021bului Suceava. Din fericire, nimeni nu a fost r\u0103nit grav. Un pieton \u00een v\u00e2rst\u0103 de 89 de ani, \u00een timp ce traversa drumul printr-un loc nepermis, a fost acro\u0219at de un autoturism condus de un [&hellip;]<\/p>\n","protected":false},"author":1,"featured_media":1590187,"comment_status":"open","ping_status":"","sticky":false,"template":"","format":"standard","meta":{"footnotes":""},"categories":[89],"tags":[173],"class_list":["post-1590186","post","type-post","status-publish","format-standard","has-post-thumbnail","hentry","category-romania","tag-suceavalive-ro"],"_links":{"self":[{"href":"https:\/\/analyse.optim.biz\/index.php?rest_route=\/wp\/v2\/posts\/1590186","targetHints":{"allow":["GET"]}}],"collection":[{"href":"https:\/\/analyse.optim.biz\/index.php?rest_route=\/wp\/v2\/posts"}],"about":[{"href":"https:\/\/analyse.optim.biz\/index.php?rest_route=\/wp\/v2\/types\/post"}],"author":[{"embeddable":true,"href":"https:\/\/analyse.optim.biz\/index.php?rest_route=\/wp\/v2\/users\/1"}],"replies":[{"embeddable":true,"href":"https:\/\/analyse.optim.biz\/index.php?rest_route=%2Fwp%2Fv2%2Fcomments&post=1590186"}],"version-history":[{"count":0,"href":"https:\/\/analyse.optim.biz\/index.php?rest_route=\/wp\/v2\/posts\/1590186\/revisions"}],"wp:featuredmedia":[{"embeddable":true,"href":"https:\/\/analyse.optim.biz\/index.php?rest_route=\/wp\/v2\/media\/1590187"}],"wp:attachment":[{"href":"https:\/\/analyse.optim.biz\/index.php?rest_route=%2Fwp%2Fv2%2Fmedia&parent=1590186"}],"wp:term":[{"taxonomy":"category","embeddable":true,"href":"https:\/\/analyse.optim.biz\/index.php?rest_route=%2Fwp%2Fv2%2Fcategories&post=1590186"},{"taxonomy":"post_tag","embeddable":true,"href":"https:\/\/analyse.optim.biz\/index.php?rest_route=%2Fwp%2Fv2%2Ftags&post=1590186"}],"curies":[{"name":"wp","href":"https:\/\/api.w.org\/{rel}","templated":true}]}}