{"id":1586760,"date":"2026-01-30T13:40:05","date_gmt":"2026-01-30T10:40:05","guid":{"rendered":"https:\/\/analyse.optim.biz\/?p=1586760"},"modified":"2026-01-30T13:40:05","modified_gmt":"2026-01-30T10:40:05","slug":"cluburile-de-sport-particulare-obligate-sa-plateasca-in-continuare-zeciuiala-pentru-folosirea-stadionului-milcov","status":"publish","type":"post","link":"https:\/\/analyse.optim.biz\/?p=1586760","title":{"rendered":"Cluburile de sport particulare, obligate s\u0103 pl\u0103teasc\u0103 \u00een continuare \u201ezeciuial\u0103\u201d pentru folosirea Stadionului Milcov!"},"content":{"rendered":"<div class=\"td_block_wrap tdb_single_content tdi_106 td-pb-border-top td_block_template_1 td-post-content tagdiv-type\" data-td-block-uid=\"tdi_106\">\n<div class=\"tdb-block-inner td-fix-index\">\n<p>Consilierii jude\u021beni de la PSD \u0219i AUR au votat ast\u0103zi \u00een acord deplin \u00eempotriva unui amendament adus la regulamentul de func\u021bionare al Stadionului Milcov din Foc\u0219ani, ini\u021biat de consilierul liberal Daniel Palade.<\/p>\n<p>Pe scurt, liberalii, sus\u021binu\u021bi de colegii de la USR, FD \u0219i PMP, au \u00eencercat eliminarea unor aspecte birocratice, legate de orar, dar \u0219i echilibrarea tarifelor percepute pentru cluburile private \u0219i de \u201estat\u201d. A\u0219adar, s-a dorit:<\/p>\n<ul>\n<li>extinderea programului de var\u0103 de la 06.00 la 22.00, pentru evitatrea caniculei<\/li>\n<li>\u00eenl\u0103turarea termenului de \u201eaprobare special\u0103\u201d de la administrator pentru a putea alerga pe pist\u0103<\/li>\n<li>uniformizarea tarifelor de utilizare a bazei sportive pentru cluburi de drept public \u0219i cluburi de drept privat, nivel seniori \u0219i juniori.<\/li>\n<\/ul>\n<p>Pre\u0219edintele consiliului jude\u021bean, Nicu\u0219or Halici, ca mascul Alfa \u00een alian\u021ba PSD+AUR din consiliu, a respins \u00eens\u0103 amendamentul, d\u00e2nd astfel semnalul clar pentru vot. S-au \u00een\u0219iruit multe argumente, cum c\u0103 legisla\u021bia nu permite, c\u0103 este nevoie de bani la bugetul jude\u021bean, c\u0103 nu-i corect ca asocia\u021biile sportive private, care percep bani de la sportivi, s\u0103 nu pl\u0103teasc\u0103 pentru folosirea stadionului\u2026 de\u0219i obiectul era doar aducerea tarifelor la un numitor comun.<\/p>\n<p>Ce-i drept, Nicu\u0219or Halici nu a dorit s\u0103 poarte p\u00e2n\u0103 la cap\u0103t p\u0103l\u0103ria lui Saruman \u0219i a transmis c\u0103 reducerea tarifelor la cluburile private (a se citi egalarea acestora cu cele \u00eencasate de la cluburile de stat) s-ar putea rezolva doar dac\u0103 acestea ar dori un soi de colaborare cu administra\u021bia jude\u021bean\u0103, iar contravaloarea sumelor \u00eencasate s\u0103 fie dedus\u0103 din taxele percepute de la sportivi.<\/p>\n<p>Nu am v\u0103zut \u00eens\u0103 inten\u021bia de a discuta pentru g\u0103sirea unei solu\u021bii \u00een care sportivii \u201ede la privat\u201d s\u0103 nu-\u0219i lase pieile la ie\u0219irea de pe stadion.<\/p>\n<p><strong><em>\u201eEste dezam\u0103gitor s\u0103 vezi cum cum coali\u021bia format\u0103 din AUR \u0219i PSD din CJ Vrancea an ales s\u0103 blocheze aceste amendamente. Vicepre\u0219edintele P\u00eeslaru a \u00eencercat s\u0103 argumenteze votul grupului AUR, cu ajutorul unui text citit cu greu, vorbind despre accidente \u0219i tensiuni dac\u0103 tarifele vor fi stabilite \u00een mod unitar pentru toate structurile sportive. Pre\u0219edintele CJ a transmis c\u0103 nu vrea s\u0103 favorizeze cluburile private mic\u0219or\u00e2nd tariful la nivelul celor publice, dar c\u0103 \u00eei a\u0219teapt\u0103 pe ace\u0219tia s\u0103-\u0219i manifeste interesul pentru tarife mai mici. <\/em><\/strong><\/p>\n<p><strong><em>Dac\u0103 de la PSD nu aveam nicio a\u0219teptare, fiind obi\u0219nui\u021bi cu stilul lor de a bloca orice ini\u021biativ\u0103 liberal\u0103, marea dezam\u0103gire a venit de la cei trei consilieri jude\u021beni AUR. Liderii AUR se bat cu pumnul \u00een piept c\u0103 sunt \u201eal\u0103turi de popor\u201d, dar c\u00e2nd vine momentul s\u0103 voteze pentru facilit\u0103\u021bi acordate ceta\u021benilor, devin anexa PSD. Nu este pentru prima oar\u0103 \u0219i \u00eemi este din ce \u00een ce mai clar c\u0103, mesajele electorale se opresc la u\u0219a s\u0103lii de \u0219edin\u021be, acolo unde interesele politice de grup devin prioritare\u201d<\/em><\/strong>, a scris consilierul jude\u021bean PNL Daniel Palade pe pagina sa de Facebook.<\/p>\n<p>Vezi mai jos amendamentul complet al consilierilor liberali<\/p>\n<source srcset=\"https:\/\/www.jurnaldevrancea.ro\/wp\/wp-content\/webp-express\/webp-images\/uploads\/2026\/01\/amendament-regulament-de-functionare-stadion-milcov-2.jpg.webp 600w, https:\/\/www.jurnaldevrancea.ro\/wp\/wp-content\/webp-express\/webp-images\/uploads\/2026\/01\/amendament-regulament-de-functionare-stadion-milcov-2-150x184.jpg.webp 150w, https:\/\/www.jurnaldevrancea.ro\/wp\/wp-content\/webp-express\/webp-images\/uploads\/2026\/01\/amendament-regulament-de-functionare-stadion-milcov-2-300x369.jpg.webp 300w\" sizes=\"(max-width: 600px) 100vw, 600px\" type=\"image\/webp\" \/>\n<source srcset=\"https:\/\/www.jurnaldevrancea.ro\/wp\/wp-content\/webp-express\/webp-images\/uploads\/2026\/01\/amendament-regulament-de-functionare-stadion-milcov-1.jpg.webp 600w, https:\/\/www.jurnaldevrancea.ro\/wp\/wp-content\/webp-express\/webp-images\/uploads\/2026\/01\/amendament-regulament-de-functionare-stadion-milcov-1-150x189.jpg.webp 150w, https:\/\/www.jurnaldevrancea.ro\/wp\/wp-content\/webp-express\/webp-images\/uploads\/2026\/01\/amendament-regulament-de-functionare-stadion-milcov-1-300x377.jpg.webp 300w\" sizes=\"(max-width: 600px) 100vw, 600px\" type=\"image\/webp\" \/>\n<\/div>\n<\/div>\n<p> Source URL: https:\/\/www.jurnaldevrancea.ro\/cluburile-de-sport-particulare-obligate-sa-plateasca-in-continuare-zeciuiala-pentru-folosirea-stadionului-milcov\/<\/p>\n","protected":false},"excerpt":{"rendered":"<p>Consilierii jude\u021beni de la PSD \u0219i AUR au votat ast\u0103zi \u00een acord deplin \u00eempotriva unui amendament adus la regulamentul de func\u021bionare al Stadionului Milcov din Foc\u0219ani, ini\u021biat de consilierul liberal Daniel Palade. Pe scurt, liberalii, sus\u021binu\u021bi de colegii de la USR, FD \u0219i PMP, au \u00eencercat eliminarea unor aspecte birocratice, legate de orar, dar \u0219i [&hellip;]<\/p>\n","protected":false},"author":1,"featured_media":1586769,"comment_status":"open","ping_status":"","sticky":false,"template":"","format":"standard","meta":{"footnotes":""},"categories":[89],"tags":[207],"class_list":["post-1586760","post","type-post","status-publish","format-standard","has-post-thumbnail","hentry","category-romania","tag-jurnaldevrancea-ro"],"_links":{"self":[{"href":"https:\/\/analyse.optim.biz\/index.php?rest_route=\/wp\/v2\/posts\/1586760","targetHints":{"allow":["GET"]}}],"collection":[{"href":"https:\/\/analyse.optim.biz\/index.php?rest_route=\/wp\/v2\/posts"}],"about":[{"href":"https:\/\/analyse.optim.biz\/index.php?rest_route=\/wp\/v2\/types\/post"}],"author":[{"embeddable":true,"href":"https:\/\/analyse.optim.biz\/index.php?rest_route=\/wp\/v2\/users\/1"}],"replies":[{"embeddable":true,"href":"https:\/\/analyse.optim.biz\/index.php?rest_route=%2Fwp%2Fv2%2Fcomments&post=1586760"}],"version-history":[{"count":0,"href":"https:\/\/analyse.optim.biz\/index.php?rest_route=\/wp\/v2\/posts\/1586760\/revisions"}],"wp:featuredmedia":[{"embeddable":true,"href":"https:\/\/analyse.optim.biz\/index.php?rest_route=\/wp\/v2\/media\/1586769"}],"wp:attachment":[{"href":"https:\/\/analyse.optim.biz\/index.php?rest_route=%2Fwp%2Fv2%2Fmedia&parent=1586760"}],"wp:term":[{"taxonomy":"category","embeddable":true,"href":"https:\/\/analyse.optim.biz\/index.php?rest_route=%2Fwp%2Fv2%2Fcategories&post=1586760"},{"taxonomy":"post_tag","embeddable":true,"href":"https:\/\/analyse.optim.biz\/index.php?rest_route=%2Fwp%2Fv2%2Ftags&post=1586760"}],"curies":[{"name":"wp","href":"https:\/\/api.w.org\/{rel}","templated":true}]}}