{"id":1579312,"date":"2026-01-30T05:30:00","date_gmt":"2026-01-30T02:30:00","guid":{"rendered":"https:\/\/analyse.optim.biz\/?p=1579312"},"modified":"2026-01-30T05:30:00","modified_gmt":"2026-01-30T02:30:00","slug":"politia-ne-reaminteste-selfie-ul-pe-tren-nu-ia-like-uri-ia-vieti","status":"publish","type":"post","link":"https:\/\/analyse.optim.biz\/?p=1579312","title":{"rendered":"Poli\u021bia ne reaminte\u0219te: \u201eSelfie-ul pe tren nu ia like-uri, ia vie\u021bi\u201d"},"content":{"rendered":"<article id=\"196108\" class=\"post-196108 post type-post status-publish format-standard has-post-thumbnail hentry category-impact category-politie category-social tag-like tag-politia tag-selfie tag-tren tag-vieti-2\">\n<header class=\"post-header\">\n<ul class=\"breadcrumbs\">\n<li><a href=\"https:\/\/www.curierul.ro\">Home<\/a><\/li>\n<li class=\"breadcrumbs-active .category-impact\"><a href=\"https:\/\/www.curierul.ro\/index.php?cat=3426\">Impact<\/a><\/li>\n<li class=\"breadcrumbs-active .category-impact\">Poli\u021bia ne reaminte\u0219te: \u201eSelfie-ul pe tren nu ia like-uri, ia vie\u021bi\u201d<\/li>\n<\/ul>\n<div class=\"featured-photo\"><img loading=\"lazy\" decoding=\"async\" width=\"1512\" height=\"1374\" src=\"https:\/\/analyse.optim.biz\/wp-content\/uploads\/2026\/01\/politie-tren-e1769686281447-2.jpeg\" class=\"attachment-single size-single wp-post-image\" title=\"politie-tren-e1769686281447-2\"><\/div>\n<h1 class=\"headline\">Poli\u021bia ne reaminte\u0219te: \u201eSelfie-ul pe tren nu ia like-uri, ia vie\u021bi\u201d<\/h1>\n<p class=\"byline\">\n\t\tScris de<a href=\"https:\/\/www.curierul.ro\/author\/curierul\/\">Curierul de Valcea<\/a>, \t\t30 ianuarie 2026\t\t\t\t<\/p>\n<hr>\n<\/header>\n<p>Ieri (29 ianuarie 2026, n.r.) poli\u021bi\u0219tii Biroului Transporturi Feroviare si Biroului de Analiz\u0103 \u0219i Prevenire a Criminalit\u0103\u021bii din cadrul Inspectoratului de Poli\u021bie Jude\u021bean V\u00e2lcea au desf\u0103\u0219urat o ac\u021biune de informare \u0219i prevenire \u00een mijloacele de transport CFR pe ruta R\u00e2mnicu V\u00e2lcea \u2013 C\u0103lim\u0103ne\u0219ti, \u00een cadrul campaniei \u201eSelfie-ul pe tren nu ia like-uri, ia vie\u021bi\u201d, precum \u0219i pe linia prevenirii victimiz\u0103rii minorilor \u00een contextul consumului de substan\u021be.<\/p>\n<p>Activitatea a avut ca scop cre\u0219terea gradului de con\u0219tientizare a c\u0103l\u0103torilor, \u00een special a minorilor \u0219i tinerilor, cu privire la riscurile reale generate de comportamentele periculoase \u00een zona infrastructurii feroviare \u0219i de consumul de substan\u021be psihoactive, care pot conduce la accidente grave, victimizare \u0219i consecin\u021be legale.<\/p>\n<p>Pe parcursul ac\u021biunii, poli\u021bi\u0219tii au purtat discu\u021bii directe cu pasagerii, au distribuit materiale informative \u0219i au transmis mesaje preventive adaptate fiec\u0103rei categorii de v\u00e2rst\u0103, pun\u00e2nd accent pe responsabilitatea personal\u0103, siguran\u021ba \u00een mediul feroviar \u0219i importan\u021ba alegerilor corecte.<\/p>\n<p>Principalele recomand\u0103ri transmise comunit\u0103\u021bii au fost:<\/p>\n<ul>\n<li>Evitarea realiz\u0103rii de fotografii sau videoclipuri \u00een zone periculoase (\u00een apropierea liniilor de cale ferat\u0103, pe trenuri aflate \u00een mers sau sta\u021bionate). Un moment de neaten\u021bie poate avea consecin\u021be tragice.<\/li>\n<li>Respectarea regulilor de siguran\u021b\u0103 feroviar\u0103 \u0219i traversarea c\u0103ii ferate doar prin locuri special amenajate.<\/li>\n<li>Refuzul consumului de alcool, droguri sau alte substan\u021be interzise, mai ales \u00een r\u00e2ndul minorilor, \u00eentruc\u00e2t acestea afecteaz\u0103 capacitatea de a lua decizii corecte \u0219i cresc riscul de accidentare \u0219i victimizare.<\/li>\n<li>Neacceptarea provoc\u0103rilor sau a comportamentelor de tip \u201etrend\u201d care implic\u0103 riscuri fizice sau legale.<\/li>\n<li>Utilizarea responsabil\u0103 a re\u021belelor de socializare \u0219i con\u0219tientizarea faptului c\u0103 nu orice con\u021binut este sigur sau potrivit de replicat.<\/li>\n<\/ul>\n<p>De asemenea, p\u0103rin\u021bii au fost \u00eendemna\u021bi:<\/p>\n<ul>\n<li>s\u0103 men\u021bin\u0103 o comunicare deschis\u0103 cu copiii,<\/li>\n<li>s\u0103 fie aten\u021bi la eventuale schimb\u0103ri de comportament,<\/li>\n<li>s\u0103 se implice activ \u00een educa\u021bia preventiv\u0103 a acestora.<\/li>\n<\/ul>\n<p>Biroul Transporturi Feroviare si Biroul de Analiz\u0103 \u0219i Prevenire a Criminalit\u0103\u021bii din cadrul IPJ V\u00e2lcea\u00a0 va continua desf\u0103\u0219urarea unor astfel de activit\u0103\u021bi preventive, consider\u00e2nd c\u0103 informarea \u0219i educa\u021bia sunt cele mai eficiente instrumente pentru protejarea minorilor \u0219i pentru cre\u0219terea siguran\u021bei \u00een comunitate. Pentru c\u0103\u2026siguran\u021ba nu este un trend, este o responsabilitate.<\/p>\n<div class=\"sharedaddy sd-sharing-enabled\">\n<div class=\"robots-nocontent sd-block sd-social sd-social-official sd-sharing\">\n<h3 class=\"sd-title\">Distribuie pe:<\/h3>\n<div class=\"sd-content\">\n<ul>\n<li class=\"share-facebook\">\n<li class=\"share-twitter\"><a href=\"https:\/\/twitter.com\/share\" class=\"twitter-share-button\" data-url=\"https:\/\/www.curierul.ro\/politia-ne-reaminteste-selfie-ul-pe-tren-nu-ia-like-uri-ia-vieti\/\" data-text=\"Poli\u021bia ne reaminte\u0219te: \u201eSelfie-ul pe tren nu ia like-uri, ia vie\u021bi\u201d\" data-via=\"curierulvl\">Tweet<\/a><\/li>\n<li class=\"share-jetpack-whatsapp\"><a rel=\"nofollow noopener noreferrer\" data-shared=\"sharing-whatsapp-196108\" class=\"share-jetpack-whatsapp sd-button\" href=\"https:\/\/www.curierul.ro\/politia-ne-reaminteste-selfie-ul-pe-tren-nu-ia-like-uri-ia-vieti\/?share=jetpack-whatsapp\" target=\"_blank\" aria-labelledby=\"sharing-whatsapp-196108\"><span id=\"sharing-whatsapp-196108\" hidden>D\u0103 clic pentru partajare pe WhatsApp(Se deschide \u00eentr-o fereastr\u0103 nou\u0103)<\/span><span>WhatsApp<\/span><\/a><\/li>\n<li><a href=\"https:\/\/www.curierul.ro\/politia-ne-reaminteste-selfie-ul-pe-tren-nu-ia-like-uri-ia-vieti\/\" class=\"sharing-anchor sd-button share-more\"><span>Mai mult<\/span><\/a><\/li>\n<li class=\"share-end\"><\/ul>\n<div class=\"sharing-hidden\">\n<div class=\"inner\">\n<ul>\n<li class=\"share-email\"><a rel=\"nofollow noopener noreferrer\" data-shared=\"sharing-email-196108\" class=\"share-email sd-button\" href=\"mailto:?subject=%5BArticol%20partajat%5D%20Poli%C8%9Bia%20ne%20reaminte%C8%99te%3A%20%E2%80%9ESelfie-ul%20pe%20tren%20nu%20ia%20like-uri%2C%20ia%20vie%C8%9Bi%E2%80%9D&amp;body=https%3A%2F%2Fwww.curierul.ro%2Fpolitia-ne-reaminteste-selfie-ul-pe-tren-nu-ia-like-uri-ia-vieti%2F&amp;share=email\" target=\"_blank\" aria-labelledby=\"sharing-email-196108\" data-email-share-error-title=\"\u021ai-ai configurat emailul?\" data-email-share-error-text=\"Dac\u0103 ai probleme la partajarea prin email, probabil nu ai configurat emailul pentru navigator. Poate trebuie s\u0103 creezi singur un email nou.\" data-email-share-nonce=\"22678df02d\" data-email-share-track-url=\"https:\/\/www.curierul.ro\/politia-ne-reaminteste-selfie-ul-pe-tren-nu-ia-like-uri-ia-vieti\/?share=email\"><span id=\"sharing-email-196108\" hidden>D\u0103 clic pentru a trimite o leg\u0103tur\u0103 prin email unui prieten(Se deschide \u00eentr-o fereastr\u0103 nou\u0103)<\/span><span>Email<\/span><\/a><\/li>\n<li class=\"share-print\"><a rel=\"nofollow noopener noreferrer\" data-shared=\"sharing-print-196108\" class=\"share-print sd-button\" href=\"https:\/\/www.curierul.ro\/politia-ne-reaminteste-selfie-ul-pe-tren-nu-ia-like-uri-ia-vieti\/#print?share=print\" target=\"_blank\" aria-labelledby=\"sharing-print-196108\"><span id=\"sharing-print-196108\" hidden>D\u0103 clic pentru a imprima(Se deschide \u00eentr-o fereastr\u0103 nou\u0103)<\/span><span>Imprimare<\/span><\/a><\/li>\n<li class=\"share-end\"><\/ul>\n<\/div>\n<\/div>\n<\/div>\n<\/div>\n<\/div>\n<div id=\"jp-relatedposts\" class=\"jp-relatedposts\">\n<h3 class=\"jp-relatedposts-headline\"><em>Similare<\/em><\/h3>\n<\/div>\n<footer class=\"post-footer\">\n<p class=\"tags\"><strong>Tags: <\/strong><a href=\"https:\/\/www.curierul.ro\/tag\/like\/\" rel=\"tag\">like<\/a>, <a href=\"https:\/\/www.curierul.ro\/tag\/politia\/\" rel=\"tag\">politia<\/a>, <a href=\"https:\/\/www.curierul.ro\/tag\/selfie\/\" rel=\"tag\">selfie<\/a>, <a href=\"https:\/\/www.curierul.ro\/tag\/tren\/\" rel=\"tag\">tren<\/a>, <a href=\"https:\/\/www.curierul.ro\/tag\/vieti-2\/\" rel=\"tag\">vie\u021bi<\/a><\/p>\n<div class=\"post-navigation clearfix\">\n<div class=\"previous-post\">\n<div class=\"featured-photo\"><img loading=\"lazy\" decoding=\"async\" width=\"1219\" height=\"762\" src=\"https:\/\/analyse.optim.biz\/wp-content\/uploads\/2026\/01\/handbal-scm-rapid-3.jpeg\" class=\"attachment-post-thumbnail size-post-thumbnail wp-post-image\" title=\"handbal-scm-rapid-3\"><\/div>\n<p class=\"paginate-title\">\u00ab\u00ab <a href=\"https:\/\/www.curierul.ro\/impunatoarea-scm-ramnicu-valcea-35-25-cu-rapid-locul-4-in-clasament\/\" rel=\"prev\">IMPUN\u0102TOAREA SCM R\u00c2MNICU V\u00c2LCEA: 35-25 CU RAPID, LOCUL 4 \u00ceN CLASAMENT<\/a><\/p>\n<\/div>\n<div class=\"next-post\">\n<div class=\"featured-photo\"><img decoding=\"async\" width=\"2560\" height=\"1066\" src=\"https:\/\/analyse.optim.biz\/wp-content\/uploads\/2026\/01\/eisberg_linie-scaled-1-1.jpeg\" class=\"attachment-post-thumbnail size-post-thumbnail wp-post-image\" loading=\"lazy\" title=\"eisberg_linie-scaled-1-1\"><\/div>\n<p class=\"paginate-title\"><a href=\"https:\/\/www.curierul.ro\/eisberg-un-reper-privind-securitatea-alimentara-a-salatelor-gata-de-consum\/\" rel=\"next\">Eisberg, un reper privind securitatea alimentar\u0103 a salatelor gata de consum<\/a> \u00bb\u00bb<\/p>\n<\/div>\n<\/div>\n<div id=\"comments\" class=\"comments-area\">\n<div id=\"respond\" class=\"comment-respond\">\n<h3 id=\"reply-title\" class=\"comment-reply-title\">Po\u021bi comenta aici<small><a rel=\"nofollow\" id=\"cancel-comment-reply-link\" href=\"https:\/\/www.curierul.ro\/politia-ne-reaminteste-selfie-ul-pe-tren-nu-ia-like-uri-ia-vieti\/#respond\">Anuleaz\u0103 r\u0103spunsul<\/a><\/small><\/h3>\n<\/div>\n<p class=\"akismet_comment_form_privacy_notice\">Acest site folose\u0219te Akismet pentru a reduce spamul. <a href=\"https:\/\/akismet.com\/privacy\/\" target=\"_blank\" rel=\"nofollow noopener\">Afl\u0103 cum sunt procesate datele comentariilor tale<\/a>.<\/p>\n<\/div>\n<section class=\"latest-category clearfix\">\n<h2 class=\"title\">More Stories From Impact<\/h2>\n<div class=\"stories-container\">\n<article id=\"related-196109\" class=\"story post-196109 post type-post status-publish format-standard has-post-thumbnail hentry category-actualitate category-economie category-headlines category-impact category-zidezi\">\n<div class=\"photo\"><img decoding=\"async\" width=\"735\" height=\"440\" src=\"https:\/\/analyse.optim.biz\/wp-content\/uploads\/2026\/01\/cci-5.jpeg\" class=\"attachment-giornalismo-single size-giornalismo-single wp-post-image\" loading=\"lazy\" title=\"cci-5\"><\/div>\n<p class=\"headline\"><a href=\"https:\/\/www.curierul.ro\/vizita-elena-la-camera-de-comert-si-industrie-valcea\/\">Vizit\u0103 elen\u0103 la Camera de Comer\u021b \u0219i Industrie V\u00e2lcea<\/a><\/p>\n<\/article>\n<article id=\"related-196127\" class=\"story post-196127 post type-post status-publish format-standard has-post-thumbnail hentry category-impact category-politie category-social tag-adaptati tag-deplasare tag-politia-2 tag-recomanda tag-viteza-2\">\n<div class=\"photo\"><img decoding=\"async\" width=\"540\" height=\"315\" src=\"https:\/\/analyse.optim.biz\/wp-content\/uploads\/2026\/01\/viteza-4.jpeg\" class=\"attachment-giornalismo-single size-giornalismo-single wp-post-image\" loading=\"lazy\" title=\"viteza-4\"><\/div>\n<p class=\"headline\"><a href=\"https:\/\/www.curierul.ro\/politia-recomanda-adaptati-viteza-de-deplasare\/\">Poli\u021bia recomand\u0103: adapta\u021bi viteza de deplasare!<\/a><\/p>\n<\/article>\n<article id=\"related-195949\" class=\"story post-195949 post type-post status-publish format-standard has-post-thumbnail hentry category-actualitate category-impact category-politica tag-apavil tag-avarie tag-fara-apa-rece tag-ramnic-2 tag-strazi-2\">\n<div class=\"photo\"><img decoding=\"async\" width=\"735\" height=\"440\" src=\"https:\/\/analyse.optim.biz\/wp-content\/uploads\/2026\/01\/se-opreste-apa-640x400-1-40.png\" class=\"attachment-giornalismo-single size-giornalismo-single wp-post-image\" loading=\"lazy\" title=\"se-opreste-apa-640x400-1-40\"><\/div>\n<p class=\"headline\"><a href=\"https:\/\/www.curierul.ro\/apavil-anunta-avarie-pe-doua-strazi-din-ramnic-locuitorii-din-zona-sase-ore-fara-apa-rece-unde-cand-%f0%9f%91%87%f0%9f%8f%bb%f0%9f%91%87%f0%9f%8f%bb%f0%9f%91%87%f0%9f%8f%bb\/\">Apavil anun\u021b\u0103 avarie pe dou\u0103 str\u0103zi din R\u00e2mnic. Locuitorii din zon\u0103, \u0219ase ore f\u0103r\u0103 ap\u0103 rece. Unde, c\u00e2nd? \ud83d\udc47\ud83c\udffb\ud83d\udc47\ud83c\udffb\ud83d\udc47\ud83c\udffb<\/a><\/p>\n<\/article>\n<\/div>\n<\/section>\n<section class=\"author-bio clearfix\">\n<div class=\"mug-shot\"><img decoding=\"async\" src=\"https:\/\/analyse.optim.biz\/wp-content\/uploads\/2026\/01\/2a58d181c1d85262357d59db6fc29158130ca794fc45057783762a4c0eb9167f-80.jpg\" class=\"avatar avatar-96 photo\" height=\"96\" width=\"96\" loading=\"lazy\" title=\"2a58d181c1d85262357d59db6fc29158130ca794fc45057783762a4c0eb9167f-80\"><\/div>\n<div class=\"author-info\">\n<p class=\"title\">About Curierul de Valcea, <\/p>\n<div class=\"author-social-area\"><a href=\"mailto:curierul@curierul.ro\"><span class=\"fal fa-envelope\"><span class=\"screen-reader-text\">Email the Author<\/span><\/span><\/a><\/div>\n<\/div>\n<\/section>\n<\/footer>\n<\/article>\n<article id=\"196108\" class=\"post-196108 post type-post status-publish format-standard has-post-thumbnail hentry category-impact category-politie category-social tag-like tag-politia tag-selfie tag-tren tag-vieti-2\">\n<header class=\"post-header\">\n<ul class=\"breadcrumbs\">\n<li><a href=\"https:\/\/www.curierul.ro\">Home<\/a><\/li>\n<li class=\"breadcrumbs-active .category-impact\"><a href=\"https:\/\/www.curierul.ro\/index.php?cat=3426\">Impact<\/a><\/li>\n<li class=\"breadcrumbs-active .category-impact\">Poli\u021bia ne reaminte\u0219te: \u201eSelfie-ul pe tren nu ia like-uri, ia vie\u021bi\u201d<\/li>\n<\/ul>\n<div class=\"featured-photo\"><img loading=\"lazy\" decoding=\"async\" width=\"1512\" height=\"1374\" src=\"https:\/\/analyse.optim.biz\/wp-content\/uploads\/2026\/01\/politie-tren-e1769686281447-2.jpeg\" class=\"attachment-single size-single wp-post-image\" title=\"politie-tren-e1769686281447-2\"><\/div>\n<h1 class=\"headline\">Poli\u021bia ne reaminte\u0219te: \u201eSelfie-ul pe tren nu ia like-uri, ia vie\u021bi\u201d<\/h1>\n<p class=\"byline\">\n\t\tScris de<a href=\"https:\/\/www.curierul.ro\/author\/curierul\/\">Curierul de Valcea<\/a>, \t\t30 ianuarie 2026\t\t\t\t<\/p>\n<hr>\n<\/header>\n<p>Ieri (29 ianuarie 2026, n.r.) poli\u021bi\u0219tii Biroului Transporturi Feroviare si Biroului de Analiz\u0103 \u0219i Prevenire a Criminalit\u0103\u021bii din cadrul Inspectoratului de Poli\u021bie Jude\u021bean V\u00e2lcea au desf\u0103\u0219urat o ac\u021biune de informare \u0219i prevenire \u00een mijloacele de transport CFR pe ruta R\u00e2mnicu V\u00e2lcea \u2013 C\u0103lim\u0103ne\u0219ti, \u00een cadrul campaniei \u201eSelfie-ul pe tren nu ia like-uri, ia vie\u021bi\u201d, precum \u0219i pe linia prevenirii victimiz\u0103rii minorilor \u00een contextul consumului de substan\u021be.<\/p>\n<p>Activitatea a avut ca scop cre\u0219terea gradului de con\u0219tientizare a c\u0103l\u0103torilor, \u00een special a minorilor \u0219i tinerilor, cu privire la riscurile reale generate de comportamentele periculoase \u00een zona infrastructurii feroviare \u0219i de consumul de substan\u021be psihoactive, care pot conduce la accidente grave, victimizare \u0219i consecin\u021be legale.<\/p>\n<p>Pe parcursul ac\u021biunii, poli\u021bi\u0219tii au purtat discu\u021bii directe cu pasagerii, au distribuit materiale informative \u0219i au transmis mesaje preventive adaptate fiec\u0103rei categorii de v\u00e2rst\u0103, pun\u00e2nd accent pe responsabilitatea personal\u0103, siguran\u021ba \u00een mediul feroviar \u0219i importan\u021ba alegerilor corecte.<\/p>\n<p>Principalele recomand\u0103ri transmise comunit\u0103\u021bii au fost:<\/p>\n<ul>\n<li>Evitarea realiz\u0103rii de fotografii sau videoclipuri \u00een zone periculoase (\u00een apropierea liniilor de cale ferat\u0103, pe trenuri aflate \u00een mers sau sta\u021bionate). Un moment de neaten\u021bie poate avea consecin\u021be tragice.<\/li>\n<li>Respectarea regulilor de siguran\u021b\u0103 feroviar\u0103 \u0219i traversarea c\u0103ii ferate doar prin locuri special amenajate.<\/li>\n<li>Refuzul consumului de alcool, droguri sau alte substan\u021be interzise, mai ales \u00een r\u00e2ndul minorilor, \u00eentruc\u00e2t acestea afecteaz\u0103 capacitatea de a lua decizii corecte \u0219i cresc riscul de accidentare \u0219i victimizare.<\/li>\n<li>Neacceptarea provoc\u0103rilor sau a comportamentelor de tip \u201etrend\u201d care implic\u0103 riscuri fizice sau legale.<\/li>\n<li>Utilizarea responsabil\u0103 a re\u021belelor de socializare \u0219i con\u0219tientizarea faptului c\u0103 nu orice con\u021binut este sigur sau potrivit de replicat.<\/li>\n<\/ul>\n<p>De asemenea, p\u0103rin\u021bii au fost \u00eendemna\u021bi:<\/p>\n<ul>\n<li>s\u0103 men\u021bin\u0103 o comunicare deschis\u0103 cu copiii,<\/li>\n<li>s\u0103 fie aten\u021bi la eventuale schimb\u0103ri de comportament,<\/li>\n<li>s\u0103 se implice activ \u00een educa\u021bia preventiv\u0103 a acestora.<\/li>\n<\/ul>\n<p>Biroul Transporturi Feroviare si Biroul de Analiz\u0103 \u0219i Prevenire a Criminalit\u0103\u021bii din cadrul IPJ V\u00e2lcea\u00a0 va continua desf\u0103\u0219urarea unor astfel de activit\u0103\u021bi preventive, consider\u00e2nd c\u0103 informarea \u0219i educa\u021bia sunt cele mai eficiente instrumente pentru protejarea minorilor \u0219i pentru cre\u0219terea siguran\u021bei \u00een comunitate. Pentru c\u0103\u2026siguran\u021ba nu este un trend, este o responsabilitate.<\/p>\n<div class=\"sharedaddy sd-sharing-enabled\">\n<div class=\"robots-nocontent sd-block sd-social sd-social-official sd-sharing\">\n<h3 class=\"sd-title\">Distribuie pe:<\/h3>\n<div class=\"sd-content\">\n<ul>\n<li class=\"share-facebook\">\n<li class=\"share-twitter\"><a href=\"https:\/\/twitter.com\/share\" class=\"twitter-share-button\" data-url=\"https:\/\/www.curierul.ro\/politia-ne-reaminteste-selfie-ul-pe-tren-nu-ia-like-uri-ia-vieti\/\" data-text=\"Poli\u021bia ne reaminte\u0219te: \u201eSelfie-ul pe tren nu ia like-uri, ia vie\u021bi\u201d\" data-via=\"curierulvl\">Tweet<\/a><\/li>\n<li class=\"share-jetpack-whatsapp\"><a rel=\"nofollow noopener noreferrer\" data-shared=\"sharing-whatsapp-196108\" class=\"share-jetpack-whatsapp sd-button\" href=\"https:\/\/www.curierul.ro\/politia-ne-reaminteste-selfie-ul-pe-tren-nu-ia-like-uri-ia-vieti\/?share=jetpack-whatsapp\" target=\"_blank\" aria-labelledby=\"sharing-whatsapp-196108\"><span id=\"sharing-whatsapp-196108\" hidden>D\u0103 clic pentru partajare pe WhatsApp(Se deschide \u00eentr-o fereastr\u0103 nou\u0103)<\/span><span>WhatsApp<\/span><\/a><\/li>\n<li><a href=\"https:\/\/www.curierul.ro\/politia-ne-reaminteste-selfie-ul-pe-tren-nu-ia-like-uri-ia-vieti\/\" class=\"sharing-anchor sd-button share-more\"><span>Mai mult<\/span><\/a><\/li>\n<li class=\"share-end\"><\/ul>\n<div class=\"sharing-hidden\">\n<div class=\"inner\">\n<ul>\n<li class=\"share-email\"><a rel=\"nofollow noopener noreferrer\" data-shared=\"sharing-email-196108\" class=\"share-email sd-button\" href=\"mailto:?subject=%5BArticol%20partajat%5D%20Poli%C8%9Bia%20ne%20reaminte%C8%99te%3A%20%E2%80%9ESelfie-ul%20pe%20tren%20nu%20ia%20like-uri%2C%20ia%20vie%C8%9Bi%E2%80%9D&amp;body=https%3A%2F%2Fwww.curierul.ro%2Fpolitia-ne-reaminteste-selfie-ul-pe-tren-nu-ia-like-uri-ia-vieti%2F&amp;share=email\" target=\"_blank\" aria-labelledby=\"sharing-email-196108\" data-email-share-error-title=\"\u021ai-ai configurat emailul?\" data-email-share-error-text=\"Dac\u0103 ai probleme la partajarea prin email, probabil nu ai configurat emailul pentru navigator. Poate trebuie s\u0103 creezi singur un email nou.\" data-email-share-nonce=\"22678df02d\" data-email-share-track-url=\"https:\/\/www.curierul.ro\/politia-ne-reaminteste-selfie-ul-pe-tren-nu-ia-like-uri-ia-vieti\/?share=email\"><span id=\"sharing-email-196108\" hidden>D\u0103 clic pentru a trimite o leg\u0103tur\u0103 prin email unui prieten(Se deschide \u00eentr-o fereastr\u0103 nou\u0103)<\/span><span>Email<\/span><\/a><\/li>\n<li class=\"share-print\"><a rel=\"nofollow noopener noreferrer\" data-shared=\"sharing-print-196108\" class=\"share-print sd-button\" href=\"https:\/\/www.curierul.ro\/politia-ne-reaminteste-selfie-ul-pe-tren-nu-ia-like-uri-ia-vieti\/#print?share=print\" target=\"_blank\" aria-labelledby=\"sharing-print-196108\"><span id=\"sharing-print-196108\" hidden>D\u0103 clic pentru a imprima(Se deschide \u00eentr-o fereastr\u0103 nou\u0103)<\/span><span>Imprimare<\/span><\/a><\/li>\n<li class=\"share-end\"><\/ul>\n<\/div>\n<\/div>\n<\/div>\n<\/div>\n<\/div>\n<div id=\"jp-relatedposts\" class=\"jp-relatedposts\">\n<h3 class=\"jp-relatedposts-headline\"><em>Similare<\/em><\/h3>\n<\/div>\n<footer class=\"post-footer\">\n<p class=\"tags\"><strong>Tags: <\/strong><a href=\"https:\/\/www.curierul.ro\/tag\/like\/\" rel=\"tag\">like<\/a>, <a href=\"https:\/\/www.curierul.ro\/tag\/politia\/\" rel=\"tag\">politia<\/a>, <a href=\"https:\/\/www.curierul.ro\/tag\/selfie\/\" rel=\"tag\">selfie<\/a>, <a href=\"https:\/\/www.curierul.ro\/tag\/tren\/\" rel=\"tag\">tren<\/a>, <a href=\"https:\/\/www.curierul.ro\/tag\/vieti-2\/\" rel=\"tag\">vie\u021bi<\/a><\/p>\n<div class=\"post-navigation clearfix\">\n<div class=\"previous-post\">\n<div class=\"featured-photo\"><img loading=\"lazy\" decoding=\"async\" width=\"1219\" height=\"762\" src=\"https:\/\/analyse.optim.biz\/wp-content\/uploads\/2026\/01\/handbal-scm-rapid-3.jpeg\" class=\"attachment-post-thumbnail size-post-thumbnail wp-post-image\" title=\"handbal-scm-rapid-3\"><\/div>\n<p class=\"paginate-title\">\u00ab\u00ab <a href=\"https:\/\/www.curierul.ro\/impunatoarea-scm-ramnicu-valcea-35-25-cu-rapid-locul-4-in-clasament\/\" rel=\"prev\">IMPUN\u0102TOAREA SCM R\u00c2MNICU V\u00c2LCEA: 35-25 CU RAPID, LOCUL 4 \u00ceN CLASAMENT<\/a><\/p>\n<\/div>\n<div class=\"next-post\">\n<div class=\"featured-photo\"><img decoding=\"async\" width=\"2560\" height=\"1066\" src=\"https:\/\/analyse.optim.biz\/wp-content\/uploads\/2026\/01\/eisberg_linie-scaled-1-1.jpeg\" class=\"attachment-post-thumbnail size-post-thumbnail wp-post-image\" loading=\"lazy\" title=\"eisberg_linie-scaled-1-1\"><\/div>\n<p class=\"paginate-title\"><a href=\"https:\/\/www.curierul.ro\/eisberg-un-reper-privind-securitatea-alimentara-a-salatelor-gata-de-consum\/\" rel=\"next\">Eisberg, un reper privind securitatea alimentar\u0103 a salatelor gata de consum<\/a> \u00bb\u00bb<\/p>\n<\/div>\n<\/div>\n<div id=\"comments\" class=\"comments-area\">\n<div id=\"respond\" class=\"comment-respond\">\n<h3 id=\"reply-title\" class=\"comment-reply-title\">Po\u021bi comenta aici<small><a rel=\"nofollow\" id=\"cancel-comment-reply-link\" href=\"https:\/\/www.curierul.ro\/politia-ne-reaminteste-selfie-ul-pe-tren-nu-ia-like-uri-ia-vieti\/#respond\">Anuleaz\u0103 r\u0103spunsul<\/a><\/small><\/h3>\n<\/div>\n<p class=\"akismet_comment_form_privacy_notice\">Acest site folose\u0219te Akismet pentru a reduce spamul. <a href=\"https:\/\/akismet.com\/privacy\/\" target=\"_blank\" rel=\"nofollow noopener\">Afl\u0103 cum sunt procesate datele comentariilor tale<\/a>.<\/p>\n<\/div>\n<section class=\"latest-category clearfix\">\n<h2 class=\"title\">More Stories From Impact<\/h2>\n<div class=\"stories-container\">\n<article id=\"related-196109\" class=\"story post-196109 post type-post status-publish format-standard has-post-thumbnail hentry category-actualitate category-economie category-headlines category-impact category-zidezi\">\n<div class=\"photo\"><img decoding=\"async\" width=\"735\" height=\"440\" src=\"https:\/\/analyse.optim.biz\/wp-content\/uploads\/2026\/01\/cci-5.jpeg\" class=\"attachment-giornalismo-single size-giornalismo-single wp-post-image\" loading=\"lazy\" title=\"cci-5\"><\/div>\n<p class=\"headline\"><a href=\"https:\/\/www.curierul.ro\/vizita-elena-la-camera-de-comert-si-industrie-valcea\/\">Vizit\u0103 elen\u0103 la Camera de Comer\u021b \u0219i Industrie V\u00e2lcea<\/a><\/p>\n<\/article>\n<article id=\"related-196127\" class=\"story post-196127 post type-post status-publish format-standard has-post-thumbnail hentry category-impact category-politie category-social tag-adaptati tag-deplasare tag-politia-2 tag-recomanda tag-viteza-2\">\n<div class=\"photo\"><img decoding=\"async\" width=\"540\" height=\"315\" src=\"https:\/\/analyse.optim.biz\/wp-content\/uploads\/2026\/01\/viteza-4.jpeg\" class=\"attachment-giornalismo-single size-giornalismo-single wp-post-image\" loading=\"lazy\" title=\"viteza-4\"><\/div>\n<p class=\"headline\"><a href=\"https:\/\/www.curierul.ro\/politia-recomanda-adaptati-viteza-de-deplasare\/\">Poli\u021bia recomand\u0103: adapta\u021bi viteza de deplasare!<\/a><\/p>\n<\/article>\n<article id=\"related-195949\" class=\"story post-195949 post type-post status-publish format-standard has-post-thumbnail hentry category-actualitate category-impact category-politica tag-apavil tag-avarie tag-fara-apa-rece tag-ramnic-2 tag-strazi-2\">\n<div class=\"photo\"><img decoding=\"async\" width=\"735\" height=\"440\" src=\"https:\/\/analyse.optim.biz\/wp-content\/uploads\/2026\/01\/se-opreste-apa-640x400-1-40.png\" class=\"attachment-giornalismo-single size-giornalismo-single wp-post-image\" loading=\"lazy\" title=\"se-opreste-apa-640x400-1-40\"><\/div>\n<p class=\"headline\"><a href=\"https:\/\/www.curierul.ro\/apavil-anunta-avarie-pe-doua-strazi-din-ramnic-locuitorii-din-zona-sase-ore-fara-apa-rece-unde-cand-%f0%9f%91%87%f0%9f%8f%bb%f0%9f%91%87%f0%9f%8f%bb%f0%9f%91%87%f0%9f%8f%bb\/\">Apavil anun\u021b\u0103 avarie pe dou\u0103 str\u0103zi din R\u00e2mnic. Locuitorii din zon\u0103, \u0219ase ore f\u0103r\u0103 ap\u0103 rece. Unde, c\u00e2nd? \ud83d\udc47\ud83c\udffb\ud83d\udc47\ud83c\udffb\ud83d\udc47\ud83c\udffb<\/a><\/p>\n<\/article>\n<\/div>\n<\/section>\n<section class=\"author-bio clearfix\">\n<div class=\"mug-shot\"><img decoding=\"async\" src=\"https:\/\/analyse.optim.biz\/wp-content\/uploads\/2026\/01\/2a58d181c1d85262357d59db6fc29158130ca794fc45057783762a4c0eb9167f-80.jpg\" class=\"avatar avatar-96 photo\" height=\"96\" width=\"96\" loading=\"lazy\" title=\"2a58d181c1d85262357d59db6fc29158130ca794fc45057783762a4c0eb9167f-80\"><\/div>\n<div class=\"author-info\">\n<p class=\"title\">About Curierul de Valcea, <\/p>\n<div class=\"author-social-area\"><a href=\"mailto:curierul@curierul.ro\"><span class=\"fal fa-envelope\"><span class=\"screen-reader-text\">Email the Author<\/span><\/span><\/a><\/div>\n<\/div>\n<\/section>\n<\/footer>\n<\/article>\n<article id=\"related-196109\" class=\"story post-196109 post type-post status-publish format-standard has-post-thumbnail hentry category-actualitate category-economie category-headlines category-impact category-zidezi\">\n<div class=\"photo\"><img decoding=\"async\" width=\"735\" height=\"440\" src=\"https:\/\/analyse.optim.biz\/wp-content\/uploads\/2026\/01\/cci-5.jpeg\" class=\"attachment-giornalismo-single size-giornalismo-single wp-post-image\" loading=\"lazy\" title=\"cci-5\"><\/div>\n<p class=\"headline\"><a href=\"https:\/\/www.curierul.ro\/vizita-elena-la-camera-de-comert-si-industrie-valcea\/\">Vizit\u0103 elen\u0103 la Camera de Comer\u021b \u0219i Industrie V\u00e2lcea<\/a><\/p>\n<\/article>\n<article id=\"related-196127\" class=\"story post-196127 post type-post status-publish format-standard has-post-thumbnail hentry category-impact category-politie category-social tag-adaptati tag-deplasare tag-politia-2 tag-recomanda tag-viteza-2\">\n<div class=\"photo\"><img decoding=\"async\" width=\"540\" height=\"315\" src=\"https:\/\/analyse.optim.biz\/wp-content\/uploads\/2026\/01\/viteza-4.jpeg\" class=\"attachment-giornalismo-single size-giornalismo-single wp-post-image\" loading=\"lazy\" title=\"viteza-4\"><\/div>\n<p class=\"headline\"><a href=\"https:\/\/www.curierul.ro\/politia-recomanda-adaptati-viteza-de-deplasare\/\">Poli\u021bia recomand\u0103: adapta\u021bi viteza de deplasare!<\/a><\/p>\n<\/article>\n<article id=\"related-195949\" class=\"story post-195949 post type-post status-publish format-standard has-post-thumbnail hentry category-actualitate category-impact category-politica tag-apavil tag-avarie tag-fara-apa-rece tag-ramnic-2 tag-strazi-2\">\n<div class=\"photo\"><img decoding=\"async\" width=\"735\" height=\"440\" src=\"https:\/\/analyse.optim.biz\/wp-content\/uploads\/2026\/01\/se-opreste-apa-640x400-1-40.png\" class=\"attachment-giornalismo-single size-giornalismo-single wp-post-image\" loading=\"lazy\" title=\"se-opreste-apa-640x400-1-40\"><\/div>\n<p class=\"headline\"><a href=\"https:\/\/www.curierul.ro\/apavil-anunta-avarie-pe-doua-strazi-din-ramnic-locuitorii-din-zona-sase-ore-fara-apa-rece-unde-cand-%f0%9f%91%87%f0%9f%8f%bb%f0%9f%91%87%f0%9f%8f%bb%f0%9f%91%87%f0%9f%8f%bb\/\">Apavil anun\u021b\u0103 avarie pe dou\u0103 str\u0103zi din R\u00e2mnic. Locuitorii din zon\u0103, \u0219ase ore f\u0103r\u0103 ap\u0103 rece. Unde, c\u00e2nd? \ud83d\udc47\ud83c\udffb\ud83d\udc47\ud83c\udffb\ud83d\udc47\ud83c\udffb<\/a><\/p>\n<\/article>\n<p> Source URL: https:\/\/www.curierul.ro\/politia-ne-reaminteste-selfie-ul-pe-tren-nu-ia-like-uri-ia-vieti\/<\/p>\n","protected":false},"excerpt":{"rendered":"<p>Home Impact Poli\u021bia ne reaminte\u0219te: \u201eSelfie-ul pe tren nu ia like-uri, ia vie\u021bi\u201d Poli\u021bia ne reaminte\u0219te: \u201eSelfie-ul pe tren nu ia like-uri, ia vie\u021bi\u201d Scris deCurierul de Valcea, 30 ianuarie 2026 Ieri (29 ianuarie 2026, n.r.) poli\u021bi\u0219tii Biroului Transporturi Feroviare si Biroului de Analiz\u0103 \u0219i Prevenire a Criminalit\u0103\u021bii din cadrul Inspectoratului de Poli\u021bie Jude\u021bean V\u00e2lcea [&hellip;]<\/p>\n","protected":false},"author":1,"featured_media":1579316,"comment_status":"open","ping_status":"","sticky":false,"template":"","format":"standard","meta":{"footnotes":""},"categories":[89],"tags":[213],"class_list":["post-1579312","post","type-post","status-publish","format-standard","has-post-thumbnail","hentry","category-romania","tag-curierul-ro"],"_links":{"self":[{"href":"https:\/\/analyse.optim.biz\/index.php?rest_route=\/wp\/v2\/posts\/1579312","targetHints":{"allow":["GET"]}}],"collection":[{"href":"https:\/\/analyse.optim.biz\/index.php?rest_route=\/wp\/v2\/posts"}],"about":[{"href":"https:\/\/analyse.optim.biz\/index.php?rest_route=\/wp\/v2\/types\/post"}],"author":[{"embeddable":true,"href":"https:\/\/analyse.optim.biz\/index.php?rest_route=\/wp\/v2\/users\/1"}],"replies":[{"embeddable":true,"href":"https:\/\/analyse.optim.biz\/index.php?rest_route=%2Fwp%2Fv2%2Fcomments&post=1579312"}],"version-history":[{"count":0,"href":"https:\/\/analyse.optim.biz\/index.php?rest_route=\/wp\/v2\/posts\/1579312\/revisions"}],"wp:featuredmedia":[{"embeddable":true,"href":"https:\/\/analyse.optim.biz\/index.php?rest_route=\/wp\/v2\/media\/1579316"}],"wp:attachment":[{"href":"https:\/\/analyse.optim.biz\/index.php?rest_route=%2Fwp%2Fv2%2Fmedia&parent=1579312"}],"wp:term":[{"taxonomy":"category","embeddable":true,"href":"https:\/\/analyse.optim.biz\/index.php?rest_route=%2Fwp%2Fv2%2Fcategories&post=1579312"},{"taxonomy":"post_tag","embeddable":true,"href":"https:\/\/analyse.optim.biz\/index.php?rest_route=%2Fwp%2Fv2%2Ftags&post=1579312"}],"curies":[{"name":"wp","href":"https:\/\/api.w.org\/{rel}","templated":true}]}}